{"id":3304,"date":"2015-07-29T04:23:39","date_gmt":"2015-07-29T04:23:39","guid":{"rendered":"https:\/\/armstrongyregion.com.ar\/diario\/?p=3304"},"modified":"2015-07-29T04:23:39","modified_gmt":"2015-07-29T04:23:39","slug":"diego-mansilla-recorrio-la-obra-de-la-nueva-escuela-primaria-de-la-ciudad-de-las-parejas","status":"publish","type":"post","link":"https:\/\/armstrongyregion.com.ar\/diario\/diego-mansilla-recorrio-la-obra-de-la-nueva-escuela-primaria-de-la-ciudad-de-las-parejas\/","title":{"rendered":"Diego Mansilla recorri\u00f3 la obra de la Nueva Escuela Primaria de la ciudad de Las Parejas."},"content":{"rendered":"<p><a href=\"http:\/\/armstrongyregion.com.ar\/diario\/wp-content\/uploads\/2015\/07\/Diego-Mansilla-LP-1-1.jpg\"><img loading=\"lazy\" decoding=\"async\" class=\"alignnone size-medium wp-image-3305\" src=\"http:\/\/armstrongyregion.com.ar\/diario\/wp-content\/uploads\/2015\/07\/Diego-Mansilla-LP-1-1-300x169.jpg\" alt=\"Diego Mansilla-Armstrong-y-region-\" width=\"300\" height=\"169\" srcset=\"https:\/\/armstrongyregion.com.ar\/diario\/wp-content\/uploads\/2015\/07\/Diego-Mansilla-LP-1-1-300x169.jpg 300w, https:\/\/armstrongyregion.com.ar\/diario\/wp-content\/uploads\/2015\/07\/Diego-Mansilla-LP-1-1-1024x576.jpg 1024w, https:\/\/armstrongyregion.com.ar\/diario\/wp-content\/uploads\/2015\/07\/Diego-Mansilla-LP-1-1.jpg 1280w\" sizes=\"auto, (max-width: 300px) 100vw, 300px\" \/><\/a>\u201cTodos los d\u00edas profundizamos el compromiso con la educaci\u00f3n p\u00fablica\u201d.<br \/>\n\u201cHoy es un d\u00eda de enorme felicidad porque en mi querida ciudad de Las Parejas comenz\u00f3 la construcci\u00f3n de la Nueva Escuela Primaria de Barrio Belgrano y es un sue\u00f1o que se hace realidad que demuestra una vez m\u00e1s el trabajo y la enorme gesti\u00f3n que venimos realizando junto con el Gobierno Nacional desde el 2003\u201d, dijo hoy el intendente de esa localidad y candidato al Parlasur por el Frente para la Victoria, Diego Mansilla.<\/p>\n<p>En su visita al terreno donde comenz\u00f3 la construcci\u00f3n del nuevo establecimiento educativo y que cont\u00f3 con un aporte del Estado Nacional de 16 millones de pesos, Diego Mansilla estuvo acompa\u00f1ado por el Intendente electo de Las Parejas, Horacio Compagnucci, el Senador electo Guillermo Cornaglia y la Secretaria de Educaci\u00f3n y Cultura, Erica Molteni.<\/p>\n<p>\u201cEsta es una obra de much\u00edsima importan y que trae un mejor futuro para Las Parejas. Nos enorgullece y nos llena de felicidad poder ver y sentir d\u00eda tras d\u00eda que los objetivos que nos fuimos proponiendo se cumplen y continuaremos por esta senda de crecimiento y de inclusi\u00f3n con justicia social porque trabajamos para seguir profundizando nuestro inclaudicable compromiso con la educaci\u00f3n p\u00fablica\u201d, sostuvo Diego Mansilla, actual Intendente de Las Parejas y candidato al Parlasur por el Frente para la Victoria de la provincia de Santa Fe.<\/p>\n<p>Adem\u00e1s, Diego Mansilla, recorri\u00f3 el edificio de la Escuela 1232 de Barrio Alborada de Las Parejas y estuvo acompa\u00f1ado por su Vice Directora, M\u00f3nica N\u00f3bile, y el Presidente de la Cooperadora, Marcelo Pons. En ese establecimiento educativo se realizaron obras de refacci\u00f3n en tres aulas con un aporte del Gobierno Nacional que alcanz\u00f3 los 80 mil pesos y tambi\u00e9n se est\u00e1 construyendo un nuevo sal\u00f3n y se adquirieron equipos con aportes municipales del Fondo de Asistencia Educativa.<\/p>\n<p>\u201cTengo que hacer extensivas mis felicitaciones a todos los directivos, a los docentes, cooperadores, padres y alumnos por todo el trabajo y el esfuerzo que realizaron para que la escuela crezca d\u00eda tras d\u00eda\u201d, expres\u00f3 Diego Mansilla y por \u00faltimo a\u00f1adi\u00f3: \u201cEl compromiso asumido con la educaci\u00f3n p\u00fablica desde el gobierno nacional se profundiza desde que N\u00e9stor Kirchner impuls\u00f3 el aumento del presupuesto educativo y empez\u00f3 a recuperarse la dignidad en los escuelas, tanto de los maestros como de los alumnos y los padres con la vuelta del empleo, las paritarias, los derechos sociales\u201d.<\/p>\n","protected":false},"excerpt":{"rendered":"<p>\u201cTodos los d\u00edas profundizamos el compromiso con la educaci\u00f3n p\u00fablica\u201d. \u201cHoy es un d\u00eda de enorme felicidad porque en mi querida ciudad de Las Parejas comenz\u00f3 la construcci\u00f3n de la Nueva Escuela Primaria de Barrio Belgrano y es un sue\u00f1o que se hace realidad que demuestra una vez m\u00e1s el trabajo y la enorme gesti\u00f3n <a href=\"https:\/\/armstrongyregion.com.ar\/diario\/diego-mansilla-recorrio-la-obra-de-la-nueva-escuela-primaria-de-la-ciudad-de-las-parejas\/\" title=\"Read more\" >&#8230;<\/a><\/p>\n","protected":false},"author":2,"featured_media":3305,"comment_status":"open","ping_status":"open","sticky":false,"template":"","format":"standard","meta":{"_jetpack_memberships_contains_paid_content":false,"footnotes":"","jetpack_publicize_message":"","jetpack_publicize_feature_enabled":true,"jetpack_social_post_already_shared":false,"jetpack_social_options":{"image_generator_settings":{"template":"highway","default_image_id":0,"enabled":false},"version":2}},"categories":[1,7,3],"tags":[390,19,990,744,31,23,991,275,635,24,745,287],"class_list":["post-3304","post","type-post","status-publish","format-standard","has-post-thumbnail","hentry","category-diario-armstrong","category-politica","category-region","tag-ciudad","tag-de","tag-diego","tag-escuela","tag-la","tag-las","tag-mansilla","tag-nueva","tag-obra","tag-parejas","tag-primaria","tag-recorrio"],"jetpack_publicize_connections":[],"jetpack_featured_media_url":"https:\/\/armstrongyregion.com.ar\/diario\/wp-content\/uploads\/2015\/07\/Diego-Mansilla-LP-1-1.jpg","jetpack_shortlink":"https:\/\/wp.me\/p62QDO-Ri","jetpack_sharing_enabled":true,"amp_enabled":true,"_links":{"self":[{"href":"https:\/\/armstrongyregion.com.ar\/diario\/wp-json\/wp\/v2\/posts\/3304","targetHints":{"allow":["GET"]}}],"collection":[{"href":"https:\/\/armstrongyregion.com.ar\/diario\/wp-json\/wp\/v2\/posts"}],"about":[{"href":"https:\/\/armstrongyregion.com.ar\/diario\/wp-json\/wp\/v2\/types\/post"}],"author":[{"embeddable":true,"href":"https:\/\/armstrongyregion.com.ar\/diario\/wp-json\/wp\/v2\/users\/2"}],"replies":[{"embeddable":true,"href":"https:\/\/armstrongyregion.com.ar\/diario\/wp-json\/wp\/v2\/comments?post=3304"}],"version-history":[{"count":0,"href":"https:\/\/armstrongyregion.com.ar\/diario\/wp-json\/wp\/v2\/posts\/3304\/revisions"}],"wp:featuredmedia":[{"embeddable":true,"href":"https:\/\/armstrongyregion.com.ar\/diario\/wp-json\/wp\/v2\/media\/3305"}],"wp:attachment":[{"href":"https:\/\/armstrongyregion.com.ar\/diario\/wp-json\/wp\/v2\/media?parent=3304"}],"wp:term":[{"taxonomy":"category","embeddable":true,"href":"https:\/\/armstrongyregion.com.ar\/diario\/wp-json\/wp\/v2\/categories?post=3304"},{"taxonomy":"post_tag","embeddable":true,"href":"https:\/\/armstrongyregion.com.ar\/diario\/wp-json\/wp\/v2\/tags?post=3304"}],"curies":[{"name":"wp","href":"https:\/\/api.w.org\/{rel}","templated":true}]}}