{"id":33024,"date":"2022-01-21T18:08:10","date_gmt":"2022-01-21T18:08:10","guid":{"rendered":"https:\/\/armstrongyregion.com.ar\/diario\/?p=33024"},"modified":"2022-01-21T18:08:13","modified_gmt":"2022-01-21T18:08:13","slug":"anibal-pachano-fue-distinguido-con-el-premio-julio-migno-2021","status":"publish","type":"post","link":"https:\/\/armstrongyregion.com.ar\/diario\/anibal-pachano-fue-distinguido-con-el-premio-julio-migno-2021\/","title":{"rendered":"Anibal Pachano fue distinguido con el Premio \u00abJulio Migno 2021\u00bb"},"content":{"rendered":"\n<figure class=\"wp-block-image size-large\"><img loading=\"lazy\" decoding=\"async\" width=\"690\" height=\"377\" src=\"http:\/\/armstrongyregion.com.ar\/diario\/wp-content\/uploads\/2022\/01\/giaccone-pachano.jpg\" alt=\"\" class=\"wp-image-33025\" srcset=\"https:\/\/armstrongyregion.com.ar\/diario\/wp-content\/uploads\/2022\/01\/giaccone-pachano.jpg 690w, https:\/\/armstrongyregion.com.ar\/diario\/wp-content\/uploads\/2022\/01\/giaccone-pachano-300x164.jpg 300w\" sizes=\"auto, (max-width: 690px) 100vw, 690px\" \/><\/figure>\n\n\n\n<p>Durante la funci\u00f3n de la imponente obra\u00a0<strong>\u00abAs\u00ed Vuelvo\u00bb<\/strong>\u00a0llevada a cabo en el\u00a0<strong>Teatro Acuario<\/strong>\u00a0de Villa Carlos Paz; el \u00faltimo<strong>\u00a0jueves 20<\/strong>\u00a0, integrantes del\u00a0<strong>Ente Cultural Santafesino<\/strong>\u00a0hicieron entrega de la estatuilla elaborada por el artesano mocovi y sanjavierino\u00a0<strong>N\u00e9stor Lanche<\/strong>\u00a0quien elabor\u00f3 esta s\u00e9ptima premiaci\u00f3n provincial.<\/p>\n\n\n\n<figure class=\"wp-block-image size-large\"><img loading=\"lazy\" decoding=\"async\" width=\"512\" height=\"384\" src=\"http:\/\/armstrongyregion.com.ar\/diario\/wp-content\/uploads\/2022\/01\/giaccone2-.jpg\" alt=\"\" class=\"wp-image-33026\" srcset=\"https:\/\/armstrongyregion.com.ar\/diario\/wp-content\/uploads\/2022\/01\/giaccone2-.jpg 512w, https:\/\/armstrongyregion.com.ar\/diario\/wp-content\/uploads\/2022\/01\/giaccone2--300x225.jpg 300w\" sizes=\"auto, (max-width: 512px) 100vw, 512px\" \/><\/figure>\n\n\n\n<p>De la distinci\u00f3n form\u00f3 parte&nbsp;<strong>Claudia Giaccone&nbsp;madrina del Ente Cultural Santafesino<\/strong>,&nbsp;<strong>Franco Pietrani \u2013 Secretario de Cultura de Acebal<\/strong>&nbsp;y&nbsp;<strong>Jos\u00e9 Medina Subsecretario de Cultura de la ciudad de Tostado.<\/strong><\/p>\n\n\n\n<p><em>\u00abEsta premiaci\u00f3n es el resultado de la designaci\u00f3n de cada comunidad adherida a nuestro Ente Cultural Santafesino. M\u00e1s de cien localidades llevan adelante este proceso de selecci\u00f3n hasta llegar a los siete representantes de cada una de las Usinas Culturales\u00bb<\/em>, manifest\u00f3&nbsp;<strong>Claudia Giaccone<\/strong><\/p>\n\n\n\n<p><em>\u00abAn\u00edbal Pachano siempre tiene presente a su Tostado natal y hoy en esta obra pudimos disfrutar de toda su trayectoria y calidad como artista perteneciente a nuestro norte santafesino\u00bb<\/em>, se\u00f1al\u00f3 Jos\u00e9 Medina.<\/p>\n\n\n\n<p><strong><em>An\u00edbal Pachano<\/em><\/strong><\/p>\n\n\n\n<p><em>Naci\u00f3 en Tostado, es bailar\u00edn, core\u00f3grafo, director teatral, y&nbsp;arquitecto. En varias oportunidades incursion\u00f3 como&nbsp;actor.<\/em><\/p>\n\n\n\n<p><em>Comenz\u00f3 su carrera art\u00edstica como bailar\u00edn y core\u00f3grafo en 1982, con su grupo de baile Bottom Tap. Pero, en el a\u00f1o 2009 en el programa&nbsp;Showmatch, con su secci\u00f3n en aquel entonces que es&nbsp;El musical de tus sue\u00f1os, adquiri\u00f3 mayor popularidad y particip\u00f3 como jurado.<\/em><\/p>\n\n\n\n<p><em>Durante tres a\u00f1os, An\u00edbal fue jurado del pol\u00e9mico reality show de baile&nbsp;Bailando por un sue\u00f1o Argentina, segmento de Showmatch y versi\u00f3n argentina del reality de baile mexicano hom\u00f3nimo, y realiza giras por el pa\u00eds con su obra teatral&nbsp;Pour La Gallery.<\/em><\/p>\n\n\n\n<p><em>En el a\u00f1o&nbsp;2011&nbsp;particip\u00f3 del&nbsp;desfile&nbsp;del \u00abMar del Plata Moda Show\u00bb, al a\u00f1o siguiente, present\u00f3 su exitosa obra \u00abSmail\u00bb en la temporada de Carlos Paz, luego realiz\u00f3 gira por todo el Pa\u00eds y despu\u00e9s pas\u00f3 por otros pa\u00edses como&nbsp;Paraguay,&nbsp;Uruguay&nbsp;y&nbsp;Chile.<\/em><\/p>\n\n\n\n<p><em>En 2020, fue jurado de las competencias folcl\u00f3rica e internacional de la edici\u00f3n 61 del&nbsp;Festival Internacional de la Canci\u00f3n de Vi\u00f1a del Mar, en&nbsp;Chile. Adem\u00e1s, fue jurado del reality show de baile&nbsp;Bailando por un sue\u00f1o Chile, versi\u00f3n chilena del reality de baile mexicano del mismo nombre.<\/em><\/p>\n\n\n\n<p>El&nbsp;<strong>Premio Provincial Julio Migno&nbsp;<\/strong>surgi\u00f3 a propuesta del sanjavierino&nbsp;<strong>Alejandro Vivas&nbsp;<\/strong>siendo materializado el sue\u00f1o del gran escritor sanjavierino&nbsp;<strong>Don Julio Migno<\/strong>. Dicho reconocimiento esta destinado a aquellas personas que se destaquen en el \u00e1mbito cultural y social; siendo corporizado en la imagen del jesuita Florian Paucke abrazando a un ni\u00f1o mocov\u00ed, con una estatuilla elaborada en barro por el artesano sanjavierino&nbsp;<strong>N\u00e9stor Lanche<\/strong><em><strong>.&nbsp;<\/strong><\/em><\/p>\n\n\n\n<p><strong>Este es el s\u00e9ptimo premio que se entrega a trav\u00e9s de la designaci\u00f3n y elecci\u00f3n de las distintas Usinas Culturales. Anteriormente los galardonados fueron:&nbsp;<em>Alfredo Salte\u00f1o (Colonia Dolores), Prof. Juan A. Kluczkiewicz (Gessler), Mtro. Omar Fiordelmondo (Labordeboy), Julian Ratti (Rafaela)<\/em>,&nbsp;<em>Claudia Giaccone (Casilda)<\/em><\/strong>&nbsp;y&nbsp;<strong><em>Orlando Veracruz (Sauce Viejo)<\/em><\/strong><\/p>\n","protected":false},"excerpt":{"rendered":"<p>Durante la funci\u00f3n de la imponente obra\u00a0\u00abAs\u00ed Vuelvo\u00bb\u00a0llevada a cabo en el\u00a0Teatro Acuario\u00a0de Villa Carlos Paz; el \u00faltimo\u00a0jueves 20\u00a0, integrantes del\u00a0Ente Cultural Santafesino\u00a0hicieron entrega de la estatuilla elaborada por el artesano mocovi y sanjavierino\u00a0N\u00e9stor Lanche\u00a0quien elabor\u00f3 esta s\u00e9ptima premiaci\u00f3n provincial. De la distinci\u00f3n form\u00f3 parte&nbsp;Claudia Giaccone&nbsp;madrina del Ente Cultural Santafesino,&nbsp;Franco Pietrani \u2013 Secretario de Cultura <a href=\"https:\/\/armstrongyregion.com.ar\/diario\/anibal-pachano-fue-distinguido-con-el-premio-julio-migno-2021\/\" title=\"Read more\" >&#8230;<\/a><\/p>\n","protected":false},"author":1,"featured_media":33025,"comment_status":"open","ping_status":"open","sticky":false,"template":"","format":"image","meta":{"_jetpack_memberships_contains_paid_content":false,"footnotes":"","jetpack_publicize_message":"","jetpack_publicize_feature_enabled":true,"jetpack_social_post_already_shared":true,"jetpack_social_options":{"image_generator_settings":{"template":"highway","default_image_id":0,"enabled":false},"version":2}},"categories":[6,8,1,2,7,3],"tags":[],"class_list":["post-33024","post","type-post","status-publish","format-image","has-post-thumbnail","hentry","category-cultura-entretenimiento","category-deliberando","category-diario-armstrong","category-locales","category-politica","category-region","post_format-post-format-image"],"jetpack_publicize_connections":[],"jetpack_featured_media_url":"https:\/\/armstrongyregion.com.ar\/diario\/wp-content\/uploads\/2022\/01\/giaccone-pachano.jpg","jetpack_shortlink":"https:\/\/wp.me\/p62QDO-8AE","jetpack_sharing_enabled":true,"amp_enabled":true,"_links":{"self":[{"href":"https:\/\/armstrongyregion.com.ar\/diario\/wp-json\/wp\/v2\/posts\/33024","targetHints":{"allow":["GET"]}}],"collection":[{"href":"https:\/\/armstrongyregion.com.ar\/diario\/wp-json\/wp\/v2\/posts"}],"about":[{"href":"https:\/\/armstrongyregion.com.ar\/diario\/wp-json\/wp\/v2\/types\/post"}],"author":[{"embeddable":true,"href":"https:\/\/armstrongyregion.com.ar\/diario\/wp-json\/wp\/v2\/users\/1"}],"replies":[{"embeddable":true,"href":"https:\/\/armstrongyregion.com.ar\/diario\/wp-json\/wp\/v2\/comments?post=33024"}],"version-history":[{"count":1,"href":"https:\/\/armstrongyregion.com.ar\/diario\/wp-json\/wp\/v2\/posts\/33024\/revisions"}],"predecessor-version":[{"id":33027,"href":"https:\/\/armstrongyregion.com.ar\/diario\/wp-json\/wp\/v2\/posts\/33024\/revisions\/33027"}],"wp:featuredmedia":[{"embeddable":true,"href":"https:\/\/armstrongyregion.com.ar\/diario\/wp-json\/wp\/v2\/media\/33025"}],"wp:attachment":[{"href":"https:\/\/armstrongyregion.com.ar\/diario\/wp-json\/wp\/v2\/media?parent=33024"}],"wp:term":[{"taxonomy":"category","embeddable":true,"href":"https:\/\/armstrongyregion.com.ar\/diario\/wp-json\/wp\/v2\/categories?post=33024"},{"taxonomy":"post_tag","embeddable":true,"href":"https:\/\/armstrongyregion.com.ar\/diario\/wp-json\/wp\/v2\/tags?post=33024"}],"curies":[{"name":"wp","href":"https:\/\/api.w.org\/{rel}","templated":true}]}}