{"id":33004,"date":"2022-01-21T02:00:16","date_gmt":"2022-01-21T02:00:16","guid":{"rendered":"https:\/\/armstrongyregion.com.ar\/diario\/?p=33004"},"modified":"2022-01-21T02:00:19","modified_gmt":"2022-01-21T02:00:19","slug":"localidades-de-la-provincia-recibieron-nuevas-maquinas-para-la-gestion-de-residuos","status":"publish","type":"post","link":"https:\/\/armstrongyregion.com.ar\/diario\/localidades-de-la-provincia-recibieron-nuevas-maquinas-para-la-gestion-de-residuos\/","title":{"rendered":"Localidades de la provincia recibieron nuevas m\u00e1quinas para la Gesti\u00f3n de Residuos."},"content":{"rendered":"\n<figure class=\"wp-block-image size-large\"><img loading=\"lazy\" decoding=\"async\" width=\"570\" height=\"320\" src=\"http:\/\/armstrongyregion.com.ar\/diario\/wp-content\/uploads\/2022\/01\/residuos-region-.jpg\" alt=\"\" class=\"wp-image-33005\" srcset=\"https:\/\/armstrongyregion.com.ar\/diario\/wp-content\/uploads\/2022\/01\/residuos-region-.jpg 570w, https:\/\/armstrongyregion.com.ar\/diario\/wp-content\/uploads\/2022\/01\/residuos-region--300x168.jpg 300w\" sizes=\"auto, (max-width: 570px) 100vw, 570px\" \/><\/figure>\n\n\n\n<h2 class=\"wp-block-heading\"> El equipamiento forma parte del trabajo y la gesti\u00f3n conjunta del Gobierno de Santa Fe y el Ministerio de Ambiente y Desarrollo Sostenible de la Naci\u00f3n. <\/h2>\n\n\n\n<p>El Ministerio de Ambiente y Cambio Clim\u00e1tico de la provincia de Santa Fe llev\u00f3 adelante gestiones conjuntas con el gobierno nacional y los municipios para la incorporaci\u00f3n de nuevas maquinarias que fortalecer\u00e1n los procesos de gesti\u00f3n integral de residuos en diferentes localidades de la provincia de Santa Fe.<\/p>\n\n\n\n<p>En ese sentido, durante las \u00faltimas semanas se hizo entrega a la localidad de Tostado un carro abierto basculante, una enfardadora simple, una chipeadora de ramas y un ecopunto que ser\u00e1 emplazado en un espacio p\u00fablico de la localidad. Al respecto la Ministra Erika Gonnet declar\u00f3: \u201cCon el Ministro Juan Cabandie coincidimos en que la implementaci\u00f3n de pol\u00edticas de gesti\u00f3n integral de residuos tienen que ir de la mano de un compromiso local en cada uno de los municipios y comunas de nuestra provincia\u201d, y agreg\u00f3 que \u201clas nuevas maquinarias les permitir\u00e1n a la localidad acelerar y optimizar procesos en los que ya ven\u00edan trabajando, con el objetivo de reducir de manera significativa el volumen de residuos que es enviado a disposici\u00f3n final\u201d.<\/p>\n\n\n\n<p>\u00abCada territorio tiene una realidad diferente, por eso creemos que este equipamiento tiene que ir acompa\u00f1ado de diferentes acciones de educaci\u00f3n ambiental como las que venimos realizando en escuelas e instituciones de nuestra provincia, que permitan interpelar a la ciudadan\u00eda en esta tem\u00e1tica\u201d, resalt\u00f3 la funcionaria.<\/p>\n\n\n\n<p>Por su parte, en Granadero Baigorria y Ca\u00f1ada de G\u00f3mez, entre octubre y diciembre de 2021, se hab\u00eda hecho entrega de un ecopunto, una chipeadora de ramas y una balanza de piso, y esta semana los municipios recibieron tambi\u00e9n una enfardadora simple y una guillotina de neum\u00e1ticos. Ca\u00f1ada de G\u00f3mez, adem\u00e1s, sum\u00f3 una trituradora de vidrios.<\/p>\n\n\n\n<p>En el caso de P\u00e9rez y Villa Constituci\u00f3n, gracias a las gestiones desarrolladas desde el Ministerio de Ambiente y Cambio Clim\u00e1tico ante el Ministerio de Ambiente y Desarrollo Sostenible de la Naci\u00f3n, ambas localidades ya cuentan con una enfardadora simple, una guillotina de neum\u00e1ticos, un ecopuntos y una chipeadora de ramas que convierte residuos de poda urbano en materia prima para nuevos procesos productivos. El equipamiento, tanto en P\u00e9rez como en Villa Constituci\u00f3n, fue entregado el \u00faltimo trimestre de 2021. Por \u00faltimo, la localidad de G\u00e1lvez, recibi\u00f3 un carro abierto basculante.<\/p>\n\n\n\n<p><strong>Trabajo conjunto<\/strong><\/p>\n\n\n\n<p>En 2021, el gobernador Omar Perotti y el ministro de Ambiente y Desarrollo Sostenible de la Naci\u00f3n, Juan Cabandi\u00e9, entregaron equipamiento para la gesti\u00f3n de residuos al Consorcio Girsu \u201cMicroregi\u00f3n 2D\u201d, ubicado en la ciudad de San Jorge. El mismo est\u00e1 integrado por 12 localidades de los departamentos San Mart\u00edn y Castellanos, y la inversi\u00f3n realizada a trav\u00e9s de un cr\u00e9dito del Banco Interamericano de Desarrollo (BID) fue superior a los 50 millones de pesos.<\/p>\n\n\n\n<p>Precisamente durante esa actividad, fueron firmados convenios con diferentes municipios de la provincia para la colaboraci\u00f3n t\u00e9cnica y financiera en materia GIRSU, destinada al fortalecimiento de la gesti\u00f3n de residuos.<\/p>\n\n\n\n<p>Gracias a las gestiones conjuntas las localidades de P\u00e9rez, Ca\u00f1ada de G\u00f3mez, Granadero Baigorria, Villa Constituci\u00f3n, Tostado y G\u00e1lvez continuar\u00e1n recibiendo equipamiento hasta completar el pack enviado por el Ministerio de Ambiente y Desarrollo Sostenible de la naci\u00f3n que incluye en total minicargadora, excavadora, balanza, chipeadora, enfardadora, guillotina de neum\u00e1ticos, ecopunto, trituradora de vidrio, carro y tractor.<\/p>\n\n\n\n<p><\/p>\n","protected":false},"excerpt":{"rendered":"<p>El equipamiento forma parte del trabajo y la gesti\u00f3n conjunta del Gobierno de Santa Fe y el Ministerio de Ambiente y Desarrollo Sostenible de la Naci\u00f3n. El Ministerio de Ambiente y Cambio Clim\u00e1tico de la provincia de Santa Fe llev\u00f3 adelante gestiones conjuntas con el gobierno nacional y los municipios para la incorporaci\u00f3n de nuevas <a href=\"https:\/\/armstrongyregion.com.ar\/diario\/localidades-de-la-provincia-recibieron-nuevas-maquinas-para-la-gestion-de-residuos\/\" title=\"Read more\" >&#8230;<\/a><\/p>\n","protected":false},"author":1,"featured_media":33005,"comment_status":"open","ping_status":"open","sticky":false,"template":"","format":"image","meta":{"_jetpack_memberships_contains_paid_content":false,"footnotes":"","jetpack_publicize_message":"","jetpack_publicize_feature_enabled":true,"jetpack_social_post_already_shared":true,"jetpack_social_options":{"image_generator_settings":{"template":"highway","default_image_id":0,"enabled":false},"version":2}},"categories":[8,1,2,7,3],"tags":[],"class_list":["post-33004","post","type-post","status-publish","format-image","has-post-thumbnail","hentry","category-deliberando","category-diario-armstrong","category-locales","category-politica","category-region","post_format-post-format-image"],"jetpack_publicize_connections":[],"jetpack_featured_media_url":"https:\/\/armstrongyregion.com.ar\/diario\/wp-content\/uploads\/2022\/01\/residuos-region-.jpg","jetpack_shortlink":"https:\/\/wp.me\/p62QDO-8Ak","jetpack_sharing_enabled":true,"amp_enabled":true,"_links":{"self":[{"href":"https:\/\/armstrongyregion.com.ar\/diario\/wp-json\/wp\/v2\/posts\/33004","targetHints":{"allow":["GET"]}}],"collection":[{"href":"https:\/\/armstrongyregion.com.ar\/diario\/wp-json\/wp\/v2\/posts"}],"about":[{"href":"https:\/\/armstrongyregion.com.ar\/diario\/wp-json\/wp\/v2\/types\/post"}],"author":[{"embeddable":true,"href":"https:\/\/armstrongyregion.com.ar\/diario\/wp-json\/wp\/v2\/users\/1"}],"replies":[{"embeddable":true,"href":"https:\/\/armstrongyregion.com.ar\/diario\/wp-json\/wp\/v2\/comments?post=33004"}],"version-history":[{"count":1,"href":"https:\/\/armstrongyregion.com.ar\/diario\/wp-json\/wp\/v2\/posts\/33004\/revisions"}],"predecessor-version":[{"id":33006,"href":"https:\/\/armstrongyregion.com.ar\/diario\/wp-json\/wp\/v2\/posts\/33004\/revisions\/33006"}],"wp:featuredmedia":[{"embeddable":true,"href":"https:\/\/armstrongyregion.com.ar\/diario\/wp-json\/wp\/v2\/media\/33005"}],"wp:attachment":[{"href":"https:\/\/armstrongyregion.com.ar\/diario\/wp-json\/wp\/v2\/media?parent=33004"}],"wp:term":[{"taxonomy":"category","embeddable":true,"href":"https:\/\/armstrongyregion.com.ar\/diario\/wp-json\/wp\/v2\/categories?post=33004"},{"taxonomy":"post_tag","embeddable":true,"href":"https:\/\/armstrongyregion.com.ar\/diario\/wp-json\/wp\/v2\/tags?post=33004"}],"curies":[{"name":"wp","href":"https:\/\/api.w.org\/{rel}","templated":true}]}}