{"id":32998,"date":"2022-01-21T01:47:48","date_gmt":"2022-01-21T01:47:48","guid":{"rendered":"https:\/\/armstrongyregion.com.ar\/diario\/?p=32998"},"modified":"2022-01-21T01:47:52","modified_gmt":"2022-01-21T01:47:52","slug":"que-el-presidente-no-pida-el-tratamiento-de-la-ley-de-humedales-es-la-mejor-muestra-del-relato-kirchnerista","status":"publish","type":"post","link":"https:\/\/armstrongyregion.com.ar\/diario\/que-el-presidente-no-pida-el-tratamiento-de-la-ley-de-humedales-es-la-mejor-muestra-del-relato-kirchnerista\/","title":{"rendered":"\u00abQue el Presidente no pida el tratamiento de la Ley de Humedales es la mejor muestra del relato kirchnerista\u00bb"},"content":{"rendered":"\n<figure class=\"wp-block-image size-large\"><img loading=\"lazy\" decoding=\"async\" width=\"640\" height=\"427\" src=\"http:\/\/armstrongyregion.com.ar\/diario\/wp-content\/uploads\/2022\/01\/Diputados-Evoluci\u00f3n.jpg\" alt=\"\" class=\"wp-image-32999\" srcset=\"https:\/\/armstrongyregion.com.ar\/diario\/wp-content\/uploads\/2022\/01\/Diputados-Evoluci\u00f3n.jpg 640w, https:\/\/armstrongyregion.com.ar\/diario\/wp-content\/uploads\/2022\/01\/Diputados-Evoluci\u00f3n-300x200.jpg 300w\" sizes=\"auto, (max-width: 640px) 100vw, 640px\" \/><\/figure>\n\n\n\n<p>Una carta al Presidente de la Naci\u00f3n Alberto Fern\u00e1ndez fue la manera que eligieron diputados provinciales y nacionales nucleados en Evoluci\u00f3n Santa Fe para reclamar la urgente inclusi\u00f3n del proyecto de Ley de Presupuestos M\u00ednimos para la Conservaci\u00f3n, Protecci\u00f3n, Restauraci\u00f3n Ecol\u00f3gica y Uso Racional y Sostenible de los Humedales en el temario de sesiones extraordinarias a las que el Presidente puede convocar al Congreso Nacional.<\/p>\n\n\n\n<p>\u201cEs la \u00faltima oportunidad para que la ley de Humedales no pierda estado parlamentario y el Presidente de la Naci\u00f3n es quien puede evitar que este retroceso ocurra\u201d, se\u00f1al\u00f3 el radical Juan Cruz C\u00e1ndido, uno de los impulsores de la iniciativa junto al Presidente del Bloque de Diputados Provinciales Maximiliano Pullaro y los Diputados Nacionales Victoria Tejeda (UCR) y Gabriel Chumpitaz (PRO).<\/p>\n\n\n\n<p>En la carta a Fern\u00e1ndez, los legisladores expresan su preocupaci\u00f3n porque: \u201cA pesar de la marcada licencia social de este dictamen, y a pesar del ecocidio perpetrado con m\u00e1s de 900.000 hect\u00e1reas de Humedales del Delta del Paran\u00e1 incendiados entre 2020 y 2021, concluyeron las sesiones ordinarias prorrogadas por Usted hasta el 31 de diciembre de 2021, sin que el mismo fuese tratado por las comisiones y sometido a votaci\u00f3n en el recinto\u201d.<\/p>\n\n\n\n<p>La misiva, firmada adem\u00e1s por los Diputados Provinciales Fabi\u00e1n Bastia, Georgina Orciani, Jimena Senn, Silvana Di Stefano, Sergio Basile, Marcelo Gonz\u00e1lez y Silvia Ciancio, requiere al Presidente, adem\u00e1s de la incorporaci\u00f3n de la Ley de Humedales en el temario de extraordinarias- que se ponga a consideraci\u00f3n para el tratamiento el dictamen ya emitido por la Comisi\u00f3n de Ambiente de la C\u00e1mara de Diputados, que re\u00fane los 15 proyectos presentados.<\/p>\n\n\n\n<p>\u201cQue el Presidente no pida el tratamiento de esta Ley, en medio de un ecocidio que ya arras\u00f3 900 mil hect\u00e1reas del Delta del Paran\u00e1 en los incendios de 2020 y 2021 es la mejor muestra del doble discurso y el relato kirchnerista, que hace 2 meses en la publicidad de campa\u00f1a dec\u00edan \u2018Ley de Humedales Ya\u2019 y ahora no mueven ni un dedo para que se pueda debatir y sancionar en el recinto\u201d, sostuvo Pullaro.<\/p>\n\n\n\n<p>Los legisladores de Evoluci\u00f3n vienen trabajando una agenda de temas ambientales dentro de la que presentaron distintas iniciativas referidas a la conservaci\u00f3n de humedales, la gesti\u00f3n de los bajos submeridionales y leyes de emergencia que permitan atender las consecuencias de las quemas y de la bajante del Paran\u00e1. \u201cEn este marco, y ante la demora inexcusable del Gobierno Nacional es que decidimos apelar directamente al Presidente en busca de una respuesta que toda nuestra regi\u00f3n exige\u201d, concluyeron.<br><\/p>\n","protected":false},"excerpt":{"rendered":"<p>Una carta al Presidente de la Naci\u00f3n Alberto Fern\u00e1ndez fue la manera que eligieron diputados provinciales y nacionales nucleados en Evoluci\u00f3n Santa Fe para reclamar la urgente inclusi\u00f3n del proyecto de Ley de Presupuestos M\u00ednimos para la Conservaci\u00f3n, Protecci\u00f3n, Restauraci\u00f3n Ecol\u00f3gica y Uso Racional y Sostenible de los Humedales en el temario de sesiones extraordinarias <a href=\"https:\/\/armstrongyregion.com.ar\/diario\/que-el-presidente-no-pida-el-tratamiento-de-la-ley-de-humedales-es-la-mejor-muestra-del-relato-kirchnerista\/\" title=\"Read more\" >&#8230;<\/a><\/p>\n","protected":false},"author":1,"featured_media":32999,"comment_status":"open","ping_status":"open","sticky":false,"template":"","format":"image","meta":{"_jetpack_memberships_contains_paid_content":false,"footnotes":"","jetpack_publicize_message":"","jetpack_publicize_feature_enabled":true,"jetpack_social_post_already_shared":true,"jetpack_social_options":{"image_generator_settings":{"template":"highway","default_image_id":0,"enabled":false},"version":2}},"categories":[8,1,2,7,3],"tags":[],"class_list":["post-32998","post","type-post","status-publish","format-image","has-post-thumbnail","hentry","category-deliberando","category-diario-armstrong","category-locales","category-politica","category-region","post_format-post-format-image"],"jetpack_publicize_connections":[],"jetpack_featured_media_url":"https:\/\/armstrongyregion.com.ar\/diario\/wp-content\/uploads\/2022\/01\/Diputados-Evoluci\u00f3n.jpg","jetpack_shortlink":"https:\/\/wp.me\/p62QDO-8Ae","jetpack_sharing_enabled":true,"amp_enabled":true,"_links":{"self":[{"href":"https:\/\/armstrongyregion.com.ar\/diario\/wp-json\/wp\/v2\/posts\/32998","targetHints":{"allow":["GET"]}}],"collection":[{"href":"https:\/\/armstrongyregion.com.ar\/diario\/wp-json\/wp\/v2\/posts"}],"about":[{"href":"https:\/\/armstrongyregion.com.ar\/diario\/wp-json\/wp\/v2\/types\/post"}],"author":[{"embeddable":true,"href":"https:\/\/armstrongyregion.com.ar\/diario\/wp-json\/wp\/v2\/users\/1"}],"replies":[{"embeddable":true,"href":"https:\/\/armstrongyregion.com.ar\/diario\/wp-json\/wp\/v2\/comments?post=32998"}],"version-history":[{"count":1,"href":"https:\/\/armstrongyregion.com.ar\/diario\/wp-json\/wp\/v2\/posts\/32998\/revisions"}],"predecessor-version":[{"id":33000,"href":"https:\/\/armstrongyregion.com.ar\/diario\/wp-json\/wp\/v2\/posts\/32998\/revisions\/33000"}],"wp:featuredmedia":[{"embeddable":true,"href":"https:\/\/armstrongyregion.com.ar\/diario\/wp-json\/wp\/v2\/media\/32999"}],"wp:attachment":[{"href":"https:\/\/armstrongyregion.com.ar\/diario\/wp-json\/wp\/v2\/media?parent=32998"}],"wp:term":[{"taxonomy":"category","embeddable":true,"href":"https:\/\/armstrongyregion.com.ar\/diario\/wp-json\/wp\/v2\/categories?post=32998"},{"taxonomy":"post_tag","embeddable":true,"href":"https:\/\/armstrongyregion.com.ar\/diario\/wp-json\/wp\/v2\/tags?post=32998"}],"curies":[{"name":"wp","href":"https:\/\/api.w.org\/{rel}","templated":true}]}}