{"id":32886,"date":"2022-01-10T13:11:41","date_gmt":"2022-01-10T13:11:41","guid":{"rendered":"https:\/\/armstrongyregion.com.ar\/diario\/?p=32886"},"modified":"2022-01-10T13:11:44","modified_gmt":"2022-01-10T13:11:44","slug":"analizan-retirar-de-las-calles-a-los-policias-que-no-esten-vacunados","status":"publish","type":"post","link":"https:\/\/armstrongyregion.com.ar\/diario\/analizan-retirar-de-las-calles-a-los-policias-que-no-esten-vacunados\/","title":{"rendered":"Analizan retirar de las calles a los polic\u00edas que no est\u00e9n vacunados."},"content":{"rendered":"\n<figure class=\"wp-block-image size-large\"><img loading=\"lazy\" decoding=\"async\" width=\"800\" height=\"450\" src=\"http:\/\/armstrongyregion.com.ar\/diario\/wp-content\/uploads\/2022\/01\/escudopolicial_crop1641812978474.jpg_1756841869.jpg\" alt=\"\" class=\"wp-image-32887\" srcset=\"https:\/\/armstrongyregion.com.ar\/diario\/wp-content\/uploads\/2022\/01\/escudopolicial_crop1641812978474.jpg_1756841869.jpg 800w, https:\/\/armstrongyregion.com.ar\/diario\/wp-content\/uploads\/2022\/01\/escudopolicial_crop1641812978474.jpg_1756841869-300x169.jpg 300w, https:\/\/armstrongyregion.com.ar\/diario\/wp-content\/uploads\/2022\/01\/escudopolicial_crop1641812978474.jpg_1756841869-768x432.jpg 768w\" sizes=\"auto, (max-width: 800px) 100vw, 800px\" \/><\/figure>\n\n\n\n<h2 class=\"wp-block-heading\"> Desde el Ministerio de Seguridad solicitaron a todas las unidades regionales presentar una lista con los agentes que no se hayan inoculado contra el coronavirus. Este personal, deber\u00e1 entregar el arma reglamentaria y pasar\u00e1 a hacer trabajos administrativos.<\/h2>\n\n\n\n<p> <strong>El Ministerio de Seguridad de Santa Fe analiza una serie de medidas para contener posibles brotes de coronavirus entre los agentes policiales<\/strong>. Ante la escalada de contagios, pidi\u00f3 a las distintas unidades regionales un listado con el detalle del proceso de vacunaci\u00f3n contra la enfermedad de cada uno de los efectivos. <\/p>\n\n\n\n<p>Una vez que cuente con esta informaci\u00f3n, la medida que se analiza desde la cartera que comanda Jorge Lagna es&nbsp;<strong>retirarles el arma reglamentaria a quienes no est\u00e9n inoculados y enviarlos a hacer trabajos administrativos desde sus casas.<\/strong><\/p>\n\n\n\n<p>Las unidades regionales deber\u00e1n presentar este listado antes del pr\u00f3ximo mi\u00e9rcoles y luego esperar las nuevas directivas del Ministerio de Seguridad, que durante este lunes tendr\u00e1 una reuni\u00f3n de coordinaci\u00f3n donde definir\u00e1n los pasos a seguir.<\/p>\n\n\n\n<p> Al momento,\u00a0<strong>el objetivo es retirar de la calle al personal no vacunado<\/strong>, retirarles el arma reglamentaria y pasarlos a hacer tareas administrativas desde sus casas. Cabe destacar que esta decisi\u00f3n tambi\u00e9n tiene relaci\u00f3n con\u00a0<strong>el reclamo del personal vacunado que tiene que cumplir tareas con agentes que no lo han hecho.<\/strong> <\/p>\n\n\n\n<p>Rosario3.com<\/p>\n","protected":false},"excerpt":{"rendered":"<p>Desde el Ministerio de Seguridad solicitaron a todas las unidades regionales presentar una lista con los agentes que no se hayan inoculado contra el coronavirus. Este personal, deber\u00e1 entregar el arma reglamentaria y pasar\u00e1 a hacer trabajos administrativos. El Ministerio de Seguridad de Santa Fe analiza una serie de medidas para contener posibles brotes de <a href=\"https:\/\/armstrongyregion.com.ar\/diario\/analizan-retirar-de-las-calles-a-los-policias-que-no-esten-vacunados\/\" title=\"Read more\" >&#8230;<\/a><\/p>\n","protected":false},"author":1,"featured_media":32887,"comment_status":"open","ping_status":"open","sticky":false,"template":"","format":"image","meta":{"_jetpack_memberships_contains_paid_content":false,"footnotes":"","jetpack_publicize_message":"","jetpack_publicize_feature_enabled":true,"jetpack_social_post_already_shared":true,"jetpack_social_options":{"image_generator_settings":{"template":"highway","default_image_id":0,"enabled":false},"version":2}},"categories":[8,1,2,7,3],"tags":[],"class_list":["post-32886","post","type-post","status-publish","format-image","has-post-thumbnail","hentry","category-deliberando","category-diario-armstrong","category-locales","category-politica","category-region","post_format-post-format-image"],"jetpack_publicize_connections":[],"jetpack_featured_media_url":"https:\/\/armstrongyregion.com.ar\/diario\/wp-content\/uploads\/2022\/01\/escudopolicial_crop1641812978474.jpg_1756841869.jpg","jetpack_shortlink":"https:\/\/wp.me\/p62QDO-8yq","jetpack_sharing_enabled":true,"amp_enabled":true,"_links":{"self":[{"href":"https:\/\/armstrongyregion.com.ar\/diario\/wp-json\/wp\/v2\/posts\/32886","targetHints":{"allow":["GET"]}}],"collection":[{"href":"https:\/\/armstrongyregion.com.ar\/diario\/wp-json\/wp\/v2\/posts"}],"about":[{"href":"https:\/\/armstrongyregion.com.ar\/diario\/wp-json\/wp\/v2\/types\/post"}],"author":[{"embeddable":true,"href":"https:\/\/armstrongyregion.com.ar\/diario\/wp-json\/wp\/v2\/users\/1"}],"replies":[{"embeddable":true,"href":"https:\/\/armstrongyregion.com.ar\/diario\/wp-json\/wp\/v2\/comments?post=32886"}],"version-history":[{"count":1,"href":"https:\/\/armstrongyregion.com.ar\/diario\/wp-json\/wp\/v2\/posts\/32886\/revisions"}],"predecessor-version":[{"id":32888,"href":"https:\/\/armstrongyregion.com.ar\/diario\/wp-json\/wp\/v2\/posts\/32886\/revisions\/32888"}],"wp:featuredmedia":[{"embeddable":true,"href":"https:\/\/armstrongyregion.com.ar\/diario\/wp-json\/wp\/v2\/media\/32887"}],"wp:attachment":[{"href":"https:\/\/armstrongyregion.com.ar\/diario\/wp-json\/wp\/v2\/media?parent=32886"}],"wp:term":[{"taxonomy":"category","embeddable":true,"href":"https:\/\/armstrongyregion.com.ar\/diario\/wp-json\/wp\/v2\/categories?post=32886"},{"taxonomy":"post_tag","embeddable":true,"href":"https:\/\/armstrongyregion.com.ar\/diario\/wp-json\/wp\/v2\/tags?post=32886"}],"curies":[{"name":"wp","href":"https:\/\/api.w.org\/{rel}","templated":true}]}}