{"id":32874,"date":"2022-01-08T23:00:14","date_gmt":"2022-01-08T23:00:14","guid":{"rendered":"https:\/\/armstrongyregion.com.ar\/diario\/?p=32874"},"modified":"2022-01-08T23:00:17","modified_gmt":"2022-01-08T23:00:17","slug":"el-campo-se-manifesto-en-armstrong-con-fuertes-criticas-al-gobierno","status":"publish","type":"post","link":"https:\/\/armstrongyregion.com.ar\/diario\/el-campo-se-manifesto-en-armstrong-con-fuertes-criticas-al-gobierno\/","title":{"rendered":"El campo se manifest\u00f3 en Armstrong con fuertes cr\u00edticas al Gobierno."},"content":{"rendered":"\n<figure class=\"wp-block-image size-large\"><img loading=\"lazy\" decoding=\"async\" width=\"696\" height=\"439\" src=\"http:\/\/armstrongyregion.com.ar\/diario\/wp-content\/uploads\/2022\/01\/productores-1-2022-.jpg\" alt=\"\" class=\"wp-image-32875\" srcset=\"https:\/\/armstrongyregion.com.ar\/diario\/wp-content\/uploads\/2022\/01\/productores-1-2022-.jpg 696w, https:\/\/armstrongyregion.com.ar\/diario\/wp-content\/uploads\/2022\/01\/productores-1-2022--300x189.jpg 300w\" sizes=\"auto, (max-width: 696px) 100vw, 696px\" \/><figcaption> <em>Nicol\u00e1s Pino de SRA, Carlos Achetoni de FAA, Jorge Chemes de CRA y Lucas Magnano de Coninagro, en la Asamblea de autoconvocados en Amstrong, Santa Fe.<\/em> <\/figcaption><\/figure>\n\n\n\n<p> Decenas de productores agropecuarios de distintas provincias, asistieron al Encuentro Nacional de Productores de Alimentos, llevado a cabo en la ma\u00f1ana de este s\u00e1bado 8 de enero en la localidad santafesina de Armstrong.<\/p>\n\n\n\n<figure class=\"wp-block-image size-large\"><img loading=\"lazy\" decoding=\"async\" width=\"640\" height=\"360\" src=\"http:\/\/armstrongyregion.com.ar\/diario\/wp-content\/uploads\/2022\/01\/productores-5-2022-.jpg\" alt=\"\" class=\"wp-image-32876\" srcset=\"https:\/\/armstrongyregion.com.ar\/diario\/wp-content\/uploads\/2022\/01\/productores-5-2022-.jpg 640w, https:\/\/armstrongyregion.com.ar\/diario\/wp-content\/uploads\/2022\/01\/productores-5-2022--300x169.jpg 300w\" sizes=\"auto, (max-width: 640px) 100vw, 640px\" \/><\/figure>\n\n\n\n<p> Hubo fuertes cr\u00edticas al Gobierno con el pedido de \u201creglas claras para producir\u201d. La Mesa de Enlace se mostr\u00f3 \u201cunida\u201d pero tambi\u00e9n recibi\u00f3 cr\u00edticas. La Sociedad Rural Argentina, pide al Gobierno \u00abretenciones cero\u00bb. <\/p>\n\n\n\n<figure class=\"wp-block-image size-large\"><img loading=\"lazy\" decoding=\"async\" width=\"640\" height=\"360\" src=\"http:\/\/armstrongyregion.com.ar\/diario\/wp-content\/uploads\/2022\/01\/productores-3-2022-.jpg\" alt=\"\" class=\"wp-image-32877\" srcset=\"https:\/\/armstrongyregion.com.ar\/diario\/wp-content\/uploads\/2022\/01\/productores-3-2022-.jpg 640w, https:\/\/armstrongyregion.com.ar\/diario\/wp-content\/uploads\/2022\/01\/productores-3-2022--300x169.jpg 300w\" sizes=\"auto, (max-width: 640px) 100vw, 640px\" \/><\/figure>\n\n\n\n<p>La intersecci\u00f3n de las&nbsp;<strong>rutas nacionales 9 y 178, en el acceso a la localidad de Armstrong, Santa Fe<\/strong>, fue el epicentro de&nbsp;<a href=\"https:\/\/elabcrural.com\/productores-autoconvocados-vuelven-a-la-calle-habra-una-multitudinaria-reunion-en-armstrong\/\"><strong>una importante asamblea de productores<\/strong><\/a>&nbsp;que reclamaron reglas claras sobre los derechos de exportaci\u00f3n. Pero tambi\u00e9n pidieron por la apertura de exportaciones de carne y cereales y la eliminaci\u00f3n de la brecha cambiaria.<\/p>\n\n\n\n<p>Adem\u00e1s, hubo expresiones relacionadas a la inseguridad rural y la falta de empat\u00eda para con el sector de parte del Gobierno Nacional.<\/p>\n\n\n\n<figure class=\"wp-block-image size-large\"><img loading=\"lazy\" decoding=\"async\" width=\"640\" height=\"360\" src=\"http:\/\/armstrongyregion.com.ar\/diario\/wp-content\/uploads\/2022\/01\/productores-4-2022.jpg\" alt=\"\" class=\"wp-image-32878\" srcset=\"https:\/\/armstrongyregion.com.ar\/diario\/wp-content\/uploads\/2022\/01\/productores-4-2022.jpg 640w, https:\/\/armstrongyregion.com.ar\/diario\/wp-content\/uploads\/2022\/01\/productores-4-2022-300x169.jpg 300w\" sizes=\"auto, (max-width: 640px) 100vw, 640px\" \/><\/figure>\n\n\n\n<p>Originariamente, este encuentro se iba a realizar en&nbsp;<strong>Ca\u00f1ada de G\u00f3mez,<\/strong>&nbsp;pero ante una restricci\u00f3n impuesta por la intendenta municipal, decidieron trasladarlo a Armstrong, donde fuera el epicentro en 2008 durante las protestas del sector agropecuario en contra de las medidas del gobierno nacional.<\/p>\n\n\n\n<p>En la convocatoria de este s\u00e1bado, adem\u00e1s de productores autoconvocados, hubo presencia dirigencial. Entre los asistentes, estuvieron los representantes de la Mesa de Enlace<strong>&nbsp;Carlos Achetoni (FAA), Nicol\u00e1s Pino (SRA) y Jorge Chemes (CRA)<\/strong>, quienes esta semana se desvincularon del Consejo Agroindustrial Argentino (CAA) ideado por el Gobierno.<strong>&nbsp;La causa de la ruptura fue la falta de entendimiento y la inconsistencia de las medidas oficiales.<\/strong><\/p>\n\n\n\n<figure class=\"wp-block-image\"><img decoding=\"async\" src=\"https:\/\/elabcrural.com\/wp-content\/uploads\/2022\/01\/FIlSqsCX0AYqIr6-1024x551.jpg\" alt=\"\" class=\"wp-image-56830\"\/><\/figure>\n\n\n\n<p>El dirigente de la Mesa de Enlace que no asisti\u00f3 al encuentro fue&nbsp;<strong>Carlos Iannizzoto<\/strong>, presidente de Coninagro (con uso der licencia), entidad que por el momento contin\u00faa integrando el CAA. Sin embargo, se vieron representantes de esta confederaci\u00f3n rural de varias provincias. All\u00ed se destac\u00f3 la presencia en el escenario de&nbsp;<strong>Lucas Magnano,&nbsp;<\/strong>consejero de<strong>&nbsp;Coninagro<\/strong>, intentando demostrar unidad en la entidad madre del campo.<\/p>\n\n\n\n<h4 class=\"wp-block-heading\"><strong>Escuchando pr<\/strong>opuestas<\/h4>\n\n\n\n<p>Durante la ma\u00f1ana, los representantes de la Mesa de Enlace escucharon propuestas, reclamos e inquietudes de parte de los autoconvocados.<strong>\u00a0Ellos les solicitaron m\u00e1s firmeza en las reuniones que mantengan con las autoridades del Gobierno.<\/strong><\/p>\n\n\n\n<figure class=\"wp-block-image size-large\"><img loading=\"lazy\" decoding=\"async\" width=\"640\" height=\"360\" src=\"http:\/\/armstrongyregion.com.ar\/diario\/wp-content\/uploads\/2022\/01\/productores-2-2022..jpg\" alt=\"\" class=\"wp-image-32879\" srcset=\"https:\/\/armstrongyregion.com.ar\/diario\/wp-content\/uploads\/2022\/01\/productores-2-2022..jpg 640w, https:\/\/armstrongyregion.com.ar\/diario\/wp-content\/uploads\/2022\/01\/productores-2-2022.-300x169.jpg 300w\" sizes=\"auto, (max-width: 640px) 100vw, 640px\" \/><\/figure>\n\n\n\n<p>Fue una asamblea abierta para quienes solicitaran expresarse. All\u00ed los productores tuvieron la oportunidad de pedir el micr\u00f3fono para poder mantener un \u201cida y vuelta\u201d con los representantes de las entidades.<\/p>\n\n\n\n<h4 class=\"wp-block-heading\"><strong>Retenci\u00f3n cero<\/strong><\/h4>\n\n\n\n<p>Apenas iniciado el encuentro, luego de entonar el Himno Nacional Argentino,\u00a0<strong>Nicol\u00e1s Pino<\/strong>, titular de la\u00a0<strong>Sociedad Rural Argentina (SRA),<\/strong>\u00a0dijo a los productores que como titular de su entidad y miembro de la Mesa de Enlace hab\u00eda llegado a escuchar a los autoconvocados.\u00a0<strong>\u201cNos nutrimos de todos los comentarios y diferencias que puedan plantear\u201d,<\/strong>\u00a0se\u00f1al\u00f3.<\/p>\n\n\n\n<figure class=\"wp-block-image size-large\"><img loading=\"lazy\" decoding=\"async\" width=\"696\" height=\"439\" src=\"http:\/\/armstrongyregion.com.ar\/diario\/wp-content\/uploads\/2022\/01\/productores-1-2022-1-1.jpg\" alt=\"\" class=\"wp-image-32880\" srcset=\"https:\/\/armstrongyregion.com.ar\/diario\/wp-content\/uploads\/2022\/01\/productores-1-2022-1-1.jpg 696w, https:\/\/armstrongyregion.com.ar\/diario\/wp-content\/uploads\/2022\/01\/productores-1-2022-1-1-300x189.jpg 300w\" sizes=\"auto, (max-width: 696px) 100vw, 696px\" \/><\/figure>\n\n\n\n<p>\u201cEstamos en condiciones de afirmar y exhortar al presidente de la Naci\u00f3n para que el lunes instruya a su ministro de Econom\u00eda a que&nbsp;<strong>la retenci\u00f3n en este momento debe ser cero.<\/strong>&nbsp;Los productores tenemos que cobrar el precio lleno de nuestra producci\u00f3n a partir del lunes pr\u00f3ximo; vamos a ir en ese camino\u201d, dijo Pino en Armstrong.<\/p>\n\n\n\n<p>De hecho, estge mismo s\u00e1bado se conoci\u00f3 un comunicado de la SRAk, donde reafirma que \u201clas retenciones son inconstitucionales\u201d y expresa \u201cprofunda preocupaci\u00f3n por la grave situaci\u00f3n institucional que atraviesa hoy el pa\u00eds\u201d. Otro pasaje del texto explica que \u201cdesde principios de a\u00f1o, el cobro de los derechos de exportaci\u00f3n no tiene sustento legal, raz\u00f3n por la cual el estado deber\u00eda dejar de cobrarlos\u201d.<\/p>\n\n\n\n<p>Seg\u00fan la SRA,&nbsp;<strong>\u201cel impuesto ya no tiene sustento legal\u201d,<\/strong>&nbsp;pues venci\u00f3 el plazo fijado en la Ley de Emergencia P\u00fablica que delegaba en el Presidente la reglamentaci\u00f3n de los derechos de exportaci\u00f3n.<\/p>\n\n\n\n<p><strong>Cr\u00edticas<\/strong><\/p>\n\n\n\n<p>Se escucharon fuertes cr\u00edticas al desempe\u00f1o de la entidades agropecuarias en su representaci\u00f3n del sector y en su relaci\u00f3n con el gobierno nacional. No obstante,&nbsp;<strong>los autoconvocados que tomaron la palabra expresaron su benepl\u00e1cito por el portazo que dieron CRA, SRA y FAA en el Consejo Agroindustrial Argentino (CAA)<\/strong>.<\/p>\n\n\n\n<p>Algunos de los presentes hasta&nbsp;<strong>llegaron a proponer la expulsi\u00f3n de CONINAGRO de la Mesa de Enlace por no haber seguido los pasos de las otras tres entidades<\/strong>. Tambi\u00e9n, se tom\u00f3 con una suerte de desplante, la ausencia del presidente de la Confederaci\u00f3n cooperativa en la convocatoria de Armstrong.<\/p>\n\n\n\n<h4 class=\"wp-block-heading\"><strong>\u201cNo ponen un peso\u201d, dijo Achetoni<\/strong><\/h4>\n\n\n\n<p>Los autoconvocados tambi\u00e9n debieron escuchar alguna que otra cr\u00edtica, cuando<strong>&nbsp;el presidente de FAA Achettoni expres\u00f3 \u201cque reclaman a la Mesa de Enlace sin poner un peso para financiar a las entidades\u201d.<\/strong><\/p>\n\n\n\n<p>El dirigente federado propuso hacer el mes que viene una nueva asamblea en la localidad de Alcorta, donde casualmente se produjo la revuelta agraria conocida como el \u201cGrit\u00f3 de Alcorta\u201d, para elevar desde all\u00ed al gobierno nacional una proclama con los reclamos del campo.<\/p>\n\n\n\n<h4 class=\"wp-block-heading\"><strong>\u201cTodos estamos de acuerdo con la uni\u00f3n\u201d<\/strong><\/h4>\n\n\n\n<p>Uno de los m\u00e1s representativos de los autoconvocados del Norte de la Provincia de Buenos Aires es&nbsp;<strong>Rom\u00e1n Guti\u00e9rrez<\/strong>&nbsp;y representa a los productores de Pergamino. En di\u00e1logo con&nbsp;<strong>El ABC Rural<\/strong>&nbsp;celebr\u00f3 el encuentro desarrollado en el coraz\u00f3n de Santa Fe y manifest\u00f3 que todos los productores desean \u201cla uni\u00f3n\u201d en la Mesa de Enlace.<\/p>\n\n\n\n<p><strong>\u201cSi bien muchos productores piden que Coninagro deje la Mesa de Enlace, creemos que la uni\u00f3n hace la fuerza. Con lo cual no tenemos que dejar que nos desunan\u201d<\/strong>, manifest\u00f3.<\/p>\n\n\n\n<p>Por su parte, el presidente de la filial de Federaci\u00f3n Agraria Argentina de Villa Eloisa, Santa Fe,&nbsp;<strong>Miguel Petetta<\/strong>, explic\u00f3 que la asamblea fue fundamental para que los productores genuinos<strong>&nbsp;\u201cle podamos decir cara a cara\u201d<\/strong>&nbsp;a los representantes de la Mesa de Enlace los temas que m\u00e1s nos preocupan.<\/p>\n\n\n\n<figure class=\"wp-block-image\"><img decoding=\"async\" src=\"https:\/\/elabcrural.com\/wp-content\/uploads\/2022\/01\/productores.jpg\" alt=\"Encuentro Nacional de Productores\" class=\"wp-image-56829\"\/><\/figure>\n\n\n\n<p>\u201cEl agobio impositivo es grave. Se superponen impuestos, las retenciones son iguales para todos y no hay ayuda para los m\u00e1s vulnerables en \u00e9pocas como las actuales con una sequ\u00eda que preocupa\u201d, sostuvo preocupado el ruralista.<\/p>\n\n\n\n<h4 class=\"wp-block-heading\"><strong>Reclamos planteados<\/strong><\/h4>\n\n\n\n<p>Finalizada la convocatoria en Armstrong, un productor cordob\u00e9s ley\u00f3 un resumen con todos los reclamos planteados. Los dirigentes de la Mesa de Enlace tomaron nota de las decenas de voces que plantearon serios problemas a enfrentar en los pr\u00f3ximos meses. El aspecto econ\u00f3mico, sumado al contexto clim\u00e1tico, genera incertidumbre en un sector cada d\u00eda m\u00e1s complicado.<\/p>\n\n\n\n<p>Lucas Mich.<\/p>\n\n\n\n<p><\/p>\n\n\n\n<p><br><\/p>\n","protected":false},"excerpt":{"rendered":"<p>Decenas de productores agropecuarios de distintas provincias, asistieron al Encuentro Nacional de Productores de Alimentos, llevado a cabo en la ma\u00f1ana de este s\u00e1bado 8 de enero en la localidad santafesina de Armstrong. Hubo fuertes cr\u00edticas al Gobierno con el pedido de \u201creglas claras para producir\u201d. La Mesa de Enlace se mostr\u00f3 \u201cunida\u201d pero tambi\u00e9n <a href=\"https:\/\/armstrongyregion.com.ar\/diario\/el-campo-se-manifesto-en-armstrong-con-fuertes-criticas-al-gobierno\/\" title=\"Read more\" >&#8230;<\/a><\/p>\n","protected":false},"author":1,"featured_media":32875,"comment_status":"open","ping_status":"open","sticky":false,"template":"","format":"image","meta":{"_jetpack_memberships_contains_paid_content":false,"footnotes":"","jetpack_publicize_message":"","jetpack_publicize_feature_enabled":true,"jetpack_social_post_already_shared":true,"jetpack_social_options":{"image_generator_settings":{"template":"highway","default_image_id":0,"enabled":false},"version":2}},"categories":[8,1,2,7,3],"tags":[],"class_list":["post-32874","post","type-post","status-publish","format-image","has-post-thumbnail","hentry","category-deliberando","category-diario-armstrong","category-locales","category-politica","category-region","post_format-post-format-image"],"jetpack_publicize_connections":[],"jetpack_featured_media_url":"https:\/\/armstrongyregion.com.ar\/diario\/wp-content\/uploads\/2022\/01\/productores-1-2022-.jpg","jetpack_shortlink":"https:\/\/wp.me\/p62QDO-8ye","jetpack_sharing_enabled":true,"amp_enabled":true,"_links":{"self":[{"href":"https:\/\/armstrongyregion.com.ar\/diario\/wp-json\/wp\/v2\/posts\/32874","targetHints":{"allow":["GET"]}}],"collection":[{"href":"https:\/\/armstrongyregion.com.ar\/diario\/wp-json\/wp\/v2\/posts"}],"about":[{"href":"https:\/\/armstrongyregion.com.ar\/diario\/wp-json\/wp\/v2\/types\/post"}],"author":[{"embeddable":true,"href":"https:\/\/armstrongyregion.com.ar\/diario\/wp-json\/wp\/v2\/users\/1"}],"replies":[{"embeddable":true,"href":"https:\/\/armstrongyregion.com.ar\/diario\/wp-json\/wp\/v2\/comments?post=32874"}],"version-history":[{"count":1,"href":"https:\/\/armstrongyregion.com.ar\/diario\/wp-json\/wp\/v2\/posts\/32874\/revisions"}],"predecessor-version":[{"id":32881,"href":"https:\/\/armstrongyregion.com.ar\/diario\/wp-json\/wp\/v2\/posts\/32874\/revisions\/32881"}],"wp:featuredmedia":[{"embeddable":true,"href":"https:\/\/armstrongyregion.com.ar\/diario\/wp-json\/wp\/v2\/media\/32875"}],"wp:attachment":[{"href":"https:\/\/armstrongyregion.com.ar\/diario\/wp-json\/wp\/v2\/media?parent=32874"}],"wp:term":[{"taxonomy":"category","embeddable":true,"href":"https:\/\/armstrongyregion.com.ar\/diario\/wp-json\/wp\/v2\/categories?post=32874"},{"taxonomy":"post_tag","embeddable":true,"href":"https:\/\/armstrongyregion.com.ar\/diario\/wp-json\/wp\/v2\/tags?post=32874"}],"curies":[{"name":"wp","href":"https:\/\/api.w.org\/{rel}","templated":true}]}}