{"id":32850,"date":"2022-01-06T16:17:10","date_gmt":"2022-01-06T16:17:10","guid":{"rendered":"https:\/\/armstrongyregion.com.ar\/diario\/?p=32850"},"modified":"2022-01-06T16:17:12","modified_gmt":"2022-01-06T16:17:12","slug":"la-provincia-presento-el-nuevo-servicio-de-salud-laboral-escolar","status":"publish","type":"post","link":"https:\/\/armstrongyregion.com.ar\/diario\/la-provincia-presento-el-nuevo-servicio-de-salud-laboral-escolar\/","title":{"rendered":"La provincia present\u00f3 el nuevo servicio de Salud Laboral Escolar."},"content":{"rendered":"\n<figure class=\"wp-block-image size-large\"><img loading=\"lazy\" decoding=\"async\" width=\"840\" height=\"560\" src=\"http:\/\/armstrongyregion.com.ar\/diario\/wp-content\/uploads\/2022\/01\/cantero-enero-2022.jpg\" alt=\"\" class=\"wp-image-32851\" srcset=\"https:\/\/armstrongyregion.com.ar\/diario\/wp-content\/uploads\/2022\/01\/cantero-enero-2022.jpg 840w, https:\/\/armstrongyregion.com.ar\/diario\/wp-content\/uploads\/2022\/01\/cantero-enero-2022-300x200.jpg 300w, https:\/\/armstrongyregion.com.ar\/diario\/wp-content\/uploads\/2022\/01\/cantero-enero-2022-768x512.jpg 768w\" sizes=\"auto, (max-width: 840px) 100vw, 840px\" \/><\/figure>\n\n\n\n<h2 class=\"wp-block-heading\"> Este proceso se conforma de dos componentes: las Juntas M\u00e9dicas Territoriales y el de solicitud de licencias online a trav\u00e9s de Intranet. <\/h2>\n\n\n\n<p>\n\nLa ministra de Educaci\u00f3n, Adriana Cantero, present\u00f3 el nuevo Servicio de Salud Laboral Escolar con un \u00e1rea espec\u00edfica dentro de la cartera. El mismo est\u00e1 encabezado por Germ\u00e1n Gonz\u00e1lez, coordinador del Departamento de Salud Laboral perteneciente a la Secretar\u00eda de Administraci\u00f3n.<\/p>\n\n\n\n<p>Al respecto, la ministra dijo: \u201cEstamos anunciando despu\u00e9s de un a\u00f1o y medio de arduo trabajo que hemos recuperado el sistema de salud laboral escolar con un \u00e1rea espec\u00edfica. Este servicio estuvo en la gesti\u00f3n anterior tercerizado y hemos recuperado esta tarea para el propio Ministerio\u201d.<\/p>\n\n\n\n<p>\u201cEste nuevo sistema no solo que es menos costoso para la provincia, sino que es mucho m\u00e1s \u00e1gil, moderno y eficiente en cuanto al volumen de actores educativos que tenemos. Ser\u00e1 m\u00e1s pr\u00e1ctico para el docente y tambi\u00e9n para la escuela, porque hicimos un gran avance en la digitalizaci\u00f3n de los procedimientos, todos alojados en Mi Legado de cada agente\u201d, agreg\u00f3 Cantero.<\/p>\n\n\n\n<p>Respecto a las Juntas M\u00e9dicas Territoriales, la funcionaria manifest\u00f3 que \u201ctiene beneficio para las licencias de larga duraci\u00f3n porque son regionales, es decir que el equipo m\u00e9dico se traslada a las regiones y atiende al docente o al asistente escolar y en el mismo d\u00eda le dan el dictamen, la ficha lesiogr\u00e1fica y las recomendaciones de seguimiento\u201d.<\/p>\n\n\n\n<p>En esta l\u00ednea, el coordinador del Departamento de Salud Laboral, Germ\u00e1n Gonz\u00e1lez, aclar\u00f3 que \u201des muy importante que dentro del seguimiento m\u00e9dico, antes de llegar a una junta, lo hacemos de manera presencial y tambi\u00e9n lo vamos a realizar por telemedicina, o sea, a trav\u00e9s de una videollamada con el agente que est\u00e1 atravesando la dolencia y sea muy larga la distancia que tenga que recorrer\u201d.<\/p>\n\n\n\n<p>Por \u00faltimo, Gonz\u00e1lez destac\u00f3 la agilidad que tiene el nuevo sistema de solicitud de licencias m\u00e9dicas: \u201cEl agente sube el certificado m\u00e9dico y eso ya est\u00e1 disponible en el establecimiento educativo, lo que produce que no haya demoras en el pago a los reemplazantes que son los que realmente est\u00e1n en ese momento haciendo efectiva la prestaci\u00f3n de servicios\u201d.<\/p>\n","protected":false},"excerpt":{"rendered":"<p>Este proceso se conforma de dos componentes: las Juntas M\u00e9dicas Territoriales y el de solicitud de licencias online a trav\u00e9s de Intranet. La ministra de Educaci\u00f3n, Adriana Cantero, present\u00f3 el nuevo Servicio de Salud Laboral Escolar con un \u00e1rea espec\u00edfica dentro de la cartera. El mismo est\u00e1 encabezado por Germ\u00e1n Gonz\u00e1lez, coordinador del Departamento de <a href=\"https:\/\/armstrongyregion.com.ar\/diario\/la-provincia-presento-el-nuevo-servicio-de-salud-laboral-escolar\/\" title=\"Read more\" >&#8230;<\/a><\/p>\n","protected":false},"author":1,"featured_media":32851,"comment_status":"open","ping_status":"open","sticky":false,"template":"","format":"image","meta":{"_jetpack_memberships_contains_paid_content":false,"footnotes":"","jetpack_publicize_message":"","jetpack_publicize_feature_enabled":true,"jetpack_social_post_already_shared":true,"jetpack_social_options":{"image_generator_settings":{"template":"highway","default_image_id":0,"enabled":false},"version":2}},"categories":[8,1,2,7,3],"tags":[],"class_list":["post-32850","post","type-post","status-publish","format-image","has-post-thumbnail","hentry","category-deliberando","category-diario-armstrong","category-locales","category-politica","category-region","post_format-post-format-image"],"jetpack_publicize_connections":[],"jetpack_featured_media_url":"https:\/\/armstrongyregion.com.ar\/diario\/wp-content\/uploads\/2022\/01\/cantero-enero-2022.jpg","jetpack_shortlink":"https:\/\/wp.me\/p62QDO-8xQ","jetpack_sharing_enabled":true,"amp_enabled":true,"_links":{"self":[{"href":"https:\/\/armstrongyregion.com.ar\/diario\/wp-json\/wp\/v2\/posts\/32850","targetHints":{"allow":["GET"]}}],"collection":[{"href":"https:\/\/armstrongyregion.com.ar\/diario\/wp-json\/wp\/v2\/posts"}],"about":[{"href":"https:\/\/armstrongyregion.com.ar\/diario\/wp-json\/wp\/v2\/types\/post"}],"author":[{"embeddable":true,"href":"https:\/\/armstrongyregion.com.ar\/diario\/wp-json\/wp\/v2\/users\/1"}],"replies":[{"embeddable":true,"href":"https:\/\/armstrongyregion.com.ar\/diario\/wp-json\/wp\/v2\/comments?post=32850"}],"version-history":[{"count":1,"href":"https:\/\/armstrongyregion.com.ar\/diario\/wp-json\/wp\/v2\/posts\/32850\/revisions"}],"predecessor-version":[{"id":32852,"href":"https:\/\/armstrongyregion.com.ar\/diario\/wp-json\/wp\/v2\/posts\/32850\/revisions\/32852"}],"wp:featuredmedia":[{"embeddable":true,"href":"https:\/\/armstrongyregion.com.ar\/diario\/wp-json\/wp\/v2\/media\/32851"}],"wp:attachment":[{"href":"https:\/\/armstrongyregion.com.ar\/diario\/wp-json\/wp\/v2\/media?parent=32850"}],"wp:term":[{"taxonomy":"category","embeddable":true,"href":"https:\/\/armstrongyregion.com.ar\/diario\/wp-json\/wp\/v2\/categories?post=32850"},{"taxonomy":"post_tag","embeddable":true,"href":"https:\/\/armstrongyregion.com.ar\/diario\/wp-json\/wp\/v2\/tags?post=32850"}],"curies":[{"name":"wp","href":"https:\/\/api.w.org\/{rel}","templated":true}]}}