{"id":32827,"date":"2022-01-04T14:44:58","date_gmt":"2022-01-04T14:44:58","guid":{"rendered":"https:\/\/armstrongyregion.com.ar\/diario\/?p=32827"},"modified":"2022-01-04T14:45:00","modified_gmt":"2022-01-04T14:45:00","slug":"agosto-hay-un-grupo-minoritario-de-diputados-e-intendentes-de-la-oposicion-que-se-sienten-muy-incomodos-con-la-solvencia-fiscal-de-la-provincia","status":"publish","type":"post","link":"https:\/\/armstrongyregion.com.ar\/diario\/agosto-hay-un-grupo-minoritario-de-diputados-e-intendentes-de-la-oposicion-que-se-sienten-muy-incomodos-con-la-solvencia-fiscal-de-la-provincia\/","title":{"rendered":"Agosto: \u00abHay un grupo minoritario de diputados e intendentes de la oposici\u00f3n que se sienten muy inc\u00f3modos con la solvencia fiscal de la provincia\u00bb"},"content":{"rendered":"\n<figure class=\"wp-block-image size-large\"><img loading=\"lazy\" decoding=\"async\" width=\"600\" height=\"337\" src=\"http:\/\/armstrongyregion.com.ar\/diario\/wp-content\/uploads\/2022\/01\/Agosto-econom-.jpg\" alt=\"\" class=\"wp-image-32828\" srcset=\"https:\/\/armstrongyregion.com.ar\/diario\/wp-content\/uploads\/2022\/01\/Agosto-econom-.jpg 600w, https:\/\/armstrongyregion.com.ar\/diario\/wp-content\/uploads\/2022\/01\/Agosto-econom--300x169.jpg 300w\" sizes=\"auto, (max-width: 600px) 100vw, 600px\" \/><\/figure>\n\n\n\n<h2 class=\"wp-block-heading\"> As\u00ed lo manifest\u00f3 el ministro de Econom\u00eda de la provincia tras la falta de aprobaci\u00f3n por parte de la C\u00e1mara de Diputados del Proyecto de Presupuesto 2022.\u00a0 <\/h2>\n\n\n\n<p> El ministro de Econom\u00eda de la provincia, Walter Agosto, confirm\u00f3 que el primer decreto del a\u00f1o reconduce el presupuesto del a\u00f1o pasado ante la falta de aprobaci\u00f3n por parte de la C\u00e1mara de Diputados del Proyecto de Presupuesto 2022. Cabe se\u00f1alar que dicho proyecto para 2022 fue remitido a la legislatura el 29 de septiembre pasado, y cont\u00f3 con el voto un\u00e1nime de la C\u00e1mara de Senadores, pero no fue acompa\u00f1ado por la C\u00e1mara Baja.En ese contexto, Agosto analiz\u00f3 junto a los m\u00e1ximos responsables de Hacienda y Presupuesto del Gobierno Nacional, algunos detalles de lo que finalmente ser\u00eda el decreto de reconducci\u00f3n del presupuesto provincial.Con relaci\u00f3n al decreto de pr\u00f3rroga del presupuesto para el corriente a\u00f1o, Agosto destac\u00f3 que la misma \u201cse efect\u00faa en el marco de lo dispuesto en el Art\u00edculo 55 de la Constituci\u00f3n Provincial y de la ley 12510\/05 de Administraci\u00f3n Financiera vigente en la provincia. Se reconduce el presupuesto vigente con excepci\u00f3n de los cr\u00e9ditos y recursos previstos por \u00fanica vez o cuya finalidad hubiera sido cumplimentada\u201d. \u201cTambi\u00e9n deben contemplarse los cr\u00e9ditos presupuestarios indispensables para asegurar la continuidad de los servicios que el estado provincial debe garantizar\u201d, indic\u00f3 Agosto, quien adem\u00e1s expres\u00f3: \u201cVeo que hay algunos diputados e intendentes de la oposici\u00f3n que creen que la pr\u00f3rroga del presupuesto solo afecta al Poder Ejecutivo. Hay que tener en cuenta que tambi\u00e9n alcanza al poder legislativo y a diferentes fondos con destino a municipios y comunas\u201d. Asimismo, el titular de Econom\u00eda manifest\u00f3 que el debate parlamentario \u201cfue muy bueno, e incluso con muchas m\u00e1s instancias que en la discusi\u00f3n del a\u00f1o anterior\u201d.\u00a0No obstante, el funcionario advirti\u00f3 que \u201chay un grupo minoritario de diputados de la oposici\u00f3n que se sienten muy inc\u00f3modos con la solvencia fiscal de la provincia y con el hecho de que el gobierno haya superado el descalabro fiscal que ellos mismos dejaron. Enfrascados en esa l\u00f3gica no contribuyen a un debate constructivo\u201d, concluy\u00f3.<br><\/p>\n","protected":false},"excerpt":{"rendered":"<p>As\u00ed lo manifest\u00f3 el ministro de Econom\u00eda de la provincia tras la falta de aprobaci\u00f3n por parte de la C\u00e1mara de Diputados del Proyecto de Presupuesto 2022.\u00a0 El ministro de Econom\u00eda de la provincia, Walter Agosto, confirm\u00f3 que el primer decreto del a\u00f1o reconduce el presupuesto del a\u00f1o pasado ante la falta de aprobaci\u00f3n por <a href=\"https:\/\/armstrongyregion.com.ar\/diario\/agosto-hay-un-grupo-minoritario-de-diputados-e-intendentes-de-la-oposicion-que-se-sienten-muy-incomodos-con-la-solvencia-fiscal-de-la-provincia\/\" title=\"Read more\" >&#8230;<\/a><\/p>\n","protected":false},"author":1,"featured_media":32828,"comment_status":"open","ping_status":"open","sticky":false,"template":"","format":"image","meta":{"_jetpack_memberships_contains_paid_content":false,"footnotes":"","jetpack_publicize_message":"","jetpack_publicize_feature_enabled":true,"jetpack_social_post_already_shared":true,"jetpack_social_options":{"image_generator_settings":{"template":"highway","default_image_id":0,"enabled":false},"version":2}},"categories":[8,1,2,7,3],"tags":[],"class_list":["post-32827","post","type-post","status-publish","format-image","has-post-thumbnail","hentry","category-deliberando","category-diario-armstrong","category-locales","category-politica","category-region","post_format-post-format-image"],"jetpack_publicize_connections":[],"jetpack_featured_media_url":"https:\/\/armstrongyregion.com.ar\/diario\/wp-content\/uploads\/2022\/01\/Agosto-econom-.jpg","jetpack_shortlink":"https:\/\/wp.me\/p62QDO-8xt","jetpack_sharing_enabled":true,"amp_enabled":true,"_links":{"self":[{"href":"https:\/\/armstrongyregion.com.ar\/diario\/wp-json\/wp\/v2\/posts\/32827","targetHints":{"allow":["GET"]}}],"collection":[{"href":"https:\/\/armstrongyregion.com.ar\/diario\/wp-json\/wp\/v2\/posts"}],"about":[{"href":"https:\/\/armstrongyregion.com.ar\/diario\/wp-json\/wp\/v2\/types\/post"}],"author":[{"embeddable":true,"href":"https:\/\/armstrongyregion.com.ar\/diario\/wp-json\/wp\/v2\/users\/1"}],"replies":[{"embeddable":true,"href":"https:\/\/armstrongyregion.com.ar\/diario\/wp-json\/wp\/v2\/comments?post=32827"}],"version-history":[{"count":1,"href":"https:\/\/armstrongyregion.com.ar\/diario\/wp-json\/wp\/v2\/posts\/32827\/revisions"}],"predecessor-version":[{"id":32829,"href":"https:\/\/armstrongyregion.com.ar\/diario\/wp-json\/wp\/v2\/posts\/32827\/revisions\/32829"}],"wp:featuredmedia":[{"embeddable":true,"href":"https:\/\/armstrongyregion.com.ar\/diario\/wp-json\/wp\/v2\/media\/32828"}],"wp:attachment":[{"href":"https:\/\/armstrongyregion.com.ar\/diario\/wp-json\/wp\/v2\/media?parent=32827"}],"wp:term":[{"taxonomy":"category","embeddable":true,"href":"https:\/\/armstrongyregion.com.ar\/diario\/wp-json\/wp\/v2\/categories?post=32827"},{"taxonomy":"post_tag","embeddable":true,"href":"https:\/\/armstrongyregion.com.ar\/diario\/wp-json\/wp\/v2\/tags?post=32827"}],"curies":[{"name":"wp","href":"https:\/\/api.w.org\/{rel}","templated":true}]}}