{"id":32790,"date":"2021-12-30T11:23:04","date_gmt":"2021-12-30T11:23:04","guid":{"rendered":"https:\/\/armstrongyregion.com.ar\/diario\/?p=32790"},"modified":"2021-12-30T11:23:06","modified_gmt":"2021-12-30T11:23:06","slug":"covid-19-se-dispuso-la-reduccion-de-los-dias-de-aislamientos-para-pacientes-positivos-y-contactos-estrechos","status":"publish","type":"post","link":"https:\/\/armstrongyregion.com.ar\/diario\/covid-19-se-dispuso-la-reduccion-de-los-dias-de-aislamientos-para-pacientes-positivos-y-contactos-estrechos\/","title":{"rendered":"Covid-19: Se dispuso la reducci\u00f3n de los d\u00edas de aislamientos para pacientes positivos y contactos estrechos."},"content":{"rendered":"\n<figure class=\"wp-block-image size-large\"><img loading=\"lazy\" decoding=\"async\" width=\"663\" height=\"405\" src=\"http:\/\/armstrongyregion.com.ar\/diario\/wp-content\/uploads\/2021\/12\/restricciones-tranca.jpg\" alt=\"\" class=\"wp-image-32791\" srcset=\"https:\/\/armstrongyregion.com.ar\/diario\/wp-content\/uploads\/2021\/12\/restricciones-tranca.jpg 663w, https:\/\/armstrongyregion.com.ar\/diario\/wp-content\/uploads\/2021\/12\/restricciones-tranca-300x183.jpg 300w\" sizes=\"auto, (max-width: 663px) 100vw, 663px\" \/><\/figure>\n\n\n\n<h2 class=\"wp-block-heading\"> As\u00ed fue acordado este mi\u00e9rcoles en un nuevo encuentro del Consejo Federal de Salud, que encabez\u00f3 la ministra Carla Vizzotti, y reuni\u00f3 a los titulares de las carteras sanitarias de todas las provincias. <\/h2>\n\n\n\n<p>\n\nLa ministra de Salud provincial, Sonia Martorano, particip\u00f3 de este mi\u00e9rcoles de una nueva reuni\u00f3n del Consejo Federal De Salud (Cofesa), que fue presidida por la titular de la cartera sanitaria nacional, Carla Vizzotti, y a la que asistieron ministros y ministras de las 24 jurisdicciones del pa\u00eds.<\/p>\n\n\n\n<p>Tras el encuentro, Martorano destac\u00f3 que \u201cpusimos en contexto los dos a\u00f1os de pandemia y hoy un a\u00f1o de vacunaci\u00f3n, donde evaluamos las 75 millones de vacunas colocadas a nivel pa\u00eds, y la situaci\u00f3n epidemiol\u00f3gica hoy, en lo que llamamos a una nueva ola, con coexistencia de Delta y un avance importante de \u00d3micron, que var\u00eda de la contagiosidad y agresividad e internaci\u00f3n\u201d, continu\u00f3.<\/p>\n\n\n\n<p>En ese sentido, la ministra de Salud santafesina manifest\u00f3 que se puso en contexto y en consenso las nuevas medidas de aislamiento, tanto para los contactos estrechos como para los casos positivos de Covid-19 donde el punto de inflexi\u00f3n tiene que ver con el nivel de vacunaci\u00f3n elevado que tenemos a la fecha: \u201cEs por ello que se han bajado los d\u00edas de aislamiento tanto del contacto estrecho asintom\u00e1tico como del caso confirmado en aquellos pacientes con vacunaci\u00f3n completa\u201d, detall\u00f3.<\/p>\n\n\n\n<p>REDUCCI\u00d3N DE D\u00cdAS DE AISLAMIENTOS<br>&gt;&gt; Aquella persona que sea contacto estrecho, asintom\u00e1tico, con esquema de vacunaci\u00f3n completo, debe aislarse durante 5 d\u00edas y 5 d\u00edas de cuidados posteriores.<\/p>\n\n\n\n<p>&gt;&gt; Si el contacto estrecho asintom\u00e1tico no se encuentra vacunado o tiene un esquema incompleto, el aislamiento queda en 10 d\u00edas.<\/p>\n\n\n\n<p>&gt;&gt; En cuanto a los casos positivos confirmados, si su esquema de vacunaci\u00f3n es completo, le corresponde 7 d\u00edas de aislamiento siempre y cuando las \u00faltimas 48 horas sean asintom\u00e1ticas.<\/p>\n\n\n\n<p>&gt;&gt; Si se trata de un caso confirmado con vacunaci\u00f3n incompleta o sin vacunaci\u00f3n el aislamiento ser\u00e1 de 10 d\u00edas.<\/p>\n\n\n\n<p>&gt;&gt; Si el caso confirmado como positivo refiere a un personal de salud esencial, y tiene un esquema de vacunaci\u00f3n completo se realizar\u00e1 un aislamiento por 7 d\u00edas, siendo las \u00faltimas 48 horas asintom\u00e1tico o puede realizar aislamiento por 5 d\u00edas con un test diagn\u00f3stico negativo.<\/p>\n\n\n\n<p>Vale aclarar que se considera contacto estrecho a quien estuvo con una persona diagnosticada Covid positivo 48 horas antes del inicio de s\u00edntomas, por 15 minutos o m\u00e1s tiempo, sin barbijo, sin circulaci\u00f3n o sin distanciamiento.<\/p>\n\n\n\n<p><strong>AUTOTESTS<\/strong><br>\u201cSeguidamente se realiz\u00f3 una evaluaci\u00f3n de la situaci\u00f3n en las distintas provincias y se puso en evaluaci\u00f3n la experiencia cordobesa con autotest. Seguimos trabajando en ese punto en cuanto a lo que tiene que ver con toma de muestra y trazabilidad\u201d, cerr\u00f3 Martorano.<\/p>\n\n\n\n<p><strong>REUNI\u00d3N CON EL EQUIPO DE EXPERTOS<\/strong><br>Por otro lado, ayer por la tarde el gobernador santafesino, Omar Perotti, mantuvo una nueva reuni\u00f3n con el equipo de expertos sanitarios donde se inform\u00f3 la realidad epidemiol\u00f3gica por la que est\u00e1n atravesando las diferentes provincias argentinas.<\/p>\n\n\n\n<p>Al hacer referencia a posibles restricciones ante el aumento de casos positivos de Covid-19, Perotti se\u00f1al\u00f3 que \u201cen intercambios con algunos gobernadores analizando medidas lo que aparece como posible de restricci\u00f3n son los eventos masivos, porque ser\u00eda lo no indispensable, o lo que no alterar\u00eda el esquema de vacaciones, gastronom\u00eda ni movimientos de grupos m\u00e1s chicos\u201d.<\/p>\n\n\n\n<p>Finalmente, el gobernador de la provincia de Santa Fe destac\u00f3 que \u201cestamos un poco m\u00e1s seguros todos, al haber transitado, ganado experiencia, encaminado el tema vacunas, y refrescar lo que fue muy \u00fatil, con la comunicaci\u00f3n de ustedes ayudando, el distanciamiento, el agua y el jab\u00f3n, el barbijo, en eso todos y el que pueda seguir sum\u00e1ndose al esquema de comunicaci\u00f3n va a ser necesario porque siguen siendo herramientas muy \u00fatiles\u201d.<\/p>\n\n\n\n<p>Por su parte, Martorano detall\u00f3 la situaci\u00f3n por la que est\u00e1 atravesando el territorio santafesino: \u00abSab\u00edamos que iban a aparecer los casos, que de la mano de las habilitaciones, los aforos, y una gran necesidad de la gente de besarse y abrazarse, \u00edbamos a tener un aumento de casos, lo estamos teniendo, claramente, pero la gran preocupaci\u00f3n no son los que tenemos hoy, sino por el aumento\u201d.<\/p>\n\n\n\n<p>\u201cEstamos con un gran n\u00famero de testeos, a libre demanda en toda la provincia, pero la positividad que hace dos semanas era del 2 por ciento subi\u00f3 a 3, al 4, al 7, y est\u00e1 al 13, pero los n\u00fameros de anteayer dieron 22 por ciento, 26 ayer, y al privado dio 40. Claramente al final de la semana vamos a estar por encima. Sabemos que cuando se sube del 10 la situaci\u00f3n est\u00e1 en otro contexto\u00bb, agreg\u00f3.<\/p>\n\n\n\n<p>Asimismo, la titular de la cartera sanitaria hizo referencia a la ocupaci\u00f3n de camas cr\u00edticas destacando que \u201ccon este n\u00famero de casos, lo que no estamos notando es la incidencia en el uso de camas de terapia, en toda la provincia, en el sistema p\u00fablico y privado, solamente tenemos 13 personas en terapia, y 15 en sala general. Los casos en terapia se dividen entre vacunados y no vacunados, tenemos hiperobesidad, comorbilidades y otros motivos, que eran m\u00e1s con Covid que por Covid\u00bb.<\/p>\n\n\n\n<p>\u00abLa ocupaci\u00f3n de camas es del 55 por ciento, 77 en la ciudad capital, 40 en Rosario. Son n\u00fameros que no son altos, y mayoritariamente no Covid. El mapa va cambiando, de estar todo verde estamos teniendo \u00e1reas amarillas, aun no rojas, pero el mapa est\u00e1 cambiando\u00bb, inform\u00f3.<\/p>\n\n\n\n<p>En cuanto a los s\u00edntomas a tener en cuenta ante la aparici\u00f3n de la nueva variante \u00d3micron, Martorano explic\u00f3 que \u00abvemos moco alto, rinitis, dolor de garganta, tos, febr\u00edcula, y no mucho m\u00e1s. Lo que estamos notando que los que est\u00e1n con tres dosis generalmente lo est\u00e1n transcurriendo muy bien, por eso, desde hoy, tercera dosis a los 5 meses, pero 60 a\u00f1os en adelante va con 4 meses. Vacunas hay\u00bb.<\/p>\n\n\n\n<p>\u00abEl 80 por ciento de la poblaci\u00f3n tiene dos dosis, es un buen numero, pero no es nuestro techo porque seguimos vacunando\u201d, concluy\u00f3 la ministra de Salud.<br><\/p>\n","protected":false},"excerpt":{"rendered":"<p>As\u00ed fue acordado este mi\u00e9rcoles en un nuevo encuentro del Consejo Federal de Salud, que encabez\u00f3 la ministra Carla Vizzotti, y reuni\u00f3 a los titulares de las carteras sanitarias de todas las provincias. La ministra de Salud provincial, Sonia Martorano, particip\u00f3 de este mi\u00e9rcoles de una nueva reuni\u00f3n del Consejo Federal De Salud (Cofesa), que <a href=\"https:\/\/armstrongyregion.com.ar\/diario\/covid-19-se-dispuso-la-reduccion-de-los-dias-de-aislamientos-para-pacientes-positivos-y-contactos-estrechos\/\" title=\"Read more\" >&#8230;<\/a><\/p>\n","protected":false},"author":1,"featured_media":32791,"comment_status":"open","ping_status":"open","sticky":false,"template":"","format":"image","meta":{"_jetpack_memberships_contains_paid_content":false,"footnotes":"","jetpack_publicize_message":"","jetpack_publicize_feature_enabled":true,"jetpack_social_post_already_shared":true,"jetpack_social_options":{"image_generator_settings":{"template":"highway","default_image_id":0,"enabled":false},"version":2}},"categories":[8,1,2,7,3],"tags":[],"class_list":["post-32790","post","type-post","status-publish","format-image","has-post-thumbnail","hentry","category-deliberando","category-diario-armstrong","category-locales","category-politica","category-region","post_format-post-format-image"],"jetpack_publicize_connections":[],"jetpack_featured_media_url":"https:\/\/armstrongyregion.com.ar\/diario\/wp-content\/uploads\/2021\/12\/restricciones-tranca.jpg","jetpack_shortlink":"https:\/\/wp.me\/p62QDO-8wS","jetpack_sharing_enabled":true,"amp_enabled":true,"_links":{"self":[{"href":"https:\/\/armstrongyregion.com.ar\/diario\/wp-json\/wp\/v2\/posts\/32790","targetHints":{"allow":["GET"]}}],"collection":[{"href":"https:\/\/armstrongyregion.com.ar\/diario\/wp-json\/wp\/v2\/posts"}],"about":[{"href":"https:\/\/armstrongyregion.com.ar\/diario\/wp-json\/wp\/v2\/types\/post"}],"author":[{"embeddable":true,"href":"https:\/\/armstrongyregion.com.ar\/diario\/wp-json\/wp\/v2\/users\/1"}],"replies":[{"embeddable":true,"href":"https:\/\/armstrongyregion.com.ar\/diario\/wp-json\/wp\/v2\/comments?post=32790"}],"version-history":[{"count":1,"href":"https:\/\/armstrongyregion.com.ar\/diario\/wp-json\/wp\/v2\/posts\/32790\/revisions"}],"predecessor-version":[{"id":32792,"href":"https:\/\/armstrongyregion.com.ar\/diario\/wp-json\/wp\/v2\/posts\/32790\/revisions\/32792"}],"wp:featuredmedia":[{"embeddable":true,"href":"https:\/\/armstrongyregion.com.ar\/diario\/wp-json\/wp\/v2\/media\/32791"}],"wp:attachment":[{"href":"https:\/\/armstrongyregion.com.ar\/diario\/wp-json\/wp\/v2\/media?parent=32790"}],"wp:term":[{"taxonomy":"category","embeddable":true,"href":"https:\/\/armstrongyregion.com.ar\/diario\/wp-json\/wp\/v2\/categories?post=32790"},{"taxonomy":"post_tag","embeddable":true,"href":"https:\/\/armstrongyregion.com.ar\/diario\/wp-json\/wp\/v2\/tags?post=32790"}],"curies":[{"name":"wp","href":"https:\/\/api.w.org\/{rel}","templated":true}]}}