{"id":32787,"date":"2021-12-30T11:12:12","date_gmt":"2021-12-30T11:12:12","guid":{"rendered":"https:\/\/armstrongyregion.com.ar\/diario\/?p=32787"},"modified":"2021-12-30T11:12:15","modified_gmt":"2021-12-30T11:12:15","slug":"el-intendente-verdecchia-ofrecio-un-brindis-a-periodistas-para-despedir-el-ano","status":"publish","type":"post","link":"https:\/\/armstrongyregion.com.ar\/diario\/el-intendente-verdecchia-ofrecio-un-brindis-a-periodistas-para-despedir-el-ano\/","title":{"rendered":"El intendente Verdecchia ofreci\u00f3 un brindis a periodistas para despedir el a\u00f1o."},"content":{"rendered":"\n<figure class=\"wp-block-image size-large\"><img loading=\"lazy\" decoding=\"async\" width=\"640\" height=\"360\" src=\"http:\/\/armstrongyregion.com.ar\/diario\/wp-content\/uploads\/2021\/12\/periodistas-sincuore.jpg\" alt=\"\" class=\"wp-image-32788\" srcset=\"https:\/\/armstrongyregion.com.ar\/diario\/wp-content\/uploads\/2021\/12\/periodistas-sincuore.jpg 640w, https:\/\/armstrongyregion.com.ar\/diario\/wp-content\/uploads\/2021\/12\/periodistas-sincuore-300x169.jpg 300w\" sizes=\"auto, (max-width: 640px) 100vw, 640px\" \/><\/figure>\n\n\n\n<p> El intendente de la Ciudad, Dr. Pablo Verdecchia, brind\u00f3 un agasajo a los periodistas de distintos medios de comunicaci\u00f3n, oportunidad en que les manifest\u00f3 su agradecimiento por la noble  tarea que cumplieron a lo largo del 2021.<\/p>\n\n\n\n<p> \u201cQuiero agradecerles a todos ustedes por el trabajo que realizan diariamente, ya que a trav\u00e9s de los medios podemos hacer visible todo lo que realizamos desde el municipio para los vecinos de la ciudad\u201d, dijo Verdecchia al dirigirse a los representantes de los distintos medios de comunicaci\u00f3n local. <\/p>\n\n\n\n<p> \u201cEstamos cerrando un a\u00f1o bastante dif\u00edcil para todos los argentinos, pero levantemos la copa por un a\u00f1o de mucha paz, salud y prosperidad\u00bb<\/p>\n\n\n\n<p> El jefe comunal asegur\u00f3 que, pese a los inconvenientes que se presentaron a lo largo del a\u00f1o, \u201ccon mucho esfuerzo se pudo avanzar en varios aspectos que trajeron beneficios a los vecinos y vecinas de la ciudad\u00bb.<\/p>\n\n\n\n<p> Dijo\u00a0 en ese sentido que \u201ca\u00fan falta mucho por hacer, por eso esperamos que en este nuevo a\u00f1o que se inicia podamos concretar los distintos objetivos que nos trazamos. Sabemos que hay problemas estructurales en nuestros barrios que debemos solucionar y nuestro principal desaf\u00edo consiste en ir solucionando esos problemas, para promover bienestar y mejorar la calidad de vida de todos los habitantes de nuestra ciudad\u201d, reiter\u00f3. <\/p>\n\n\n\n<p><\/p>\n","protected":false},"excerpt":{"rendered":"<p>El intendente de la Ciudad, Dr. Pablo Verdecchia, brind\u00f3 un agasajo a los periodistas de distintos medios de comunicaci\u00f3n, oportunidad en que les manifest\u00f3 su agradecimiento por la noble tarea que cumplieron a lo largo del 2021. \u201cQuiero agradecerles a todos ustedes por el trabajo que realizan diariamente, ya que a trav\u00e9s de los medios <a href=\"https:\/\/armstrongyregion.com.ar\/diario\/el-intendente-verdecchia-ofrecio-un-brindis-a-periodistas-para-despedir-el-ano\/\" title=\"Read more\" >&#8230;<\/a><\/p>\n","protected":false},"author":1,"featured_media":32788,"comment_status":"open","ping_status":"open","sticky":false,"template":"","format":"image","meta":{"_jetpack_memberships_contains_paid_content":false,"footnotes":"","jetpack_publicize_message":"","jetpack_publicize_feature_enabled":true,"jetpack_social_post_already_shared":true,"jetpack_social_options":{"image_generator_settings":{"template":"highway","default_image_id":0,"enabled":false},"version":2}},"categories":[8,1,2,7,3],"tags":[],"class_list":["post-32787","post","type-post","status-publish","format-image","has-post-thumbnail","hentry","category-deliberando","category-diario-armstrong","category-locales","category-politica","category-region","post_format-post-format-image"],"jetpack_publicize_connections":[],"jetpack_featured_media_url":"https:\/\/armstrongyregion.com.ar\/diario\/wp-content\/uploads\/2021\/12\/periodistas-sincuore.jpg","jetpack_shortlink":"https:\/\/wp.me\/p62QDO-8wP","jetpack_sharing_enabled":true,"amp_enabled":true,"_links":{"self":[{"href":"https:\/\/armstrongyregion.com.ar\/diario\/wp-json\/wp\/v2\/posts\/32787","targetHints":{"allow":["GET"]}}],"collection":[{"href":"https:\/\/armstrongyregion.com.ar\/diario\/wp-json\/wp\/v2\/posts"}],"about":[{"href":"https:\/\/armstrongyregion.com.ar\/diario\/wp-json\/wp\/v2\/types\/post"}],"author":[{"embeddable":true,"href":"https:\/\/armstrongyregion.com.ar\/diario\/wp-json\/wp\/v2\/users\/1"}],"replies":[{"embeddable":true,"href":"https:\/\/armstrongyregion.com.ar\/diario\/wp-json\/wp\/v2\/comments?post=32787"}],"version-history":[{"count":1,"href":"https:\/\/armstrongyregion.com.ar\/diario\/wp-json\/wp\/v2\/posts\/32787\/revisions"}],"predecessor-version":[{"id":32789,"href":"https:\/\/armstrongyregion.com.ar\/diario\/wp-json\/wp\/v2\/posts\/32787\/revisions\/32789"}],"wp:featuredmedia":[{"embeddable":true,"href":"https:\/\/armstrongyregion.com.ar\/diario\/wp-json\/wp\/v2\/media\/32788"}],"wp:attachment":[{"href":"https:\/\/armstrongyregion.com.ar\/diario\/wp-json\/wp\/v2\/media?parent=32787"}],"wp:term":[{"taxonomy":"category","embeddable":true,"href":"https:\/\/armstrongyregion.com.ar\/diario\/wp-json\/wp\/v2\/categories?post=32787"},{"taxonomy":"post_tag","embeddable":true,"href":"https:\/\/armstrongyregion.com.ar\/diario\/wp-json\/wp\/v2\/tags?post=32787"}],"curies":[{"name":"wp","href":"https:\/\/api.w.org\/{rel}","templated":true}]}}