{"id":32773,"date":"2021-12-30T10:34:44","date_gmt":"2021-12-30T10:34:44","guid":{"rendered":"https:\/\/armstrongyregion.com.ar\/diario\/?p=32773"},"modified":"2021-12-30T10:34:46","modified_gmt":"2021-12-30T10:34:46","slug":"aprueban-la-ley-tributaria-el-presupuesto-sigue-en-discusion","status":"publish","type":"post","link":"https:\/\/armstrongyregion.com.ar\/diario\/aprueban-la-ley-tributaria-el-presupuesto-sigue-en-discusion\/","title":{"rendered":"Aprueban la ley tributaria; el presupuesto sigue en discusi\u00f3n."},"content":{"rendered":"\n<figure class=\"wp-block-image size-large\"><img loading=\"lazy\" decoding=\"async\" width=\"640\" height=\"360\" src=\"http:\/\/armstrongyregion.com.ar\/diario\/wp-content\/uploads\/2021\/12\/clara-fpcs.jpg\" alt=\"\" class=\"wp-image-32774\" srcset=\"https:\/\/armstrongyregion.com.ar\/diario\/wp-content\/uploads\/2021\/12\/clara-fpcs.jpg 640w, https:\/\/armstrongyregion.com.ar\/diario\/wp-content\/uploads\/2021\/12\/clara-fpcs-300x169.jpg 300w\" sizes=\"auto, (max-width: 640px) 100vw, 640px\" \/><\/figure>\n\n\n\n<h2 class=\"wp-block-heading\"> <em>\u201cVamos a continuar trabajando en el proyecto del presupuesto. Necesitamos encontrarnos en una propuesta equilibrada, transparente y que atienda las necesidades de todos los municipios y comunas de Santa Fe\u201d, sostuvo Joaqu\u00edn Blanco. La norma sancionada prev\u00e9 una compensaci\u00f3n a los gobiernos locales.<\/em> <\/h2>\n\n\n\n<p>En la \u00faltima sesi\u00f3n extraordinaria del a\u00f1o, la C\u00e1mara de Diputadas y Diputados aprob\u00f3 la Ley Tributaria, que ya contaba con la media sanci\u00f3n del Senado. En tanto, el proyecto de Presupuesto 2022 pas\u00f3 a comisi\u00f3n, lo que implica que la iniciativa seguir\u00e1 en discusi\u00f3n y su aprobaci\u00f3n pasar\u00e1 a 2022.<br><br>El presidente del bloque socialista, Joaqu\u00edn Blanco, resalt\u00f3 la aprobaci\u00f3n de la norma que \u201cbrinda certeza acerca de cu\u00e1les ser\u00e1n los impuestos que va a cobrar el gobierno provincial el a\u00f1o pr\u00f3ximo a los contribuyentes, fundamentalmente de los sectores productivos, y sobre c\u00f3mo se va a financiar el Estado santafesino\u201d. De la misma manera destac\u00f3 la Ley de Emergencia en Seguridad y Servicio Penitenciario, aprobada ayer, \u201cuna herramienta fundamental para atender la crisis y la compra de bienes para la Polic\u00eda\u201d.<br><br>En cambio, el legislador lament\u00f3 \u201cla falta de acuerdo\u201d para aprobar el Presupuesto 2022. \u201cNo pudimos avanzar pese al esfuerzo que venimos haciendo desde hace semanas para evitar el escenario que se dio a nivel nacional\u201d, donde el gobierno central deber\u00e1 encarar la gesti\u00f3n el a\u00f1o pr\u00f3ximo con el presupuesto 2021.<br><br>\u201cVamos a esperar y a postergar la discusi\u00f3n hasta que el gobierno provincial pueda construir una s\u00edntesis junto con la oposici\u00f3n para tener un presupuesto equilibrado, transparente y que atienda las necesidades de todos los municipios y comunas de Santa Fe\u201d, sostuvo Blanco.<br><br>Por su parte, Clara Garc\u00eda apel\u00f3 \u201ca que el gobierno provincial tome en serio su tarea por la responsabilidad que le cabe y por la relaci\u00f3n con esta C\u00e1mara\u201d, al tiempo que habl\u00f3 de \u201cimprovisaci\u00f3n, cambio de interlocutores, ineficiencia, lentitud, falta de claridad y contundencia\u201d para describir el proceder del Ejecutivo a la hora de interactuar con los legisladores en lo referido a la discusi\u00f3n del presupuesto.<br><br>\u201cVemos un control abusivo de las finanzas \u2013sentenci\u00f3-, que le gana a la eficiencia de gesti\u00f3n y tambi\u00e9n a la autonom\u00eda de los municipios y comunas, que han sido exigidos y ninguneados. Y hoy, al parecer, tambi\u00e9n le gan\u00f3 a la m\u00e1s alta decisi\u00f3n pol\u00edtica de esta provincia\u201d, apunt\u00f3.<br><br>\u201cAhora tienen un mes para elaborar una agenda de trabajo, decidir qui\u00e9n ser\u00e1 el interlocutor y hacernos part\u00edcipes, y seguramente tendremos el mejor presupuesto para la provincia\u201d, confi\u00f3 la diputada, dejando una advertencia: \u201cQue no digan que no pueden gestionar en enero porque con el presupuesto reconducido pueden administrar absolutamente todo\u201d.<br><br><strong>COMPENSACI\u00d3N A LOS MUNICIPIOS Y COMUNAS<\/strong><br><br>Durante la sesi\u00f3n, Blanco no solo denunci\u00f3 que \u201clos gobiernos locales de una fuerza pol\u00edtica distinta a la del gobernador Omar Perotti fueron severamente discriminados en este a\u00f1o electoral\u201d, sino que reclam\u00f3 al Ejecutivo \u201cque pague sus deudas atrasadas\u201d en concepto tales como el Fondos de Obras Menores, Plan Incluir, Obras Delegadas, convenios de Vialidad, Vivienda y Desarrollo Social. \u201cNo queremos una provincia rica, con super\u00e1vit y fondos acumulados en plazos fijos que no cumple con los compromisos fijados con sus municipios y comunas, y los obliga a peregrinar para acceder a esos recursos comprometidos cualquiera sea su signo pol\u00edtico\u201d, dijo.<br><br>En este sentido, con el impulso de diferentes bloques, se incorpor\u00f3 en la norma una compensaci\u00f3n a los gobiernos locales por la menor recaudaci\u00f3n que tendr\u00e1n al aplicar el tope del 30% del incremento al impuesto sobre la Patente Automotor que propone el gobierno provincial para 2022.<br><br>\u201cEl 90% de la recaudaci\u00f3n de este tributo corresponde a municipios y comunas, que no fueron consultadas por esta medida, que impactar\u00e1 en los ingresos ya que se ver\u00e1n reducidos por no acompa\u00f1ar el impacto de la inflaci\u00f3n\u201d, explic\u00f3 Garc\u00eda, quien agreg\u00f3: \u201cEste alivio fiscal que se propone debe tener una compensaci\u00f3n y por eso, para el ejercicio pr\u00f3ximo, propusimos que la recaudaci\u00f3n del impuesto Inmobiliario se distribuya 40% al tesoro provincial y 60% a los gobiernos locales, en lugar del 50 % y 50 % actual\u201d.<br><br><strong>UN GOBIERNO ENFRASCADO EN LAS INTERNAS<\/strong><br><br>\u201cEl de Perotti es un gobierno enfrascado en sus discusiones internas, que despu\u00e9s de dos a\u00f1os todav\u00eda no puede explicitar cu\u00e1l es su rumbo. Llegaron planteando la unidad en la diversidad, pero en las \u00faltimas elecciones internas el gobernador compiti\u00f3 en una lista y la vicegobernadora (Alejandra Rodenas) en otra. Despu\u00e9s, el propio gobernador con su cara en una boleta como candidato a senador fue derrotado en las urnas. Es un gobierno quebrado pol\u00edticamente que arrastr\u00f3 a la provincia en esa crisis\u201d, apunt\u00f3 el diputado socialista.<br><br>\u201cEn 24 meses de gesti\u00f3n \u2013continu\u00f3- tuvo tres ministros de Gobierno y hoy tiene un Ministerio de Seguridad que, seg\u00fan su responsable Jorge Lagna, se est\u00e1 refundando\u201d.<br><br>\u201cEs un gobierno descompuesto, sin objetivos y sin capacidad de entablar un di\u00e1logo pol\u00edtico, pero le quedan dos a\u00f1os de gesti\u00f3n y en ese camino va a encontrar a los socialistas para que entre todos salgamos adelante con di\u00e1logo, con escucha y con paciencia\u201d, afirm\u00f3.<br><br><strong>DEUDA DE NACI\u00d3N, BILLETERA SANTA FE, PLAN INCLUIR<\/strong><br><br>Blanco se\u00f1al\u00f3 algunas de las cuestiones m\u00e1s cuestionadas del proyecto oficial. Dej\u00f3 en claro que es el Ejecutivo \u201ces el que fija sus prioridades presupuestarias\u201d, pero advirti\u00f3 que desde el socialismo ser\u00e1n \u201cmuy celosos para garantizar que los recursos lleguen a todo el territorio, para controlar a qu\u00e9 se destinar\u00e1n los fondos de la deuda de Naci\u00f3n reconocida por la Corte Suprema de Justicia y cu\u00e1l ser\u00e1 el futuro del programa Billetera Santa Fe\u201d.<br><br>Sobre este \u00faltimo, precis\u00f3 que a lo largo de este a\u00f1o insumi\u00f3 30.000 millones de pesos, un cuarto de la deuda de Naci\u00f3n con Santa Fe, que asciende a 120.000 millones. Para 2022, en tanto, el programa solo tiene asignado 12.000 millones. \u00bfQu\u00e9 se subsidi\u00f3? \u00bfLleg\u00f3 a los sectores m\u00e1s vulnerables? \u00bfVan a licuar los fondos o se va convertir en un negocio privado para dar cr\u00e9ditos a los usuarios cautivos? No sabemos qu\u00e9 va a hacer este gobierno\u201d, dijo el legislador.<br><br>Tambi\u00e9n se\u00f1al\u00f3 interrogantes sobre el Plan Incluir, al que se asignaron 4.000 millones pesos en 2021 y la misma suma para 2022. \u201c\u00bfHabr\u00e1 recortes? \u00bfS\u00f3lo llegar\u00e1 a los municipios justicialistas? Tampoco lo sabemos\u201d, a\u00f1adi\u00f3.<br><br>\u201cSi se convoca al di\u00e1logo en las malas, como en la crisis de seguridad, tambi\u00e9n debe haber di\u00e1logo en las buenas, por ejemplo, para discutir un presupuesto. No vamos a aceptar un proyecto que sea un dibujo, sin ning\u00fan tipo de control presupuestario. Pero apostamos a encontrar un camino de entendimiento para que la provincia tenga su presupuesto en 2022\u201d, concluy\u00f3.<\/p>\n","protected":false},"excerpt":{"rendered":"<p>\u201cVamos a continuar trabajando en el proyecto del presupuesto. Necesitamos encontrarnos en una propuesta equilibrada, transparente y que atienda las necesidades de todos los municipios y comunas de Santa Fe\u201d, sostuvo Joaqu\u00edn Blanco. La norma sancionada prev\u00e9 una compensaci\u00f3n a los gobiernos locales. En la \u00faltima sesi\u00f3n extraordinaria del a\u00f1o, la C\u00e1mara de Diputadas y <a href=\"https:\/\/armstrongyregion.com.ar\/diario\/aprueban-la-ley-tributaria-el-presupuesto-sigue-en-discusion\/\" title=\"Read more\" >&#8230;<\/a><\/p>\n","protected":false},"author":1,"featured_media":32774,"comment_status":"open","ping_status":"open","sticky":false,"template":"","format":"image","meta":{"_jetpack_memberships_contains_paid_content":false,"footnotes":"","jetpack_publicize_message":"","jetpack_publicize_feature_enabled":true,"jetpack_social_post_already_shared":true,"jetpack_social_options":{"image_generator_settings":{"template":"highway","default_image_id":0,"enabled":false},"version":2}},"categories":[8,1,2,4,3],"tags":[],"class_list":["post-32773","post","type-post","status-publish","format-image","has-post-thumbnail","hentry","category-deliberando","category-diario-armstrong","category-locales","category-prevencion-salud","category-region","post_format-post-format-image"],"jetpack_publicize_connections":[],"jetpack_featured_media_url":"https:\/\/armstrongyregion.com.ar\/diario\/wp-content\/uploads\/2021\/12\/clara-fpcs.jpg","jetpack_shortlink":"https:\/\/wp.me\/p62QDO-8wB","jetpack_sharing_enabled":true,"amp_enabled":true,"_links":{"self":[{"href":"https:\/\/armstrongyregion.com.ar\/diario\/wp-json\/wp\/v2\/posts\/32773","targetHints":{"allow":["GET"]}}],"collection":[{"href":"https:\/\/armstrongyregion.com.ar\/diario\/wp-json\/wp\/v2\/posts"}],"about":[{"href":"https:\/\/armstrongyregion.com.ar\/diario\/wp-json\/wp\/v2\/types\/post"}],"author":[{"embeddable":true,"href":"https:\/\/armstrongyregion.com.ar\/diario\/wp-json\/wp\/v2\/users\/1"}],"replies":[{"embeddable":true,"href":"https:\/\/armstrongyregion.com.ar\/diario\/wp-json\/wp\/v2\/comments?post=32773"}],"version-history":[{"count":1,"href":"https:\/\/armstrongyregion.com.ar\/diario\/wp-json\/wp\/v2\/posts\/32773\/revisions"}],"predecessor-version":[{"id":32775,"href":"https:\/\/armstrongyregion.com.ar\/diario\/wp-json\/wp\/v2\/posts\/32773\/revisions\/32775"}],"wp:featuredmedia":[{"embeddable":true,"href":"https:\/\/armstrongyregion.com.ar\/diario\/wp-json\/wp\/v2\/media\/32774"}],"wp:attachment":[{"href":"https:\/\/armstrongyregion.com.ar\/diario\/wp-json\/wp\/v2\/media?parent=32773"}],"wp:term":[{"taxonomy":"category","embeddable":true,"href":"https:\/\/armstrongyregion.com.ar\/diario\/wp-json\/wp\/v2\/categories?post=32773"},{"taxonomy":"post_tag","embeddable":true,"href":"https:\/\/armstrongyregion.com.ar\/diario\/wp-json\/wp\/v2\/tags?post=32773"}],"curies":[{"name":"wp","href":"https:\/\/api.w.org\/{rel}","templated":true}]}}