{"id":32698,"date":"2021-12-22T03:15:58","date_gmt":"2021-12-22T03:15:58","guid":{"rendered":"https:\/\/armstrongyregion.com.ar\/diario\/?p=32698"},"modified":"2021-12-22T03:15:59","modified_gmt":"2021-12-22T03:15:59","slug":"canada-de-gomez-una-nueva-edicion-de-la-tradicional-feria-navidena","status":"publish","type":"post","link":"https:\/\/armstrongyregion.com.ar\/diario\/canada-de-gomez-una-nueva-edicion-de-la-tradicional-feria-navidena\/","title":{"rendered":"Ca\u00f1ada de G\u00f3mez. Una nueva edici\u00f3n de la tradicional feria navide\u00f1a."},"content":{"rendered":"\n<figure class=\"wp-block-image size-large\"><img loading=\"lazy\" decoding=\"async\" width=\"640\" height=\"480\" src=\"http:\/\/armstrongyregion.com.ar\/diario\/wp-content\/uploads\/2021\/12\/clerici-feria-nav-2021.jpg\" alt=\"\" class=\"wp-image-32699\" srcset=\"https:\/\/armstrongyregion.com.ar\/diario\/wp-content\/uploads\/2021\/12\/clerici-feria-nav-2021.jpg 640w, https:\/\/armstrongyregion.com.ar\/diario\/wp-content\/uploads\/2021\/12\/clerici-feria-nav-2021-300x225.jpg 300w\" sizes=\"auto, (max-width: 640px) 100vw, 640px\" \/><\/figure>\n\n\n\n<p><strong>Se llev\u00f3 adelante en Plaza San Mart\u00edn durante el fin de semana, con un gran despliegue de artesanos y emprendedores de todos los rubros. Hoy contin\u00faan las iniciativas comerciales, gastron\u00f3micas y art\u00edsticas en el marco de estas fiestas, con la Peatonal Navide\u00f1a sobre calle Lavalle.<\/strong><\/p>\n\n\n\n<p>\u201cEstamos muy felices de concretar estas iniciativas tan importantes para la ciudad, fruto del trabajo conjunto entre los sectores p\u00fablico y privado\u201d, expres\u00f3 la intendenta Stella Cl\u00e9rici, en el marco de la Feria Navide\u00f1a. Por su parte, el presidente del Concejo Municipal, Marcelo Casalegno remarc\u00f3 la contundente participaci\u00f3n de artesanos y emprendedores, que se congregaron en Plaza San Mart\u00edn.<\/p>\n\n\n\n<p>Hoy en Ca\u00f1ada de G\u00f3mez continuar\u00e1 el clima previo a las fiestas a partir de la Peatonal Navide\u00f1a, con eventos musicales y propuestas especiales de los comercios.<\/p>\n","protected":false},"excerpt":{"rendered":"<p>Se llev\u00f3 adelante en Plaza San Mart\u00edn durante el fin de semana, con un gran despliegue de artesanos y emprendedores de todos los rubros. Hoy contin\u00faan las iniciativas comerciales, gastron\u00f3micas y art\u00edsticas en el marco de estas fiestas, con la Peatonal Navide\u00f1a sobre calle Lavalle. \u201cEstamos muy felices de concretar estas iniciativas tan importantes para <a href=\"https:\/\/armstrongyregion.com.ar\/diario\/canada-de-gomez-una-nueva-edicion-de-la-tradicional-feria-navidena\/\" title=\"Read more\" >&#8230;<\/a><\/p>\n","protected":false},"author":1,"featured_media":32699,"comment_status":"open","ping_status":"open","sticky":false,"template":"","format":"image","meta":{"_jetpack_memberships_contains_paid_content":false,"footnotes":"","jetpack_publicize_message":"","jetpack_publicize_feature_enabled":true,"jetpack_social_post_already_shared":true,"jetpack_social_options":{"image_generator_settings":{"template":"highway","default_image_id":0,"enabled":false},"version":2}},"categories":[8,1,7,3],"tags":[],"class_list":["post-32698","post","type-post","status-publish","format-image","has-post-thumbnail","hentry","category-deliberando","category-diario-armstrong","category-politica","category-region","post_format-post-format-image"],"jetpack_publicize_connections":[],"jetpack_featured_media_url":"https:\/\/armstrongyregion.com.ar\/diario\/wp-content\/uploads\/2021\/12\/clerici-feria-nav-2021.jpg","jetpack_shortlink":"https:\/\/wp.me\/p62QDO-8vo","jetpack_sharing_enabled":true,"amp_enabled":true,"_links":{"self":[{"href":"https:\/\/armstrongyregion.com.ar\/diario\/wp-json\/wp\/v2\/posts\/32698","targetHints":{"allow":["GET"]}}],"collection":[{"href":"https:\/\/armstrongyregion.com.ar\/diario\/wp-json\/wp\/v2\/posts"}],"about":[{"href":"https:\/\/armstrongyregion.com.ar\/diario\/wp-json\/wp\/v2\/types\/post"}],"author":[{"embeddable":true,"href":"https:\/\/armstrongyregion.com.ar\/diario\/wp-json\/wp\/v2\/users\/1"}],"replies":[{"embeddable":true,"href":"https:\/\/armstrongyregion.com.ar\/diario\/wp-json\/wp\/v2\/comments?post=32698"}],"version-history":[{"count":1,"href":"https:\/\/armstrongyregion.com.ar\/diario\/wp-json\/wp\/v2\/posts\/32698\/revisions"}],"predecessor-version":[{"id":32700,"href":"https:\/\/armstrongyregion.com.ar\/diario\/wp-json\/wp\/v2\/posts\/32698\/revisions\/32700"}],"wp:featuredmedia":[{"embeddable":true,"href":"https:\/\/armstrongyregion.com.ar\/diario\/wp-json\/wp\/v2\/media\/32699"}],"wp:attachment":[{"href":"https:\/\/armstrongyregion.com.ar\/diario\/wp-json\/wp\/v2\/media?parent=32698"}],"wp:term":[{"taxonomy":"category","embeddable":true,"href":"https:\/\/armstrongyregion.com.ar\/diario\/wp-json\/wp\/v2\/categories?post=32698"},{"taxonomy":"post_tag","embeddable":true,"href":"https:\/\/armstrongyregion.com.ar\/diario\/wp-json\/wp\/v2\/tags?post=32698"}],"curies":[{"name":"wp","href":"https:\/\/api.w.org\/{rel}","templated":true}]}}