{"id":32676,"date":"2021-12-19T02:37:31","date_gmt":"2021-12-19T02:37:31","guid":{"rendered":"https:\/\/armstrongyregion.com.ar\/diario\/?p=32676"},"modified":"2021-12-19T02:37:33","modified_gmt":"2021-12-19T02:37:33","slug":"la-camara-de-senadores-reconocio-al-personal-de-salud-del-dto-belgrano","status":"publish","type":"post","link":"https:\/\/armstrongyregion.com.ar\/diario\/la-camara-de-senadores-reconocio-al-personal-de-salud-del-dto-belgrano\/","title":{"rendered":"La C\u00e1mara de Senadores reconoci\u00f3 al personal de salud del Dto. Belgrano."},"content":{"rendered":"\n<figure class=\"wp-block-image size-large\"><img loading=\"lazy\" decoding=\"async\" width=\"480\" height=\"270\" src=\"http:\/\/armstrongyregion.com.ar\/diario\/wp-content\/uploads\/2021\/12\/GC-2021-12-16-Fb-Reconocimiento-Salud-1.jpg\" alt=\"\" class=\"wp-image-32677\" srcset=\"https:\/\/armstrongyregion.com.ar\/diario\/wp-content\/uploads\/2021\/12\/GC-2021-12-16-Fb-Reconocimiento-Salud-1.jpg 480w, https:\/\/armstrongyregion.com.ar\/diario\/wp-content\/uploads\/2021\/12\/GC-2021-12-16-Fb-Reconocimiento-Salud-1-300x169.jpg 300w\" sizes=\"auto, (max-width: 480px) 100vw, 480px\" \/><\/figure>\n\n\n\n<h2 class=\"wp-block-heading\"><strong>\u201cEste es un m\u00ednimo reconocimiento para las y los trabajadores de la salud, quienes nos atienden todos los d\u00edas, en todo momento, con o sin pandemia, cuidando nuestras vidas\u201d, manifest\u00f3 el senador Guillermo Cornaglia.<\/strong><\/h2>\n\n\n\n<p>La C\u00e1mara de Senadores de Santa Fe realiz\u00f3 un acto p\u00fablico para reconocer a las y los agentes de salud que trabajaron a fines de cuidar a la comunidad ante la pandemia de Covid-19. La ceremonia se realiz\u00f3 el mi\u00e9rcoles 15 de diciembre por la tarde-noche en la explanada de la Legislatura y cont\u00f3 con la presencia de agentes de salud de todo el territorio, donde en su nombre se homenaje\u00f3 la incansable labor de todo el personal sanitario en la pandemia de Covid-19.<\/p>\n\n\n\n<p>El senador provincial Guillermo Cornaglia declar\u00f3 a medios de la regi\u00f3n:&nbsp;<em>\u201cSin dudas que este reconocimiento es poco para la tarea incansable e indescriptible que cada profesional de la salud llev\u00f3 a cabo durante la pandemia. Este es un m\u00ednimo reconocimiento de la C\u00e1mara de Senadores para las y los trabajadores de la salud, quienes nos atienden todos los d\u00edas, en todo momento, con o sin pandemia, cuidando nuestras vidas\u201d<\/em>.<br><\/p>\n\n\n\n<p>El legislador por el departamento Belgrano explic\u00f3 que la selecci\u00f3n de las personas distinguidas se hizo con participaci\u00f3n especial de los efectores de salud de cada localidad, as\u00ed como de presidentes comunales e intendentes, quienes eligieron a dos trabajadores o trabajadoras de cada distrito para representar en este acto a todo el personal de salud del departamento Belgrano.<\/p>\n\n\n\n<p>Por su parte, el director del Hospital de Las Rosas, Dr. Alejandro Luna, expres\u00f3:&nbsp;<em>\u201cEs bueno que la pol\u00edtica reconozca el trabajo realizado por los efectores de salud, nosotros venimos en representaci\u00f3n de todo el personal del hospital. El hecho de haber podido trabajar durante la pandemia es resultado de un esfuerzo de todos los sectores, de la parte m\u00e9dica, enfermer\u00eda, servicios generales, auxiliares de medicina y administraci\u00f3n\u201d<\/em>.<br><\/p>\n\n\n\n<p>Luna agradeci\u00f3 tambi\u00e9n el apoyo incondicional de las familias del personal de salud por el acompa\u00f1amiento que les dieron para poder llevar adelante su trabajo.&nbsp;<em>\u201cNuestra familia nos recib\u00eda todos los d\u00edas despu\u00e9s de haber trabajado sin conocer la situaci\u00f3n en la que volv\u00edamos a nuestras casas. Sin embargo, nos permitieron junto a nuestros vecinos continuar con una vida dentro de lo normal. Recordemos que a muchos trabajadores de la salud se los agred\u00eda y les ped\u00edan que se muden de sus edificios, y en nuestra comunidad eso no se vio\u201d<\/em>, agreg\u00f3.<\/p>\n\n\n\n<p>El director del hospital de Las Rosas explic\u00f3 que gracias a la vacuna se podr\u00eda decir que el trabajo que llevan adelante es un poco \u2018m\u00e1s normal\u2019, pero que el a\u00f1o pasado era muy dif\u00edcil, ten\u00edan que asumir el riesgo y no sab\u00edan si volv\u00edan a sus casas si se enfermaban.&nbsp;<em>\u201cLa gran batalla fue la primera ola, fue un acto de coraje y arrojo de todo el personal de la salud de todos los hospitales del mundo\u201d<\/em>, afirm\u00f3.<br><\/p>\n\n\n\n<p>A su turno, el Dr. Abel Tamantini, hizo extensivo el reconocimiento a todos sus compa\u00f1eros, a todo el personal por la valent\u00eda que tuvieron.&nbsp;<em>\u201cFueron d\u00edas muy angustiantes donde no sab\u00edamos a qu\u00e9 nos enfrent\u00e1bamos y sin embargo se pudo superar. Tambi\u00e9n queremos agradecer a la poblaci\u00f3n por el reconocimiento y apoyo que tuvo para con el hospital\u201d<\/em>, finaliz\u00f3.<br><\/p>\n\n\n\n<p>El acto incluy\u00f3 adem\u00e1s la realizaci\u00f3n de un minuto de silencio en expresi\u00f3n de condolencias por las personas que fallecieron debido a la pandemia de Covid-19. Luego, la presidenta de la C\u00e1mara y los senadores descubrieron una placa conmemorativa instalada en un memorial emplazado sobre calle 4 de Enero de la ciudad de Santa Fe.<\/p>\n","protected":false},"excerpt":{"rendered":"<p>\u201cEste es un m\u00ednimo reconocimiento para las y los trabajadores de la salud, quienes nos atienden todos los d\u00edas, en todo momento, con o sin pandemia, cuidando nuestras vidas\u201d, manifest\u00f3 el senador Guillermo Cornaglia. La C\u00e1mara de Senadores de Santa Fe realiz\u00f3 un acto p\u00fablico para reconocer a las y los agentes de salud que <a href=\"https:\/\/armstrongyregion.com.ar\/diario\/la-camara-de-senadores-reconocio-al-personal-de-salud-del-dto-belgrano\/\" title=\"Read more\" >&#8230;<\/a><\/p>\n","protected":false},"author":1,"featured_media":32677,"comment_status":"open","ping_status":"open","sticky":false,"template":"","format":"image","meta":{"_jetpack_memberships_contains_paid_content":false,"footnotes":"","jetpack_publicize_message":"","jetpack_publicize_feature_enabled":true,"jetpack_social_post_already_shared":true,"jetpack_social_options":{"image_generator_settings":{"template":"highway","default_image_id":0,"enabled":false},"version":2}},"categories":[8,1,2,7,3],"tags":[],"class_list":["post-32676","post","type-post","status-publish","format-image","has-post-thumbnail","hentry","category-deliberando","category-diario-armstrong","category-locales","category-politica","category-region","post_format-post-format-image"],"jetpack_publicize_connections":[],"jetpack_featured_media_url":"https:\/\/armstrongyregion.com.ar\/diario\/wp-content\/uploads\/2021\/12\/GC-2021-12-16-Fb-Reconocimiento-Salud-1.jpg","jetpack_shortlink":"https:\/\/wp.me\/p62QDO-8v2","jetpack_sharing_enabled":true,"amp_enabled":true,"_links":{"self":[{"href":"https:\/\/armstrongyregion.com.ar\/diario\/wp-json\/wp\/v2\/posts\/32676","targetHints":{"allow":["GET"]}}],"collection":[{"href":"https:\/\/armstrongyregion.com.ar\/diario\/wp-json\/wp\/v2\/posts"}],"about":[{"href":"https:\/\/armstrongyregion.com.ar\/diario\/wp-json\/wp\/v2\/types\/post"}],"author":[{"embeddable":true,"href":"https:\/\/armstrongyregion.com.ar\/diario\/wp-json\/wp\/v2\/users\/1"}],"replies":[{"embeddable":true,"href":"https:\/\/armstrongyregion.com.ar\/diario\/wp-json\/wp\/v2\/comments?post=32676"}],"version-history":[{"count":1,"href":"https:\/\/armstrongyregion.com.ar\/diario\/wp-json\/wp\/v2\/posts\/32676\/revisions"}],"predecessor-version":[{"id":32678,"href":"https:\/\/armstrongyregion.com.ar\/diario\/wp-json\/wp\/v2\/posts\/32676\/revisions\/32678"}],"wp:featuredmedia":[{"embeddable":true,"href":"https:\/\/armstrongyregion.com.ar\/diario\/wp-json\/wp\/v2\/media\/32677"}],"wp:attachment":[{"href":"https:\/\/armstrongyregion.com.ar\/diario\/wp-json\/wp\/v2\/media?parent=32676"}],"wp:term":[{"taxonomy":"category","embeddable":true,"href":"https:\/\/armstrongyregion.com.ar\/diario\/wp-json\/wp\/v2\/categories?post=32676"},{"taxonomy":"post_tag","embeddable":true,"href":"https:\/\/armstrongyregion.com.ar\/diario\/wp-json\/wp\/v2\/tags?post=32676"}],"curies":[{"name":"wp","href":"https:\/\/api.w.org\/{rel}","templated":true}]}}