{"id":32652,"date":"2021-12-15T01:58:17","date_gmt":"2021-12-15T01:58:17","guid":{"rendered":"https:\/\/armstrongyregion.com.ar\/diario\/?p=32652"},"modified":"2021-12-15T01:58:19","modified_gmt":"2021-12-15T01:58:19","slug":"gran-actuacion-de-jairo-en-armstrong","status":"publish","type":"post","link":"https:\/\/armstrongyregion.com.ar\/diario\/gran-actuacion-de-jairo-en-armstrong\/","title":{"rendered":"Gran actuaci\u00f3n de Jairo en Armstrong."},"content":{"rendered":"\n<figure class=\"wp-block-image size-large\"><img loading=\"lazy\" decoding=\"async\" width=\"457\" height=\"475\" src=\"http:\/\/armstrongyregion.com.ar\/diario\/wp-content\/uploads\/2021\/12\/nota-jairo-1.1.jpg\" alt=\"\" class=\"wp-image-32653\" srcset=\"https:\/\/armstrongyregion.com.ar\/diario\/wp-content\/uploads\/2021\/12\/nota-jairo-1.1.jpg 457w, https:\/\/armstrongyregion.com.ar\/diario\/wp-content\/uploads\/2021\/12\/nota-jairo-1.1-289x300.jpg 289w\" sizes=\"auto, (max-width: 457px) 100vw, 457px\" \/><\/figure>\n\n\n\n<p>En el marco de la asunci\u00f3n de autoridades municipales y en conmemoraci\u00f3n de los 38 a\u00f1os de democracia en nuestro pa\u00eds, el viernes 10 de diciembre en plaza San Mart\u00edn se pudo disfrutar de un espect\u00e1culo de primer nivel a cargo de Jairo.<\/p>\n\n\n\n<figure class=\"wp-block-image\"><img decoding=\"async\" src=\"http:\/\/www.armstrong.gov.ar\/2020\/images\/articulos2021\/asunciondeautoridades\/nota-jairo-2.2.jpg\" alt=\"nota jairo 2.2\"\/><\/figure>\n\n\n\n<p>Fue un show de m\u00e1s de una hora y media de duraci\u00f3n en la que el popular cantante argentino repas\u00f3 cinco d\u00e9cadas con la m\u00fasica, interpretando canciones que marcaron a generaciones de argentinos.<\/p>\n\n\n\n<figure class=\"wp-block-image\"><img decoding=\"async\" src=\"http:\/\/www.armstrong.gov.ar\/2020\/images\/articulos2021\/asunciondeautoridades\/nota-jairo-3.jpg\" alt=\"nota jairo 3\"\/><\/figure>\n\n\n\n<p>Desde \u201cLos poetas no se rinden jam\u00e1s\u201d, con el que arranc\u00f3, el repertorio fue creciendo con el acompa\u00f1amiento de m\u00fasicos talentosos. As\u00ed transcurri\u00f3 el recital, seguido por un atento auditorio, que disfrut\u00f3 de cl\u00e1sicos como \u201cPor si tu quieres saber\u201d, \u201cMilonga del Trovador\u201d, \u201cDuerme Negrito\u201d, \u201cEl Ferroviario\u201d, \u201cIndio Toba\u201d y el recordado \u00e9xito \u201cEl valle y el volc\u00e1n\u201d, al que le pusiera letra Mar\u00eda Elena Walsh, entre muchos otros.<\/p>\n\n\n\n<figure class=\"wp-block-image\"><img decoding=\"async\" src=\"http:\/\/www.armstrong.gov.ar\/2020\/images\/articulos2021\/asunciondeautoridades\/nota-jairo-2.jpg\" alt=\"nota jairo 2\"\/><\/figure>\n\n\n\n<p>El Intendente Dr. Pablo Verdecchia le entreg\u00f3 un escudo de la ciudad y una copia del Decreto donde se lo declara Hu\u00e9sped de Honor.<\/p>\n\n\n\n<p>El cierre con la versi\u00f3n -mitad en franc\u00e9s y mitad en espa\u00f1ol- del \u201cAve Mar\u00eda\u201d fue el emocionante broche con el que Jairo cerr\u00f3 un excelente espect\u00e1culo que el p\u00fablico armstronense despidi\u00f3 de pie.<\/p>\n","protected":false},"excerpt":{"rendered":"<p>En el marco de la asunci\u00f3n de autoridades municipales y en conmemoraci\u00f3n de los 38 a\u00f1os de democracia en nuestro pa\u00eds, el viernes 10 de diciembre en plaza San Mart\u00edn se pudo disfrutar de un espect\u00e1culo de primer nivel a cargo de Jairo. Fue un show de m\u00e1s de una hora y media de duraci\u00f3n <a href=\"https:\/\/armstrongyregion.com.ar\/diario\/gran-actuacion-de-jairo-en-armstrong\/\" title=\"Read more\" >&#8230;<\/a><\/p>\n","protected":false},"author":1,"featured_media":32653,"comment_status":"open","ping_status":"open","sticky":false,"template":"","format":"image","meta":{"_jetpack_memberships_contains_paid_content":false,"footnotes":"","jetpack_publicize_message":"","jetpack_publicize_feature_enabled":true,"jetpack_social_post_already_shared":true,"jetpack_social_options":{"image_generator_settings":{"template":"highway","default_image_id":0,"enabled":false},"version":2}},"categories":[6,8,1,2],"tags":[],"class_list":["post-32652","post","type-post","status-publish","format-image","has-post-thumbnail","hentry","category-cultura-entretenimiento","category-deliberando","category-diario-armstrong","category-locales","post_format-post-format-image"],"jetpack_publicize_connections":[],"jetpack_featured_media_url":"https:\/\/armstrongyregion.com.ar\/diario\/wp-content\/uploads\/2021\/12\/nota-jairo-1.1.jpg","jetpack_shortlink":"https:\/\/wp.me\/p62QDO-8uE","jetpack_sharing_enabled":true,"amp_enabled":true,"_links":{"self":[{"href":"https:\/\/armstrongyregion.com.ar\/diario\/wp-json\/wp\/v2\/posts\/32652","targetHints":{"allow":["GET"]}}],"collection":[{"href":"https:\/\/armstrongyregion.com.ar\/diario\/wp-json\/wp\/v2\/posts"}],"about":[{"href":"https:\/\/armstrongyregion.com.ar\/diario\/wp-json\/wp\/v2\/types\/post"}],"author":[{"embeddable":true,"href":"https:\/\/armstrongyregion.com.ar\/diario\/wp-json\/wp\/v2\/users\/1"}],"replies":[{"embeddable":true,"href":"https:\/\/armstrongyregion.com.ar\/diario\/wp-json\/wp\/v2\/comments?post=32652"}],"version-history":[{"count":1,"href":"https:\/\/armstrongyregion.com.ar\/diario\/wp-json\/wp\/v2\/posts\/32652\/revisions"}],"predecessor-version":[{"id":32654,"href":"https:\/\/armstrongyregion.com.ar\/diario\/wp-json\/wp\/v2\/posts\/32652\/revisions\/32654"}],"wp:featuredmedia":[{"embeddable":true,"href":"https:\/\/armstrongyregion.com.ar\/diario\/wp-json\/wp\/v2\/media\/32653"}],"wp:attachment":[{"href":"https:\/\/armstrongyregion.com.ar\/diario\/wp-json\/wp\/v2\/media?parent=32652"}],"wp:term":[{"taxonomy":"category","embeddable":true,"href":"https:\/\/armstrongyregion.com.ar\/diario\/wp-json\/wp\/v2\/categories?post=32652"},{"taxonomy":"post_tag","embeddable":true,"href":"https:\/\/armstrongyregion.com.ar\/diario\/wp-json\/wp\/v2\/tags?post=32652"}],"curies":[{"name":"wp","href":"https:\/\/api.w.org\/{rel}","templated":true}]}}