{"id":32631,"date":"2021-12-10T20:41:35","date_gmt":"2021-12-10T20:41:35","guid":{"rendered":"https:\/\/armstrongyregion.com.ar\/diario\/?p=32631"},"modified":"2021-12-10T20:41:36","modified_gmt":"2021-12-10T20:41:36","slug":"perotti-todos-nos-sentimos-parte-de-agroactiva","status":"publish","type":"post","link":"https:\/\/armstrongyregion.com.ar\/diario\/perotti-todos-nos-sentimos-parte-de-agroactiva\/","title":{"rendered":"Perotti: \u201cTodos nos sentimos parte de AgroActiva\u201d."},"content":{"rendered":"\n<figure class=\"wp-block-image size-large\"><img loading=\"lazy\" decoding=\"async\" width=\"405\" height=\"270\" src=\"http:\/\/armstrongyregion.com.ar\/diario\/wp-content\/uploads\/2021\/12\/Lanzamiento.jpg\" alt=\"\" class=\"wp-image-32632\" srcset=\"https:\/\/armstrongyregion.com.ar\/diario\/wp-content\/uploads\/2021\/12\/Lanzamiento.jpg 405w, https:\/\/armstrongyregion.com.ar\/diario\/wp-content\/uploads\/2021\/12\/Lanzamiento-300x200.jpg 300w\" sizes=\"auto, (max-width: 405px) 100vw, 405px\" \/><\/figure>\n\n\n\n<h2 class=\"wp-block-heading\"> <em>El reencuentro presencial genera muchas expectativas en organizadores y expositores que ya adquirieron la totalidad de los espacios asignados. Prev\u00e9n ampliar la muestra para que nadie se quede afuera.\u00a0\u00a0<\/em> <\/h2>\n\n\n\n<p>\n\nEsta ma\u00f1ana se realiz\u00f3 el lanzamiento oficial de Agroactiva 2022 en el Sal\u00f3n Walsh de la sede de Gobierno de la Provincia de Santa Fe en la ciudad de Rosario, con la presencia de funcionarios, periodistas, empresarios y expositores que ya aseguraron su espacio para la pr\u00f3xima edici\u00f3n<\/p>\n\n\n\n<p>\u201cTodos tenemos ganas de volver a pisar la tierra, llenarnos de polvo, sentirnos ah\u00ed\u2026. Ninguno de nosotros es el mismo despu\u00e9s de lo que nos toc\u00f3 vivir con esta pandemia. Sin dudas, la posibilidad de volver a encontrarnos es lo que nos revitaliza\u201d, declar\u00f3 Omar Perotti, gobernador de Santa Fe, \u201cNinguna de las cosas que la tecnolog\u00eda puede brindar equipara las vivencias de una muestra: vernos all\u00ed, con expositores, p\u00fablico, disertantes. Es lo primero que nos entusiasma y nos motiva. Quiero destacar que AgroActiva ha tenido la capacidad de ir creciendo, y de ir superando momentos duros y adversos, y generando espacios y presencia en un terreno dif\u00edcil, lo que le fue dando un perfil y una identidad propia en todos estos a\u00f1os\u201d<\/p>\n\n\n\n<p>\u201cHay muestras a las que hay que ir, y otras que se sienten y uno desea estar, y AgroActiva es una de \u00e9stas\u201d, continu\u00f3 Perotti, \u201cEn AgroActiva no hay distancias entre los organizadores, los expositores y quienes venden stands, sino una sinergia entre todos. Seguramente esta edici\u00f3n ser\u00e1 distinta, porque hay muchos que est\u00e1n en un momento muy bueno de producci\u00f3n. Ser\u00e1 una muy buena oportunidad para estar, porque hay muchas cosas nuevas que hay que mostrar en maquinaria, en tecnolog\u00eda, y se han creado muchas empresas de base tecnol\u00f3gica que dan enorme valor agregado. Hay una renovaci\u00f3n generacional importante en todos nuestros sectores. Hoy tenemos empresas l\u00edderes en el sector que no solamente crecen en Argentina, porque nacen con un esquema de negocios internacionales\u201d.&nbsp;<\/p>\n\n\n\n<p>\u201cEl sector de la maquinaria agr\u00edcola es la locomotora de esta recuperaci\u00f3n que marca y pone a Santa Fe liderando la actividad econ\u00f3mica. Es la potencialidad que queremos que Santa Fe contagie a todo el resto de las provincias\u201d, continu\u00f3 el gobernador santafesino, \u201cAgroActiva deja de ser una muestra m\u00e1s. Pasa a ser la expresi\u00f3n de un sector, mostr\u00e1ndose en su magnitud, en lo que moviliza en cada uno de los pueblos de la regi\u00f3n, lo que genera el movimiento de la actividad agroindustrial. Cada expositor siempre tuvo en esta muestra la mano tendida, que tuvo muchos apretones firmes en cada evento, y eso consolida confianza. Todos nos sentimos parte de AgroActiva\u201d.<\/p>\n\n\n\n<p>El ministro de Producci\u00f3n, m\u00e9d. vet. Daniel Costamagna, defini\u00f3 que \u201dAgroActiva es Santa Fe. Es el espejo de nuestra provincia, es trabajo, y me consta el esfuerzo que a\u00f1o a a\u00f1o le ponen, las convicciones y el entusiasmo. Es un orgullo, un compromiso y un desaf\u00edo enorme acompa\u00f1arlos. No s\u00f3lo vamos a estar presentes con m\u00e1s de 150 empresas, en esta hect\u00e1rea y media que vamos a disponer, sino tambi\u00e9n vamos a estar con el mayor financiamiento que tiene esta provincia en materia agroindustrial para la maquinaria agr\u00edcola. Sin lugar a dudas es una gran alegr\u00eda, un gran desaf\u00edo y una gran responsabilidad acompa\u00f1ar a esta muestra. Estoy feliz de poder compartir este momento\u201d.<\/p>\n\n\n\n<p>\u201cEstoy muy contenta de compartir este nuevo comienzo de AgroActiva con todos ustedes. Este evento es muy importante y muy esperado por todos nosotros\u201d, se\u00f1al\u00f3 Rosana Nardi, presidenta de AgroActiva, \u201cagradezco a todos y especialmente a mi pap\u00e1, que hoy pudo acompa\u00f1arnos. Tambi\u00e9n el apoyo y la contenci\u00f3n que nos brind\u00f3 el Gobierno de Santa Fe durante estos dos a\u00f1os de desaf\u00edos, aprendizajes y algunas dificultades. Tambi\u00e9n al intendente de Armstrong, Pablo Horacio Verdecchia, con el que venimos trabajando esta exposici\u00f3n\u201d.&nbsp;\u201cMe conmueve que haya empresarios y c\u00e1maras presentes porque este apoyo es el mismo que nos vinieron dando en todo este tiempo que no pudimos hacer la exposici\u00f3n\u201d, subray\u00f3 Rosana, \u201cmuchos ten\u00edan su stand pagado para 2020 y nos regalaron un silencio solidario: no hubo reclamos, no hubo preguntas, simplemente nos esperaron. Y no dudaron nunca que de este lado iba a haber respuesta. Que cuando se pudiera hacer, iba a haber AgroActiva y que nosotros los \u00edbamos a compensar. Eso me conmueve y me emociona. Esas ganas de participar en AgroActiva se vieron reflejadas en el sorteo de stands que hicimos a fines de noviembre, que tuvimos que adelantar porque el entusiasmo de las empresas sinceramente fue algo inesperado. Muchas ampliaron sus espacios, y se sumaron m\u00e1s empresas nuevas. A siete meses de la realizaci\u00f3n de la exposici\u00f3n tenemos el 90% de la exposici\u00f3n ocupada y ya estamos trabajando en la ampliaci\u00f3n de la misma. AgroActiva es el resultado de un trabajo arduo, de 28 a\u00f1os consecutivos de construcci\u00f3n colectiva que fuimos haciendo entre todos. Todos los que formamos parte de ella vamos a tener la enorme felicidad de volver a encontrarnos en nuestro lugar\u201d.&nbsp;<\/p>\n\n\n\n<p>La 28\u00b0 edici\u00f3n lleva como slogan \u2018AgroActiva toca tierra, volv\u00e9 a sentirla\u2019 y se llevar\u00e1 a cabo entre el 1 y el 4 de junio de 2022, en su predio de 250 ha. ubicado estrat\u00e9gicamente en Ruta 178 en la intersecci\u00f3n con la autopista que une Rosario &#8211; C\u00f3rdoba..<\/p>\n","protected":false},"excerpt":{"rendered":"<p>El reencuentro presencial genera muchas expectativas en organizadores y expositores que ya adquirieron la totalidad de los espacios asignados. Prev\u00e9n ampliar la muestra para que nadie se quede afuera.\u00a0\u00a0 Esta ma\u00f1ana se realiz\u00f3 el lanzamiento oficial de Agroactiva 2022 en el Sal\u00f3n Walsh de la sede de Gobierno de la Provincia de Santa Fe en <a href=\"https:\/\/armstrongyregion.com.ar\/diario\/perotti-todos-nos-sentimos-parte-de-agroactiva\/\" title=\"Read more\" >&#8230;<\/a><\/p>\n","protected":false},"author":1,"featured_media":32632,"comment_status":"open","ping_status":"open","sticky":false,"template":"","format":"image","meta":{"_jetpack_memberships_contains_paid_content":false,"footnotes":"","jetpack_publicize_message":"","jetpack_publicize_feature_enabled":true,"jetpack_social_post_already_shared":true,"jetpack_social_options":{"image_generator_settings":{"template":"highway","default_image_id":0,"enabled":false},"version":2}},"categories":[8,1,2,7,3],"tags":[],"class_list":["post-32631","post","type-post","status-publish","format-image","has-post-thumbnail","hentry","category-deliberando","category-diario-armstrong","category-locales","category-politica","category-region","post_format-post-format-image"],"jetpack_publicize_connections":[],"jetpack_featured_media_url":"https:\/\/armstrongyregion.com.ar\/diario\/wp-content\/uploads\/2021\/12\/Lanzamiento.jpg","jetpack_shortlink":"https:\/\/wp.me\/p62QDO-8uj","jetpack_sharing_enabled":true,"amp_enabled":true,"_links":{"self":[{"href":"https:\/\/armstrongyregion.com.ar\/diario\/wp-json\/wp\/v2\/posts\/32631","targetHints":{"allow":["GET"]}}],"collection":[{"href":"https:\/\/armstrongyregion.com.ar\/diario\/wp-json\/wp\/v2\/posts"}],"about":[{"href":"https:\/\/armstrongyregion.com.ar\/diario\/wp-json\/wp\/v2\/types\/post"}],"author":[{"embeddable":true,"href":"https:\/\/armstrongyregion.com.ar\/diario\/wp-json\/wp\/v2\/users\/1"}],"replies":[{"embeddable":true,"href":"https:\/\/armstrongyregion.com.ar\/diario\/wp-json\/wp\/v2\/comments?post=32631"}],"version-history":[{"count":1,"href":"https:\/\/armstrongyregion.com.ar\/diario\/wp-json\/wp\/v2\/posts\/32631\/revisions"}],"predecessor-version":[{"id":32633,"href":"https:\/\/armstrongyregion.com.ar\/diario\/wp-json\/wp\/v2\/posts\/32631\/revisions\/32633"}],"wp:featuredmedia":[{"embeddable":true,"href":"https:\/\/armstrongyregion.com.ar\/diario\/wp-json\/wp\/v2\/media\/32632"}],"wp:attachment":[{"href":"https:\/\/armstrongyregion.com.ar\/diario\/wp-json\/wp\/v2\/media?parent=32631"}],"wp:term":[{"taxonomy":"category","embeddable":true,"href":"https:\/\/armstrongyregion.com.ar\/diario\/wp-json\/wp\/v2\/categories?post=32631"},{"taxonomy":"post_tag","embeddable":true,"href":"https:\/\/armstrongyregion.com.ar\/diario\/wp-json\/wp\/v2\/tags?post=32631"}],"curies":[{"name":"wp","href":"https:\/\/api.w.org\/{rel}","templated":true}]}}