{"id":32615,"date":"2021-12-09T04:07:25","date_gmt":"2021-12-09T04:07:25","guid":{"rendered":"https:\/\/armstrongyregion.com.ar\/diario\/?p=32615"},"modified":"2021-12-09T04:07:28","modified_gmt":"2021-12-09T04:07:28","slug":"armstrong-se-encendio-el-tradicional-arbolito-navideno-2021","status":"publish","type":"post","link":"https:\/\/armstrongyregion.com.ar\/diario\/armstrong-se-encendio-el-tradicional-arbolito-navideno-2021\/","title":{"rendered":"Armstrong. Se encendi\u00f3 el  tradicional arbolito navide\u00f1o 2021."},"content":{"rendered":"\n<figure class=\"wp-block-image size-large\"><img loading=\"lazy\" decoding=\"async\" width=\"400\" height=\"267\" src=\"http:\/\/armstrongyregion.com.ar\/diario\/wp-content\/uploads\/2021\/12\/arbolito-1-.jpg\" alt=\"\" class=\"wp-image-32616\" srcset=\"https:\/\/armstrongyregion.com.ar\/diario\/wp-content\/uploads\/2021\/12\/arbolito-1-.jpg 400w, https:\/\/armstrongyregion.com.ar\/diario\/wp-content\/uploads\/2021\/12\/arbolito-1--300x200.jpg 300w\" sizes=\"auto, (max-width: 400px) 100vw, 400px\" \/><\/figure>\n\n\n\n<h2 class=\"wp-block-heading\"> El encendido del tradicional \u00e1rbol navide\u00f1o frente a la Plaza Flotron convoco a decenas de grandes y chicos. <\/h2>\n\n\n\n<figure class=\"wp-block-image size-large\"><img loading=\"lazy\" decoding=\"async\" width=\"400\" height=\"267\" src=\"http:\/\/armstrongyregion.com.ar\/diario\/wp-content\/uploads\/2021\/12\/arbolito-1-1-1.jpg\" alt=\"\" class=\"wp-image-32617\" srcset=\"https:\/\/armstrongyregion.com.ar\/diario\/wp-content\/uploads\/2021\/12\/arbolito-1-1-1.jpg 400w, https:\/\/armstrongyregion.com.ar\/diario\/wp-content\/uploads\/2021\/12\/arbolito-1-1-1-300x200.jpg 300w\" sizes=\"auto, (max-width: 400px) 100vw, 400px\" \/><\/figure>\n\n\n\n<p> En la noche de hoy, 8 de diciembre, d\u00eda de la Virgen Mar\u00eda, muchas personas se acercaron a ver las luces del arbolito navide\u00f1o ubicado en el centro de la Plaza Flotron, al norte de nuestra ciudad. <\/p>\n\n\n\n<figure class=\"wp-block-image size-large\"><img loading=\"lazy\" decoding=\"async\" width=\"800\" height=\"534\" src=\"http:\/\/armstrongyregion.com.ar\/diario\/wp-content\/uploads\/2021\/12\/arbolito-3-.jpg\" alt=\"\" class=\"wp-image-32618\" srcset=\"https:\/\/armstrongyregion.com.ar\/diario\/wp-content\/uploads\/2021\/12\/arbolito-3-.jpg 800w, https:\/\/armstrongyregion.com.ar\/diario\/wp-content\/uploads\/2021\/12\/arbolito-3--300x200.jpg 300w, https:\/\/armstrongyregion.com.ar\/diario\/wp-content\/uploads\/2021\/12\/arbolito-3--768x513.jpg 768w\" sizes=\"auto, (max-width: 800px) 100vw, 800px\" \/><\/figure>\n\n\n\n<p>Estuvieron presentes el intendente local Dr. Pablo Verdecchia y funcionarios municipales quienes junto a familias armstronenses integradas por grandes y chicos disfrutaron del encendido del arbolito c\u00e1lido y luminoso. <\/p>\n\n\n\n<p>Tambi\u00e9n los m\u00e1s peque\u00f1os le pidieron  sus deseos y dejaron  cartas a Pap\u00e1 Noel quien vino acompa\u00f1ado por duendes encargados de organizar la cola para plasmar el encuentro m\u00e1gico de los m\u00e1s chiquitos.<\/p>\n\n\n\n<p>El 8 de diciembre de 1854 P\u00edo IX estableci\u00f3 que Mar\u00eda \u201cpor privilegio \u00fanico, fue preservada de la mancha original desde el primer instante de su concepci\u00f3n\u201d. Por ese motivo, la fecha fue declarada como el D\u00eda de la Virgen Inmaculada Concepci\u00f3n. Es una costumbre muy difundida que este d\u00eda se arme el \u00e1rbol navide\u00f1o.<br>El intendente Dr. Pablo Verdecchia en dialogo con medios locales expres\u00f3: \u00abCreo que estos dos a\u00f1os de tanto encierro y falta de contacto familiar, hacen que este arbolito y esta navidad tengan un significado mucho mas grande. Esta convocatoria al encendido del tradicional \u00e1rbol nos sorprendi\u00f3 a todos. Y hay que disfrutarlo, realmente est\u00e1bamos esperando estos momentos de juntadas pero especialmente los ni\u00f1os que cumplieron la cuarentena  a rajatabla y  ver que hoy disfrutan del esp\u00edritu navide\u00f1o, es una alegr\u00eda muy grande\u00bb.<\/p>\n\n\n\n<p>Luego a\u00f1adi\u00f3: \u00abEl deseo para estas fiestas  es  mucha  paz, pero principalmente este a\u00f1o el deseo es  poder compartir las fiestas con la familia, la pandemia nos hizo dar cuenta de que todo en la vida es superfluo sino est\u00e1 la familia, los amigos y los afectos\u00bb Finaliz\u00f3 el intendente. <\/p>\n","protected":false},"excerpt":{"rendered":"<p>El encendido del tradicional \u00e1rbol navide\u00f1o frente a la Plaza Flotron convoco a decenas de grandes y chicos. En la noche de hoy, 8 de diciembre, d\u00eda de la Virgen Mar\u00eda, muchas personas se acercaron a ver las luces del arbolito navide\u00f1o ubicado en el centro de la Plaza Flotron, al norte de nuestra ciudad. <a href=\"https:\/\/armstrongyregion.com.ar\/diario\/armstrong-se-encendio-el-tradicional-arbolito-navideno-2021\/\" title=\"Read more\" >&#8230;<\/a><\/p>\n","protected":false},"author":1,"featured_media":32617,"comment_status":"open","ping_status":"open","sticky":false,"template":"","format":"image","meta":{"_jetpack_memberships_contains_paid_content":false,"footnotes":"","jetpack_publicize_message":"","jetpack_publicize_feature_enabled":true,"jetpack_social_post_already_shared":true,"jetpack_social_options":{"image_generator_settings":{"template":"highway","default_image_id":0,"enabled":false},"version":2}},"categories":[6,8,1,2],"tags":[],"class_list":["post-32615","post","type-post","status-publish","format-image","has-post-thumbnail","hentry","category-cultura-entretenimiento","category-deliberando","category-diario-armstrong","category-locales","post_format-post-format-image"],"jetpack_publicize_connections":[],"jetpack_featured_media_url":"https:\/\/armstrongyregion.com.ar\/diario\/wp-content\/uploads\/2021\/12\/arbolito-1-1-1.jpg","jetpack_shortlink":"https:\/\/wp.me\/p62QDO-8u3","jetpack_sharing_enabled":true,"amp_enabled":true,"_links":{"self":[{"href":"https:\/\/armstrongyregion.com.ar\/diario\/wp-json\/wp\/v2\/posts\/32615","targetHints":{"allow":["GET"]}}],"collection":[{"href":"https:\/\/armstrongyregion.com.ar\/diario\/wp-json\/wp\/v2\/posts"}],"about":[{"href":"https:\/\/armstrongyregion.com.ar\/diario\/wp-json\/wp\/v2\/types\/post"}],"author":[{"embeddable":true,"href":"https:\/\/armstrongyregion.com.ar\/diario\/wp-json\/wp\/v2\/users\/1"}],"replies":[{"embeddable":true,"href":"https:\/\/armstrongyregion.com.ar\/diario\/wp-json\/wp\/v2\/comments?post=32615"}],"version-history":[{"count":1,"href":"https:\/\/armstrongyregion.com.ar\/diario\/wp-json\/wp\/v2\/posts\/32615\/revisions"}],"predecessor-version":[{"id":32619,"href":"https:\/\/armstrongyregion.com.ar\/diario\/wp-json\/wp\/v2\/posts\/32615\/revisions\/32619"}],"wp:featuredmedia":[{"embeddable":true,"href":"https:\/\/armstrongyregion.com.ar\/diario\/wp-json\/wp\/v2\/media\/32617"}],"wp:attachment":[{"href":"https:\/\/armstrongyregion.com.ar\/diario\/wp-json\/wp\/v2\/media?parent=32615"}],"wp:term":[{"taxonomy":"category","embeddable":true,"href":"https:\/\/armstrongyregion.com.ar\/diario\/wp-json\/wp\/v2\/categories?post=32615"},{"taxonomy":"post_tag","embeddable":true,"href":"https:\/\/armstrongyregion.com.ar\/diario\/wp-json\/wp\/v2\/tags?post=32615"}],"curies":[{"name":"wp","href":"https:\/\/api.w.org\/{rel}","templated":true}]}}