{"id":32603,"date":"2021-12-07T22:33:41","date_gmt":"2021-12-07T22:33:41","guid":{"rendered":"https:\/\/armstrongyregion.com.ar\/diario\/?p=32603"},"modified":"2021-12-07T22:33:44","modified_gmt":"2021-12-07T22:33:44","slug":"las-urnas-dejaron-un-mensaje-debemos-cambiar-el-rumbo-en-el-pais-y-en-la-provincia","status":"publish","type":"post","link":"https:\/\/armstrongyregion.com.ar\/diario\/las-urnas-dejaron-un-mensaje-debemos-cambiar-el-rumbo-en-el-pais-y-en-la-provincia\/","title":{"rendered":"Las urnas dejaron un mensaje, debemos cambiar el rumbo en el pa\u00eds y en la provincia."},"content":{"rendered":"\n<figure class=\"wp-block-image size-large\"><img loading=\"lazy\" decoding=\"async\" width=\"640\" height=\"365\" src=\"http:\/\/armstrongyregion.com.ar\/diario\/wp-content\/uploads\/2021\/12\/pablito-foro-2-.jpg\" alt=\"\" class=\"wp-image-32604\" srcset=\"https:\/\/armstrongyregion.com.ar\/diario\/wp-content\/uploads\/2021\/12\/pablito-foro-2-.jpg 640w, https:\/\/armstrongyregion.com.ar\/diario\/wp-content\/uploads\/2021\/12\/pablito-foro-2--300x171.jpg 300w\" sizes=\"auto, (max-width: 640px) 100vw, 640px\" \/><\/figure>\n\n\n\n<p> Desde el Foro de Intendentes y Presidentes de comunas de la UCR Provincial, entendemos que los resultados de las elecciones generales han expresado el hartazgo de gran parte de la sociedad sobre el camino en que nuestra sociedad est\u00e1 comprometida por los actuales liderazgos. <\/p>\n\n\n\n<figure class=\"wp-block-image size-large\"><img loading=\"lazy\" decoding=\"async\" width=\"597\" height=\"369\" src=\"http:\/\/armstrongyregion.com.ar\/diario\/wp-content\/uploads\/2021\/12\/pablito-foro-1-.jpg\" alt=\"\" class=\"wp-image-32605\" srcset=\"https:\/\/armstrongyregion.com.ar\/diario\/wp-content\/uploads\/2021\/12\/pablito-foro-1-.jpg 597w, https:\/\/armstrongyregion.com.ar\/diario\/wp-content\/uploads\/2021\/12\/pablito-foro-1--300x185.jpg 300w\" sizes=\"auto, (max-width: 597px) 100vw, 597px\" \/><\/figure>\n\n\n\n<p>En la ciudad de Santa Fe, y durante el plenario encabezado por su presidente, Horacio Ciancio, del que participaron Intendentes, Presidentes de Comunas, ya en sus cargos y recientemente electos, se evaluaron los resultados a lo largo y ancho de la provincia, reconoci\u00e9ndose la importante elecci\u00f3n lograda en la que se incrementaron los votos logrados en las PASO, demostrando la capacidad territorial de la UCR. Asimismo, destacaron la elecci\u00f3n de dos Senadores Nacionales por la UCR, Carolina Losada y Dionisio Scarpin, y dos Diputados Nacionales, Mario Barleta y Victoria Tejeda, representando los intereses de la Provincia, en la legislatura nacional. A nivel provincial, las elecciones generales demostraron el proceso de fortalecimiento que vive la UCR, pues dicha fuerza cuenta con la mayor cantidad de Intendentes. \u201cLos Presidentes de Comunas e Intendentes demostramos el compromiso en estas elecciones, acompa\u00f1ando a los candidatos tanto en las PASO como las elecciones generales, trabajando de manera conjunta y articulada en toda la Provincia. El a\u00f1os en curso, ha sido un a\u00f1o muy intenso, por el trabajo llevado adelante desde el FORO, en cuanto a la defensa de los intereses de los habitantes de la Provincia de Santa Fe, cuidando los derechos y beneficios que el Gobierno Provincial debe respetar en cada localidad en provecho de todos los santafesinos, y especialmente, en aquellos cuyos gobiernos locales son pertenecientes a la Uni\u00f3n C\u00edvica Radical\u201d, destac\u00f3 Horacio Ciancio. Asimismo, la reuni\u00f3n fue la ocasi\u00f3n ideal, para que se expresaran por primera vez, quienes han sido recientemente electos, y la despedida de los Jefes de Gobiernos Locales que dejan sus cargos, destac\u00e1ndose entre ellos las palabras del Intendente de Avellaneda, Dionisio Scarpin, quien fuera Presidente del FORO y en pocos d\u00edas asumir\u00e1 en el Senado Nacional, donde podr\u00e1 volcar toda su experiencia y conocimiento de las necesidades y dificultades diarias de los Gobierno Locales <\/p>\n","protected":false},"excerpt":{"rendered":"<p>Desde el Foro de Intendentes y Presidentes de comunas de la UCR Provincial, entendemos que los resultados de las elecciones generales han expresado el hartazgo de gran parte de la sociedad sobre el camino en que nuestra sociedad est\u00e1 comprometida por los actuales liderazgos. En la ciudad de Santa Fe, y durante el plenario encabezado <a href=\"https:\/\/armstrongyregion.com.ar\/diario\/las-urnas-dejaron-un-mensaje-debemos-cambiar-el-rumbo-en-el-pais-y-en-la-provincia\/\" title=\"Read more\" >&#8230;<\/a><\/p>\n","protected":false},"author":1,"featured_media":32604,"comment_status":"open","ping_status":"open","sticky":false,"template":"","format":"image","meta":{"_jetpack_memberships_contains_paid_content":false,"footnotes":"","jetpack_publicize_message":"","jetpack_publicize_feature_enabled":true,"jetpack_social_post_already_shared":true,"jetpack_social_options":{"image_generator_settings":{"template":"highway","default_image_id":0,"enabled":false},"version":2}},"categories":[8,1,2,7,3],"tags":[],"class_list":["post-32603","post","type-post","status-publish","format-image","has-post-thumbnail","hentry","category-deliberando","category-diario-armstrong","category-locales","category-politica","category-region","post_format-post-format-image"],"jetpack_publicize_connections":[],"jetpack_featured_media_url":"https:\/\/armstrongyregion.com.ar\/diario\/wp-content\/uploads\/2021\/12\/pablito-foro-2-.jpg","jetpack_shortlink":"https:\/\/wp.me\/p62QDO-8tR","jetpack_sharing_enabled":true,"amp_enabled":true,"_links":{"self":[{"href":"https:\/\/armstrongyregion.com.ar\/diario\/wp-json\/wp\/v2\/posts\/32603","targetHints":{"allow":["GET"]}}],"collection":[{"href":"https:\/\/armstrongyregion.com.ar\/diario\/wp-json\/wp\/v2\/posts"}],"about":[{"href":"https:\/\/armstrongyregion.com.ar\/diario\/wp-json\/wp\/v2\/types\/post"}],"author":[{"embeddable":true,"href":"https:\/\/armstrongyregion.com.ar\/diario\/wp-json\/wp\/v2\/users\/1"}],"replies":[{"embeddable":true,"href":"https:\/\/armstrongyregion.com.ar\/diario\/wp-json\/wp\/v2\/comments?post=32603"}],"version-history":[{"count":1,"href":"https:\/\/armstrongyregion.com.ar\/diario\/wp-json\/wp\/v2\/posts\/32603\/revisions"}],"predecessor-version":[{"id":32606,"href":"https:\/\/armstrongyregion.com.ar\/diario\/wp-json\/wp\/v2\/posts\/32603\/revisions\/32606"}],"wp:featuredmedia":[{"embeddable":true,"href":"https:\/\/armstrongyregion.com.ar\/diario\/wp-json\/wp\/v2\/media\/32604"}],"wp:attachment":[{"href":"https:\/\/armstrongyregion.com.ar\/diario\/wp-json\/wp\/v2\/media?parent=32603"}],"wp:term":[{"taxonomy":"category","embeddable":true,"href":"https:\/\/armstrongyregion.com.ar\/diario\/wp-json\/wp\/v2\/categories?post=32603"},{"taxonomy":"post_tag","embeddable":true,"href":"https:\/\/armstrongyregion.com.ar\/diario\/wp-json\/wp\/v2\/tags?post=32603"}],"curies":[{"name":"wp","href":"https:\/\/api.w.org\/{rel}","templated":true}]}}