{"id":32598,"date":"2021-12-07T22:20:47","date_gmt":"2021-12-07T22:20:47","guid":{"rendered":"https:\/\/armstrongyregion.com.ar\/diario\/?p=32598"},"modified":"2021-12-07T22:20:51","modified_gmt":"2021-12-07T22:20:51","slug":"el-gobernador-perotti-participo-del-lanzamiento-de-agroactiva-2022","status":"publish","type":"post","link":"https:\/\/armstrongyregion.com.ar\/diario\/el-gobernador-perotti-participo-del-lanzamiento-de-agroactiva-2022\/","title":{"rendered":"El Gobernador Perotti particip\u00f3 del lanzamiento de Agroactiva 2022."},"content":{"rendered":"\n<figure class=\"wp-block-image size-large\"><img loading=\"lazy\" decoding=\"async\" width=\"740\" height=\"494\" src=\"http:\/\/armstrongyregion.com.ar\/diario\/wp-content\/uploads\/2021\/12\/agroactiva-1-.jpg\" alt=\"\" class=\"wp-image-32599\" srcset=\"https:\/\/armstrongyregion.com.ar\/diario\/wp-content\/uploads\/2021\/12\/agroactiva-1-.jpg 740w, https:\/\/armstrongyregion.com.ar\/diario\/wp-content\/uploads\/2021\/12\/agroactiva-1--300x200.jpg 300w\" sizes=\"auto, (max-width: 740px) 100vw, 740px\" \/><\/figure>\n\n\n\n<h2 class=\"wp-block-heading\"> <em>\u201cSeguramente esta muestra ser\u00e1 distinta, porque hay muchos que est\u00e1n en un muy buen momento de producci\u00f3n, quiz\u00e1s de los m\u00e1s importantes que ha tenido el sector en su historia\u201d, sostuvo. La expo se realizar\u00e1 del 1 al 4 de junio en Armstrong.<\/em> <\/h2>\n\n\n\n<p>El gobernador Omar Perotti encabez\u00f3 este martes el lanzamiento oficial de la muestra Agroactiva 2022, que se realizar\u00e1 del 1 al 4 de junio en el tradicional predio de la ciudad de Armstrong, ubicado en la intersecci\u00f3n de la Ruta Nacional N\u00b0178 con la autopista Rosario-C\u00f3rdoba. En esta oportunidad se har\u00e1 bajo el slogan \u201cAgroactiva toca tierra, volv\u00e9 a sentirla\u201d.<\/p>\n\n\n\n<p>Del acto, realizado en la Sede de Gobierno en Rosario, participaron tambi\u00e9n el ministro de Producci\u00f3n, Ciencia y Tecnolog\u00eda de la provincia, Daniel Costamagna; el intendente de Armstrong, Pablo Verdecchia; la presidenta de Agroactiva, Rosana Nardi; y empresarios que participar\u00e1n de la expo, entre otras autoridades.<\/p>\n\n\n\n<p>En la oportunidad, Omar Perotti destac\u00f3 que \u201cesta muestra naci\u00f3 en el 1995 en Armstrong y ha tenido la capacidad de ir creciendo, de superar momentos duros, adversos, de ir generando la manera de ganar espacios y presencia en un terreno dif\u00edcil, de competencia\u201d. Y agreg\u00f3: \u201cCreo que le fue dando un perfil propio, una identidad propia y un v\u00ednculo que se siente. Esto es lo que ha permitido esa confianza, que se ha ido generando entre todos quienes formamos parte de Agroactiva\u201d, dijo.<\/p>\n\n\n\n<p>Perotti se\u00f1al\u00f3 que \u201caqu\u00ed no hay una distancia marcada de los organizadores, los expositores, los que venden o compran los stands. Hay una sinergia que ha sabido llevarse adelante en los momentos duros. Seguramente esta muestra ser\u00e1 distinta porque hay muchos que est\u00e1n en un muy buen momento de producci\u00f3n, quiz\u00e1s de los m\u00e1s importante que ha tenido el sector en su historia\u201d, sostuvo el ggobernador.<\/p>\n\n\n\n<p>El mandatario santafesino vaticin\u00f3 que \u201cser\u00e1 una muy buena oportunidad para estar, porque se vuelve a recrear ese v\u00ednculo, porque tambi\u00e9n ha habido cosas nuevas en cada una de las maquinarias que hay que mostrar y que hay que ense\u00f1ar\u201d, como as\u00ed tambi\u00e9n \u201cla irrupci\u00f3n de much\u00edsimas empresas de base tecnol\u00f3gica que le dan al sector tradicional la posibilidad de un valor agregado enorme\u201d, concluy\u00f3 Perotti.<\/p>\n\n\n\n<p>Por su parte, el ministro Daniel Costamagna destac\u00f3 \u201cel esfuerzo, las convicciones y el entusiasmo que a\u00f1o a a\u00f1o le ponen. Es un orgullo, un compromiso y un desaf\u00edo enorme poder ser parte de esto y acompa\u00f1arlos con toda la fuerza y la energ\u00eda que significa acompa\u00f1ar a m\u00e1s de 150 empresas de nuestra provincia, a los trabajadores, a los productores y a todo el aparato productivo que hace grande a esta provincia\u201d.<\/p>\n\n\n\n<p>Por otro lado, la presidenta de Agroactiva, Rosana Nardi, agradeci\u00f3 a las autoridades provinciales y sostuvo que \u201cla presencia de hoy en este evento refleja la importancia que el gobierno de la provincia de Santa Fe le da a Agroactiva. Eso es algo que nos reconforta much\u00edsimo y nos alienta. Agroactiva es una comunidad que nos trasciende y todos los que formamos parte de ella vamos a tener la enorme felicidad de volver a encontrarnos en nuestro lugar\u201d, se\u00f1al\u00f3.<\/p>\n\n\n\n<p>Por \u00faltimo, el intendente Verdecchia afirm\u00f3 que \u201cel productor agropecuario espera a\u00f1o tras a\u00f1o poder recorrer y juntarse en Agroactiva y los empresarios esperan poder mostrar en todo lo que invierten. Estos dos a\u00f1os la inversi\u00f3n que han hecho todas las empresas en producci\u00f3n y en tecnolog\u00eda ha sido admirable. Parece mentira que despu\u00e9s de tantas angustias podamos empezar a juntarnos. Estamos muy orgullosos de volver a presentar esta exposici\u00f3n, esta es la producci\u00f3n, es el presente pero tambi\u00e9n es el futuro de nuestro pa\u00eds\u201d, afirm\u00f3.<\/p>\n\n\n\n<p><strong>AGROACTIVA<\/strong><br>Agroactiva es, desde 1995, un espacio de encuentro del campo argentino en el cual es posible observar una gran cantidad de actualizaciones tecnol\u00f3gicas y de producci\u00f3n. En las hect\u00e1reas destinadas al sector de muestra est\u00e1tica, cerca de 1.000 expositores arman sus stands para recibir a los visitantes y ofrecer sus productos.<\/p>\n\n\n\n<p>All\u00ed se interrelacionan productores, contratistas, veterinarios, ingenieros, asesores y p\u00fablico en general con empresas proveedoras de la m\u00e1s variada gama de bienes, insumos y servicios para el hombre de campo. Adem\u00e1s, un espacio relevante es ocupado por las instituciones gubernamentales (nacionales, provinciales o municipales) que informan sobre sus programas y actividades de capacitaci\u00f3n.<\/p>\n\n\n\n<p>Asimismo, en Agroactiva est\u00e1n representadas casi la totalidad de las firmas fabricantes de maquinaria agr\u00edcola del pa\u00eds y las multinacionales con representaci\u00f3n en Argentina, abarcando toda la etapa de producci\u00f3n, desde la siembra hasta la cosecha.<\/p>\n\n\n\n<p><strong>EL GOBIERNO DE SANTA FE EN LA MUESTRA<\/strong><br>Durante los cuatro d\u00edas que dura la muestra Agroactiva, es visitada por alrededor de 280.000 personas. En ese marco, como anfitri\u00f3n, el Gobierno de la Provincia de Santa Fe viene prestando un importante apoyo a la misma.<\/p>\n\n\n\n<p>En la \u00faltima edici\u00f3n presencial -en el 2019-, el gobierno santafesino tuvo una participaci\u00f3n in\u00e9dita, con 13.800 m2 distribuidos en seis lotes que albergaron casi 150 empresas agroindustriales, de energ\u00edas renovables, alimentos, artesanos y un lote especial dedicado a promocionar pymes agtech, como as\u00ed tambi\u00e9n de otros ministerios del gobierno provincial.<\/p>\n\n\n\n<p>Es importante destacar que las pymes que acompa\u00f1\u00f3 el Gobierno de Santa Fe y que pudieron participar de la mega muestra, lo hicieron de forma gratuita gracias al programa Santa Fe Expone, del Ministerio de Producci\u00f3n, Ciencia y Tecnolog\u00eda.<\/p>\n\n\n\n<p>Para la edici\u00f3n 2022 la provincia contar\u00e1 con un espacio similar al utilizado en 2019, en el que podr\u00e1n exponer m\u00e1s de 150 pymes de todo el territorio santafesino.<\/p>\n","protected":false},"excerpt":{"rendered":"<p>\u201cSeguramente esta muestra ser\u00e1 distinta, porque hay muchos que est\u00e1n en un muy buen momento de producci\u00f3n, quiz\u00e1s de los m\u00e1s importantes que ha tenido el sector en su historia\u201d, sostuvo. La expo se realizar\u00e1 del 1 al 4 de junio en Armstrong. El gobernador Omar Perotti encabez\u00f3 este martes el lanzamiento oficial de la <a href=\"https:\/\/armstrongyregion.com.ar\/diario\/el-gobernador-perotti-participo-del-lanzamiento-de-agroactiva-2022\/\" title=\"Read more\" >&#8230;<\/a><\/p>\n","protected":false},"author":1,"featured_media":32599,"comment_status":"open","ping_status":"open","sticky":false,"template":"","format":"image","meta":{"_jetpack_memberships_contains_paid_content":false,"footnotes":"","jetpack_publicize_message":"","jetpack_publicize_feature_enabled":true,"jetpack_social_post_already_shared":true,"jetpack_social_options":{"image_generator_settings":{"template":"highway","default_image_id":0,"enabled":false},"version":2}},"categories":[6,8,1,2,3],"tags":[],"class_list":["post-32598","post","type-post","status-publish","format-image","has-post-thumbnail","hentry","category-cultura-entretenimiento","category-deliberando","category-diario-armstrong","category-locales","category-region","post_format-post-format-image"],"jetpack_publicize_connections":[],"jetpack_featured_media_url":"https:\/\/armstrongyregion.com.ar\/diario\/wp-content\/uploads\/2021\/12\/agroactiva-1-.jpg","jetpack_shortlink":"https:\/\/wp.me\/p62QDO-8tM","jetpack_sharing_enabled":true,"amp_enabled":true,"_links":{"self":[{"href":"https:\/\/armstrongyregion.com.ar\/diario\/wp-json\/wp\/v2\/posts\/32598","targetHints":{"allow":["GET"]}}],"collection":[{"href":"https:\/\/armstrongyregion.com.ar\/diario\/wp-json\/wp\/v2\/posts"}],"about":[{"href":"https:\/\/armstrongyregion.com.ar\/diario\/wp-json\/wp\/v2\/types\/post"}],"author":[{"embeddable":true,"href":"https:\/\/armstrongyregion.com.ar\/diario\/wp-json\/wp\/v2\/users\/1"}],"replies":[{"embeddable":true,"href":"https:\/\/armstrongyregion.com.ar\/diario\/wp-json\/wp\/v2\/comments?post=32598"}],"version-history":[{"count":1,"href":"https:\/\/armstrongyregion.com.ar\/diario\/wp-json\/wp\/v2\/posts\/32598\/revisions"}],"predecessor-version":[{"id":32600,"href":"https:\/\/armstrongyregion.com.ar\/diario\/wp-json\/wp\/v2\/posts\/32598\/revisions\/32600"}],"wp:featuredmedia":[{"embeddable":true,"href":"https:\/\/armstrongyregion.com.ar\/diario\/wp-json\/wp\/v2\/media\/32599"}],"wp:attachment":[{"href":"https:\/\/armstrongyregion.com.ar\/diario\/wp-json\/wp\/v2\/media?parent=32598"}],"wp:term":[{"taxonomy":"category","embeddable":true,"href":"https:\/\/armstrongyregion.com.ar\/diario\/wp-json\/wp\/v2\/categories?post=32598"},{"taxonomy":"post_tag","embeddable":true,"href":"https:\/\/armstrongyregion.com.ar\/diario\/wp-json\/wp\/v2\/tags?post=32598"}],"curies":[{"name":"wp","href":"https:\/\/api.w.org\/{rel}","templated":true}]}}