{"id":32565,"date":"2021-12-02T13:37:05","date_gmt":"2021-12-02T13:37:05","guid":{"rendered":"https:\/\/armstrongyregion.com.ar\/diario\/?p=32565"},"modified":"2021-12-02T13:37:08","modified_gmt":"2021-12-02T13:37:08","slug":"el-gobierno-provincial-informo-acerca-de-la-implementacion-del-pasaporte-sanitario-en-santa-fe","status":"publish","type":"post","link":"https:\/\/armstrongyregion.com.ar\/diario\/el-gobierno-provincial-informo-acerca-de-la-implementacion-del-pasaporte-sanitario-en-santa-fe\/","title":{"rendered":"El gobierno provincial inform\u00f3 acerca de la implementaci\u00f3n del \u201cpasaporte sanitario\u201d en Santa Fe."},"content":{"rendered":"\n<figure class=\"wp-block-image size-large\"><img loading=\"lazy\" decoding=\"async\" width=\"648\" height=\"432\" src=\"http:\/\/armstrongyregion.com.ar\/diario\/wp-content\/uploads\/2021\/12\/pasaporte-sanitario-.jpg\" alt=\"\" class=\"wp-image-32566\" srcset=\"https:\/\/armstrongyregion.com.ar\/diario\/wp-content\/uploads\/2021\/12\/pasaporte-sanitario-.jpg 648w, https:\/\/armstrongyregion.com.ar\/diario\/wp-content\/uploads\/2021\/12\/pasaporte-sanitario--300x200.jpg 300w\" sizes=\"auto, (max-width: 648px) 100vw, 648px\" \/><\/figure>\n\n\n\n<h2 class=\"wp-block-heading\"> Se espera que el gobierno nacional informe el marco general de la normativa para avanzar en la reglamentaci\u00f3n a nivel provincial. <\/h2>\n\n\n\n<p>\n\nA partir de las medidas anunciadas por el Ministerio de Salud de la Naci\u00f3n en relaci\u00f3n al denominado \u201cpasaporte sanitario\u201d, el ministro de Trabajo, Empleo y Seguridad Social, Juan Manuel Pusineri, brind\u00f3 detalles acerca de la modalidad de implementaci\u00f3n del mismo en el territorio de la provincia de Santa Fe.<\/p>\n\n\n\n<p>El funcionario explic\u00f3 que \u201csi bien estamos esperando que desde el orden nacional exista una normativa referida a su implementaci\u00f3n para poder ultimar detalles, podemos adelantar algunas cuestiones sobre las cuales debe expedirse el gobierno provincial\u201d.<\/p>\n\n\n\n<p>Pusineri detall\u00f3 que \u201cel pasaporte va a alcanzar a los eventos que tengan alg\u00fan componente de masividad, sea en lugares abiertos o cerrados. En una primera instancia no va a alcanzar al complejo gastron\u00f3mico (bares o restaurantes), ni a la actividad laboral\u201d.<\/p>\n\n\n\n<p>Asimismo, aclar\u00f3 que \u201cla normativa nacional va a enfocarse en eventos culturales, discotecas, salones de fiesta. Es decir, aquellas actividades en las que se congregue un importante n\u00famero de personas y en las que exista posibilidad de contacto f\u00edsico entre los participantes\u201d.<\/p>\n\n\n\n<p>Respecto de los eventos deportivos, como los partidos de f\u00fatbol, Pusineri manifest\u00f3 que \u201ctambi\u00e9n se encontrar\u00e1n alcanzados por el pasaporte, con la diferencia que en este tipo de eventos rige la normativa nacional. Para el resto de las actividades mencionadas, se requiere espec\u00edficamente una normativa provincial\u201d.<\/p>\n\n\n\n<p>Respecto de la situaci\u00f3n particular de la actividad de los salones de fiesta, el ministro record\u00f3 que durante casi dos a\u00f1os se han ido brindando distintas respuestas a las inquietudes manifestadas por los empresarios de eventos: \u201cCon motivo de la pandemia hemos tenido un di\u00e1logo permanente que nos ha permitido encontrar distintas alternativas: a trav\u00e9s de subsidios econ\u00f3micos, el sistema de aforos, los horarios\u201d.<\/p>\n\n\n\n<p>Finalmente, Pusineri subray\u00f3 que \u201cla situaci\u00f3n sanitaria es buena pero somos prudentes frente a las nuevas variantes que van apareciendo. Nuestra mayor aspiraci\u00f3n es que todas las actividades se puedan llevar adelante con la mayor libertad y flexibilidad posibles\u201d.<\/p>\n\n\n\n<p><\/p>\n","protected":false},"excerpt":{"rendered":"<p>Se espera que el gobierno nacional informe el marco general de la normativa para avanzar en la reglamentaci\u00f3n a nivel provincial. A partir de las medidas anunciadas por el Ministerio de Salud de la Naci\u00f3n en relaci\u00f3n al denominado \u201cpasaporte sanitario\u201d, el ministro de Trabajo, Empleo y Seguridad Social, Juan Manuel Pusineri, brind\u00f3 detalles acerca <a href=\"https:\/\/armstrongyregion.com.ar\/diario\/el-gobierno-provincial-informo-acerca-de-la-implementacion-del-pasaporte-sanitario-en-santa-fe\/\" title=\"Read more\" >&#8230;<\/a><\/p>\n","protected":false},"author":1,"featured_media":32566,"comment_status":"open","ping_status":"open","sticky":false,"template":"","format":"image","meta":{"_jetpack_memberships_contains_paid_content":false,"footnotes":"","jetpack_publicize_message":"","jetpack_publicize_feature_enabled":true,"jetpack_social_post_already_shared":true,"jetpack_social_options":{"image_generator_settings":{"template":"highway","default_image_id":0,"enabled":false},"version":2}},"categories":[8,1,2,7,3],"tags":[],"class_list":["post-32565","post","type-post","status-publish","format-image","has-post-thumbnail","hentry","category-deliberando","category-diario-armstrong","category-locales","category-politica","category-region","post_format-post-format-image"],"jetpack_publicize_connections":[],"jetpack_featured_media_url":"https:\/\/armstrongyregion.com.ar\/diario\/wp-content\/uploads\/2021\/12\/pasaporte-sanitario-.jpg","jetpack_shortlink":"https:\/\/wp.me\/p62QDO-8tf","jetpack_sharing_enabled":true,"amp_enabled":true,"_links":{"self":[{"href":"https:\/\/armstrongyregion.com.ar\/diario\/wp-json\/wp\/v2\/posts\/32565","targetHints":{"allow":["GET"]}}],"collection":[{"href":"https:\/\/armstrongyregion.com.ar\/diario\/wp-json\/wp\/v2\/posts"}],"about":[{"href":"https:\/\/armstrongyregion.com.ar\/diario\/wp-json\/wp\/v2\/types\/post"}],"author":[{"embeddable":true,"href":"https:\/\/armstrongyregion.com.ar\/diario\/wp-json\/wp\/v2\/users\/1"}],"replies":[{"embeddable":true,"href":"https:\/\/armstrongyregion.com.ar\/diario\/wp-json\/wp\/v2\/comments?post=32565"}],"version-history":[{"count":1,"href":"https:\/\/armstrongyregion.com.ar\/diario\/wp-json\/wp\/v2\/posts\/32565\/revisions"}],"predecessor-version":[{"id":32567,"href":"https:\/\/armstrongyregion.com.ar\/diario\/wp-json\/wp\/v2\/posts\/32565\/revisions\/32567"}],"wp:featuredmedia":[{"embeddable":true,"href":"https:\/\/armstrongyregion.com.ar\/diario\/wp-json\/wp\/v2\/media\/32566"}],"wp:attachment":[{"href":"https:\/\/armstrongyregion.com.ar\/diario\/wp-json\/wp\/v2\/media?parent=32565"}],"wp:term":[{"taxonomy":"category","embeddable":true,"href":"https:\/\/armstrongyregion.com.ar\/diario\/wp-json\/wp\/v2\/categories?post=32565"},{"taxonomy":"post_tag","embeddable":true,"href":"https:\/\/armstrongyregion.com.ar\/diario\/wp-json\/wp\/v2\/tags?post=32565"}],"curies":[{"name":"wp","href":"https:\/\/api.w.org\/{rel}","templated":true}]}}