{"id":32530,"date":"2021-11-30T15:44:50","date_gmt":"2021-11-30T15:44:50","guid":{"rendered":"https:\/\/armstrongyregion.com.ar\/diario\/?p=32530"},"modified":"2021-11-30T15:44:53","modified_gmt":"2021-11-30T15:44:53","slug":"deliberando-hoy-conformacion-de-legislativo-local-y-parejense","status":"publish","type":"post","link":"https:\/\/armstrongyregion.com.ar\/diario\/deliberando-hoy-conformacion-de-legislativo-local-y-parejense\/","title":{"rendered":"Deliberando: Hoy, conformaci\u00f3n de legislativo local y parejense."},"content":{"rendered":"\n<figure class=\"wp-block-image size-large\"><img loading=\"lazy\" decoding=\"async\" width=\"607\" height=\"405\" src=\"http:\/\/armstrongyregion.com.ar\/diario\/wp-content\/uploads\/2021\/11\/Sandra-Cl\u00e9rici-30-nov-.jpg\" alt=\"\" class=\"wp-image-32531\" srcset=\"https:\/\/armstrongyregion.com.ar\/diario\/wp-content\/uploads\/2021\/11\/Sandra-Cl\u00e9rici-30-nov-.jpg 607w, https:\/\/armstrongyregion.com.ar\/diario\/wp-content\/uploads\/2021\/11\/Sandra-Cl\u00e9rici-30-nov--300x200.jpg 300w\" sizes=\"auto, (max-width: 607px) 100vw, 607px\" \/><\/figure>\n\n\n\n<p>\nEl\nd\u00eda martes\n30\nde noviembre,\na las 21hs, participar\u00e1n\ndel programa televisivo DELIBERANDO, la\nconcejal Sandra Clerici, quien saco la mayor cantidad de votos en la\nelecciones generales, y renueva su banca en el legislativo parejense.\nNos informara sobre su performance en las generales, proyectos por\nlos cuales bregara el pr\u00f3ximo a\u00f1o, y har\u00e1 una reflexi\u00f3n sobre\ntem\u00e1ticas como seguridad, obras p\u00fablicas y accionar del gobierno\nnacional y el provincial.<\/p>\n\n\n\n<figure class=\"wp-block-image size-large\"><img loading=\"lazy\" decoding=\"async\" width=\"689\" height=\"405\" src=\"http:\/\/armstrongyregion.com.ar\/diario\/wp-content\/uploads\/2021\/11\/ale-pertu-original-va.jpg\" alt=\"\" class=\"wp-image-32532\" srcset=\"https:\/\/armstrongyregion.com.ar\/diario\/wp-content\/uploads\/2021\/11\/ale-pertu-original-va.jpg 689w, https:\/\/armstrongyregion.com.ar\/diario\/wp-content\/uploads\/2021\/11\/ale-pertu-original-va-300x176.jpg 300w\" sizes=\"auto, (max-width: 689px) 100vw, 689px\" \/><\/figure>\n\n\n\n<p>\nLuego\ncompartiremos dos bloques con el concejal de Armstrong, Alejandro\nPertusati, quien nos dar\u00e1 su opini\u00f3n sobre las ultimas elecciones,\ndonde el actual intendente Verdecchia fuera ungido por el voto\npopular por cuarta vez. \n<\/p>\n\n\n\n<p>\nConsultaremos\nsobre la conformaci\u00f3n del legislativo a partir del pr\u00f3ximo 10 de\ndiciembre, y proyecci\u00f3n sobre como quedara conformado el mismo en\ncuanto a la presidencia y a las diferentes comisiones.<\/p>\n\n\n\n<p>\nTambi\u00e9n\nconsultaremos por ordenanzas vigentes y le solicitaremos al edil un\nbalance del trabajo realizado por  su bloque durante este 2021.<\/p>\n\n\n\n<p>\nMartes\n21hs Por Cable Imagen Armstrong.<\/p>\n","protected":false},"excerpt":{"rendered":"<p>El d\u00eda martes 30 de noviembre, a las 21hs, participar\u00e1n del programa televisivo DELIBERANDO, la concejal Sandra Clerici, quien saco la mayor cantidad de votos en la elecciones generales, y renueva su banca en el legislativo parejense. Nos informara sobre su performance en las generales, proyectos por los cuales bregara el pr\u00f3ximo a\u00f1o, y har\u00e1 <a href=\"https:\/\/armstrongyregion.com.ar\/diario\/deliberando-hoy-conformacion-de-legislativo-local-y-parejense\/\" title=\"Read more\" >&#8230;<\/a><\/p>\n","protected":false},"author":1,"featured_media":32531,"comment_status":"open","ping_status":"open","sticky":false,"template":"","format":"image","meta":{"_jetpack_memberships_contains_paid_content":false,"footnotes":"","jetpack_publicize_message":"","jetpack_publicize_feature_enabled":true,"jetpack_social_post_already_shared":true,"jetpack_social_options":{"image_generator_settings":{"template":"highway","default_image_id":0,"enabled":false},"version":2}},"categories":[8,1,2,7,3],"tags":[],"class_list":["post-32530","post","type-post","status-publish","format-image","has-post-thumbnail","hentry","category-deliberando","category-diario-armstrong","category-locales","category-politica","category-region","post_format-post-format-image"],"jetpack_publicize_connections":[],"jetpack_featured_media_url":"https:\/\/armstrongyregion.com.ar\/diario\/wp-content\/uploads\/2021\/11\/Sandra-Cl\u00e9rici-30-nov-.jpg","jetpack_shortlink":"https:\/\/wp.me\/p62QDO-8sG","jetpack_sharing_enabled":true,"amp_enabled":true,"_links":{"self":[{"href":"https:\/\/armstrongyregion.com.ar\/diario\/wp-json\/wp\/v2\/posts\/32530","targetHints":{"allow":["GET"]}}],"collection":[{"href":"https:\/\/armstrongyregion.com.ar\/diario\/wp-json\/wp\/v2\/posts"}],"about":[{"href":"https:\/\/armstrongyregion.com.ar\/diario\/wp-json\/wp\/v2\/types\/post"}],"author":[{"embeddable":true,"href":"https:\/\/armstrongyregion.com.ar\/diario\/wp-json\/wp\/v2\/users\/1"}],"replies":[{"embeddable":true,"href":"https:\/\/armstrongyregion.com.ar\/diario\/wp-json\/wp\/v2\/comments?post=32530"}],"version-history":[{"count":1,"href":"https:\/\/armstrongyregion.com.ar\/diario\/wp-json\/wp\/v2\/posts\/32530\/revisions"}],"predecessor-version":[{"id":32533,"href":"https:\/\/armstrongyregion.com.ar\/diario\/wp-json\/wp\/v2\/posts\/32530\/revisions\/32533"}],"wp:featuredmedia":[{"embeddable":true,"href":"https:\/\/armstrongyregion.com.ar\/diario\/wp-json\/wp\/v2\/media\/32531"}],"wp:attachment":[{"href":"https:\/\/armstrongyregion.com.ar\/diario\/wp-json\/wp\/v2\/media?parent=32530"}],"wp:term":[{"taxonomy":"category","embeddable":true,"href":"https:\/\/armstrongyregion.com.ar\/diario\/wp-json\/wp\/v2\/categories?post=32530"},{"taxonomy":"post_tag","embeddable":true,"href":"https:\/\/armstrongyregion.com.ar\/diario\/wp-json\/wp\/v2\/tags?post=32530"}],"curies":[{"name":"wp","href":"https:\/\/api.w.org\/{rel}","templated":true}]}}