{"id":32503,"date":"2021-11-26T01:37:21","date_gmt":"2021-11-26T01:37:21","guid":{"rendered":"https:\/\/armstrongyregion.com.ar\/diario\/?p=32503"},"modified":"2021-11-26T01:37:24","modified_gmt":"2021-11-26T01:37:24","slug":"el-humo-teatro-presenta-el-tiempo-de-las-mandarinas","status":"publish","type":"post","link":"https:\/\/armstrongyregion.com.ar\/diario\/el-humo-teatro-presenta-el-tiempo-de-las-mandarinas\/","title":{"rendered":"El Humo Teatro presenta \u00abEl tiempo de las mandarinas\u00bb."},"content":{"rendered":"\n<figure class=\"wp-block-image size-large\"><img loading=\"lazy\" decoding=\"async\" width=\"376\" height=\"274\" src=\"http:\/\/armstrongyregion.com.ar\/diario\/wp-content\/uploads\/2021\/11\/El-Humo-.jpg\" alt=\"\" class=\"wp-image-32504\" srcset=\"https:\/\/armstrongyregion.com.ar\/diario\/wp-content\/uploads\/2021\/11\/El-Humo-.jpg 376w, https:\/\/armstrongyregion.com.ar\/diario\/wp-content\/uploads\/2021\/11\/El-Humo--300x219.jpg 300w\" sizes=\"auto, (max-width: 376px) 100vw, 376px\" \/><\/figure>\n\n\n\n<h2 class=\"wp-block-heading\"> En el marco del d\u00eda internacional de la No violencia contra la Mujer, el grupo \u201cVoces Feministas\u201d y el equipo de \u00c1rea Igualdad del municipio, est\u00e1n organizando para el d\u00eda 26 de Noviembre una muestra fotogr\u00e1fica en instalaciones de Club Norte y una obra de teatro \u201cEl tiempo de las mandarinas\u201d. <\/h2>\n\n\n\n<h2 class=\"wp-block-heading\">El evento comienza a las 20:30 hs. y las personas que quieran asistir pueden adquirir sus entradas en mesa de entrada de la Municipalidad. <\/h2>\n\n\n\n<figure class=\"wp-block-embed-youtube wp-block-embed is-type-video is-provider-youtube wp-embed-aspect-4-3 wp-has-aspect-ratio\"><div class=\"wp-block-embed__wrapper\">\n<iframe loading=\"lazy\" title=\"Teatro y fotogr\u00e1fica en el marco del d\u00eda internacional de la No violencia contra la Mujer\" width=\"800\" height=\"600\" src=\"https:\/\/www.youtube.com\/embed\/llwG4-ifP1s?feature=oembed\" frameborder=\"0\" allow=\"accelerometer; autoplay; clipboard-write; encrypted-media; gyroscope; picture-in-picture\" allowfullscreen><\/iframe>\n<\/div><\/figure>\n\n\n\n<p><\/p>\n\n\n\n<figure class=\"wp-block-image size-large\"><img loading=\"lazy\" decoding=\"async\" width=\"360\" height=\"640\" src=\"http:\/\/armstrongyregion.com.ar\/diario\/wp-content\/uploads\/2021\/11\/mandarinas-.jpg\" alt=\"\" class=\"wp-image-32505\" srcset=\"https:\/\/armstrongyregion.com.ar\/diario\/wp-content\/uploads\/2021\/11\/mandarinas-.jpg 360w, https:\/\/armstrongyregion.com.ar\/diario\/wp-content\/uploads\/2021\/11\/mandarinas--169x300.jpg 169w\" sizes=\"auto, (max-width: 360px) 100vw, 360px\" \/><\/figure>\n\n\n\n<p>Fuente: Cable Imagen Armstrong.<\/p>\n","protected":false},"excerpt":{"rendered":"<p>En el marco del d\u00eda internacional de la No violencia contra la Mujer, el grupo \u201cVoces Feministas\u201d y el equipo de \u00c1rea Igualdad del municipio, est\u00e1n organizando para el d\u00eda 26 de Noviembre una muestra fotogr\u00e1fica en instalaciones de Club Norte y una obra de teatro \u201cEl tiempo de las mandarinas\u201d. El evento comienza a <a href=\"https:\/\/armstrongyregion.com.ar\/diario\/el-humo-teatro-presenta-el-tiempo-de-las-mandarinas\/\" title=\"Read more\" >&#8230;<\/a><\/p>\n","protected":false},"author":1,"featured_media":32504,"comment_status":"open","ping_status":"open","sticky":false,"template":"","format":"image","meta":{"_jetpack_memberships_contains_paid_content":false,"footnotes":"","jetpack_publicize_message":"","jetpack_publicize_feature_enabled":true,"jetpack_social_post_already_shared":true,"jetpack_social_options":{"image_generator_settings":{"template":"highway","default_image_id":0,"enabled":false},"version":2}},"categories":[6,8,1,2,3],"tags":[],"class_list":["post-32503","post","type-post","status-publish","format-image","has-post-thumbnail","hentry","category-cultura-entretenimiento","category-deliberando","category-diario-armstrong","category-locales","category-region","post_format-post-format-image"],"jetpack_publicize_connections":[],"jetpack_featured_media_url":"https:\/\/armstrongyregion.com.ar\/diario\/wp-content\/uploads\/2021\/11\/El-Humo-.jpg","jetpack_shortlink":"https:\/\/wp.me\/p62QDO-8sf","jetpack_sharing_enabled":true,"amp_enabled":true,"_links":{"self":[{"href":"https:\/\/armstrongyregion.com.ar\/diario\/wp-json\/wp\/v2\/posts\/32503","targetHints":{"allow":["GET"]}}],"collection":[{"href":"https:\/\/armstrongyregion.com.ar\/diario\/wp-json\/wp\/v2\/posts"}],"about":[{"href":"https:\/\/armstrongyregion.com.ar\/diario\/wp-json\/wp\/v2\/types\/post"}],"author":[{"embeddable":true,"href":"https:\/\/armstrongyregion.com.ar\/diario\/wp-json\/wp\/v2\/users\/1"}],"replies":[{"embeddable":true,"href":"https:\/\/armstrongyregion.com.ar\/diario\/wp-json\/wp\/v2\/comments?post=32503"}],"version-history":[{"count":1,"href":"https:\/\/armstrongyregion.com.ar\/diario\/wp-json\/wp\/v2\/posts\/32503\/revisions"}],"predecessor-version":[{"id":32506,"href":"https:\/\/armstrongyregion.com.ar\/diario\/wp-json\/wp\/v2\/posts\/32503\/revisions\/32506"}],"wp:featuredmedia":[{"embeddable":true,"href":"https:\/\/armstrongyregion.com.ar\/diario\/wp-json\/wp\/v2\/media\/32504"}],"wp:attachment":[{"href":"https:\/\/armstrongyregion.com.ar\/diario\/wp-json\/wp\/v2\/media?parent=32503"}],"wp:term":[{"taxonomy":"category","embeddable":true,"href":"https:\/\/armstrongyregion.com.ar\/diario\/wp-json\/wp\/v2\/categories?post=32503"},{"taxonomy":"post_tag","embeddable":true,"href":"https:\/\/armstrongyregion.com.ar\/diario\/wp-json\/wp\/v2\/tags?post=32503"}],"curies":[{"name":"wp","href":"https:\/\/api.w.org\/{rel}","templated":true}]}}