{"id":32500,"date":"2021-11-25T16:24:13","date_gmt":"2021-11-25T16:24:13","guid":{"rendered":"https:\/\/armstrongyregion.com.ar\/diario\/?p=32500"},"modified":"2021-11-25T16:32:44","modified_gmt":"2021-11-25T16:32:44","slug":"armstrong-advertencia-municipal-sobre-la-despedida-de-4to-y-5to-ano","status":"publish","type":"post","link":"https:\/\/armstrongyregion.com.ar\/diario\/armstrong-advertencia-municipal-sobre-la-despedida-de-4to-y-5to-ano\/","title":{"rendered":"Armstrong. Advertencia Municipal sobre \u00abLa Despedida de 4to y 5to a\u00f1o\u00bb"},"content":{"rendered":"\n<figure class=\"wp-block-image size-large\"><img loading=\"lazy\" decoding=\"async\" width=\"685\" height=\"685\" src=\"http:\/\/armstrongyregion.com.ar\/diario\/wp-content\/uploads\/2021\/11\/comunicado.jpg\" alt=\"\" class=\"wp-image-32284\" srcset=\"https:\/\/armstrongyregion.com.ar\/diario\/wp-content\/uploads\/2021\/11\/comunicado.jpg 685w, https:\/\/armstrongyregion.com.ar\/diario\/wp-content\/uploads\/2021\/11\/comunicado-300x300.jpg 300w, https:\/\/armstrongyregion.com.ar\/diario\/wp-content\/uploads\/2021\/11\/comunicado-150x150.jpg 150w\" sizes=\"auto, (max-width: 685px) 100vw, 685px\" \/><\/figure>\n\n\n\n<p> <\/p>\n\n\n\n<h2 class=\"wp-block-heading\"> Desde el municipio apelamos a la responsabilidad y compromiso de todos, por la construcci\u00f3n de una sociedad m\u00e1s igualitaria.<\/h2>\n\n\n\n<p>Ante la toma de conocimiento y preocupaci\u00f3n por parte de los padres de los alumnos de 4to y 5to a\u00f1o, que en el d\u00eda de la fecha realizaran \u201cla despedida\u201d, desde el Equipo Local de Igualdad y G\u00e9nero y el Servicio Local de Ni\u00f1ez y Adolescencia, de la Municipalidad de Armstrong, hacemos saber, que la LEY DE PROTECCI\u00d3N INTEGRAL DE DERECHOS DE NI\u00d1OS, NI\u00d1AS Y ADOLESCENTES, Ley Provincial N\u00b0 12.967 en su ART\u00cdCULO 19 dispone: \u201cDERECHO A LA PROPIA IMAGEN. Las ni\u00f1as, ni\u00f1os y adolescentes tienen derecho a ser respetados en su dignidad, reputaci\u00f3n y propia imagen. Se proh\u00edbe exponer, difundir o divulgar datos, informaciones o im\u00e1genes que permitan identificar, directa o indirectamente a los sujetos de esta ley, a trav\u00e9s de cualquier medio de comunicaci\u00f3n o publicaci\u00f3n en contra de su voluntad y la de sus padres, representantes legales o responsables, cuando se lesionen su dignidad o la reputaci\u00f3n de las ni\u00f1as, ni\u00f1os y adolescentes o que constituyan injerencias arbitrarias o ilegales en su vida privada o intimidad familiar\u2026\u201d De acuerdo a lo expuesto, expresamos que, en caso que se violen estos derechos, se tomar\u00e1n las medidas pertinentes.<\/p>\n\n\n\n<p> Equipo Igualdad y G\u00e9nero.             Servicio Local de Ni\u00f1ez y Adolescencia. <\/p>\n","protected":false},"excerpt":{"rendered":"<p>Desde el municipio apelamos a la responsabilidad y compromiso de todos, por la construcci\u00f3n de una sociedad m\u00e1s igualitaria. Ante la toma de conocimiento y preocupaci\u00f3n por parte de los padres de los alumnos de 4to y 5to a\u00f1o, que en el d\u00eda de la fecha realizaran \u201cla despedida\u201d, desde el Equipo Local de Igualdad <a href=\"https:\/\/armstrongyregion.com.ar\/diario\/armstrong-advertencia-municipal-sobre-la-despedida-de-4to-y-5to-ano\/\" title=\"Read more\" >&#8230;<\/a><\/p>\n","protected":false},"author":1,"featured_media":32284,"comment_status":"open","ping_status":"open","sticky":false,"template":"","format":"image","meta":{"_jetpack_memberships_contains_paid_content":false,"footnotes":"","jetpack_publicize_message":"","jetpack_publicize_feature_enabled":true,"jetpack_social_post_already_shared":true,"jetpack_social_options":{"image_generator_settings":{"template":"highway","default_image_id":0,"enabled":false},"version":2}},"categories":[6,8,1,2,3],"tags":[],"class_list":["post-32500","post","type-post","status-publish","format-image","has-post-thumbnail","hentry","category-cultura-entretenimiento","category-deliberando","category-diario-armstrong","category-locales","category-region","post_format-post-format-image"],"jetpack_publicize_connections":[],"jetpack_featured_media_url":"https:\/\/armstrongyregion.com.ar\/diario\/wp-content\/uploads\/2021\/11\/comunicado.jpg","jetpack_shortlink":"https:\/\/wp.me\/p62QDO-8sc","jetpack_sharing_enabled":true,"amp_enabled":true,"_links":{"self":[{"href":"https:\/\/armstrongyregion.com.ar\/diario\/wp-json\/wp\/v2\/posts\/32500","targetHints":{"allow":["GET"]}}],"collection":[{"href":"https:\/\/armstrongyregion.com.ar\/diario\/wp-json\/wp\/v2\/posts"}],"about":[{"href":"https:\/\/armstrongyregion.com.ar\/diario\/wp-json\/wp\/v2\/types\/post"}],"author":[{"embeddable":true,"href":"https:\/\/armstrongyregion.com.ar\/diario\/wp-json\/wp\/v2\/users\/1"}],"replies":[{"embeddable":true,"href":"https:\/\/armstrongyregion.com.ar\/diario\/wp-json\/wp\/v2\/comments?post=32500"}],"version-history":[{"count":2,"href":"https:\/\/armstrongyregion.com.ar\/diario\/wp-json\/wp\/v2\/posts\/32500\/revisions"}],"predecessor-version":[{"id":32502,"href":"https:\/\/armstrongyregion.com.ar\/diario\/wp-json\/wp\/v2\/posts\/32500\/revisions\/32502"}],"wp:featuredmedia":[{"embeddable":true,"href":"https:\/\/armstrongyregion.com.ar\/diario\/wp-json\/wp\/v2\/media\/32284"}],"wp:attachment":[{"href":"https:\/\/armstrongyregion.com.ar\/diario\/wp-json\/wp\/v2\/media?parent=32500"}],"wp:term":[{"taxonomy":"category","embeddable":true,"href":"https:\/\/armstrongyregion.com.ar\/diario\/wp-json\/wp\/v2\/categories?post=32500"},{"taxonomy":"post_tag","embeddable":true,"href":"https:\/\/armstrongyregion.com.ar\/diario\/wp-json\/wp\/v2\/tags?post=32500"}],"curies":[{"name":"wp","href":"https:\/\/api.w.org\/{rel}","templated":true}]}}