{"id":32487,"date":"2021-11-25T15:20:21","date_gmt":"2021-11-25T15:20:21","guid":{"rendered":"https:\/\/armstrongyregion.com.ar\/diario\/?p=32487"},"modified":"2021-11-25T15:20:24","modified_gmt":"2021-11-25T15:20:24","slug":"canada-de-gomez-actividad-por-el-dia-internacional-de-la-eliminacion-de-la-violencia-contra-la-mujer","status":"publish","type":"post","link":"https:\/\/armstrongyregion.com.ar\/diario\/canada-de-gomez-actividad-por-el-dia-internacional-de-la-eliminacion-de-la-violencia-contra-la-mujer\/","title":{"rendered":"Ca\u00f1ada de G\u00f3mez. Actividad por el D\u00eda Internacional de la eliminaci\u00f3n de la Violencia Contra la Mujer."},"content":{"rendered":"\n<figure class=\"wp-block-image size-large\"><img loading=\"lazy\" decoding=\"async\" width=\"512\" height=\"640\" src=\"http:\/\/armstrongyregion.com.ar\/diario\/wp-content\/uploads\/2021\/11\/violencia-25-nov-.jpg\" alt=\"\" class=\"wp-image-32488\" srcset=\"https:\/\/armstrongyregion.com.ar\/diario\/wp-content\/uploads\/2021\/11\/violencia-25-nov-.jpg 512w, https:\/\/armstrongyregion.com.ar\/diario\/wp-content\/uploads\/2021\/11\/violencia-25-nov--240x300.jpg 240w\" sizes=\"auto, (max-width: 512px) 100vw, 512px\" \/><\/figure>\n\n\n\n<p>En la tarde de hoy, en el marco del D\u00eda Internacional de la Eliminaci\u00f3n de la Violencia Contra la Mujer, desde las 19.30 hs en el Centro de la Juventud se realizar\u00e1 una jornada de concientizaci\u00f3n y visibilizaci\u00f3n de derechos que finalizar\u00e1 con la presentaci\u00f3n musical de Hilda Lizarazu.<\/p>\n\n\n\n<p>Adem\u00e1s, se presentar\u00e1 Pepin Olila y se expondr\u00e1n obras Judith Montanari.<br><\/p>\n","protected":false},"excerpt":{"rendered":"<p>En la tarde de hoy, en el marco del D\u00eda Internacional de la Eliminaci\u00f3n de la Violencia Contra la Mujer, desde las 19.30 hs en el Centro de la Juventud se realizar\u00e1 una jornada de concientizaci\u00f3n y visibilizaci\u00f3n de derechos que finalizar\u00e1 con la presentaci\u00f3n musical de Hilda Lizarazu. Adem\u00e1s, se presentar\u00e1 Pepin Olila y <a href=\"https:\/\/armstrongyregion.com.ar\/diario\/canada-de-gomez-actividad-por-el-dia-internacional-de-la-eliminacion-de-la-violencia-contra-la-mujer\/\" title=\"Read more\" >&#8230;<\/a><\/p>\n","protected":false},"author":1,"featured_media":32488,"comment_status":"open","ping_status":"open","sticky":false,"template":"","format":"image","meta":{"_jetpack_memberships_contains_paid_content":false,"footnotes":"","jetpack_publicize_message":"","jetpack_publicize_feature_enabled":true,"jetpack_social_post_already_shared":true,"jetpack_social_options":{"image_generator_settings":{"template":"highway","default_image_id":0,"enabled":false},"version":2}},"categories":[8,1,4,3],"tags":[],"class_list":["post-32487","post","type-post","status-publish","format-image","has-post-thumbnail","hentry","category-deliberando","category-diario-armstrong","category-prevencion-salud","category-region","post_format-post-format-image"],"jetpack_publicize_connections":[],"jetpack_featured_media_url":"https:\/\/armstrongyregion.com.ar\/diario\/wp-content\/uploads\/2021\/11\/violencia-25-nov-.jpg","jetpack_shortlink":"https:\/\/wp.me\/p62QDO-8rZ","jetpack_sharing_enabled":true,"amp_enabled":true,"_links":{"self":[{"href":"https:\/\/armstrongyregion.com.ar\/diario\/wp-json\/wp\/v2\/posts\/32487","targetHints":{"allow":["GET"]}}],"collection":[{"href":"https:\/\/armstrongyregion.com.ar\/diario\/wp-json\/wp\/v2\/posts"}],"about":[{"href":"https:\/\/armstrongyregion.com.ar\/diario\/wp-json\/wp\/v2\/types\/post"}],"author":[{"embeddable":true,"href":"https:\/\/armstrongyregion.com.ar\/diario\/wp-json\/wp\/v2\/users\/1"}],"replies":[{"embeddable":true,"href":"https:\/\/armstrongyregion.com.ar\/diario\/wp-json\/wp\/v2\/comments?post=32487"}],"version-history":[{"count":1,"href":"https:\/\/armstrongyregion.com.ar\/diario\/wp-json\/wp\/v2\/posts\/32487\/revisions"}],"predecessor-version":[{"id":32489,"href":"https:\/\/armstrongyregion.com.ar\/diario\/wp-json\/wp\/v2\/posts\/32487\/revisions\/32489"}],"wp:featuredmedia":[{"embeddable":true,"href":"https:\/\/armstrongyregion.com.ar\/diario\/wp-json\/wp\/v2\/media\/32488"}],"wp:attachment":[{"href":"https:\/\/armstrongyregion.com.ar\/diario\/wp-json\/wp\/v2\/media?parent=32487"}],"wp:term":[{"taxonomy":"category","embeddable":true,"href":"https:\/\/armstrongyregion.com.ar\/diario\/wp-json\/wp\/v2\/categories?post=32487"},{"taxonomy":"post_tag","embeddable":true,"href":"https:\/\/armstrongyregion.com.ar\/diario\/wp-json\/wp\/v2\/tags?post=32487"}],"curies":[{"name":"wp","href":"https:\/\/api.w.org\/{rel}","templated":true}]}}