{"id":32471,"date":"2021-11-23T19:21:21","date_gmt":"2021-11-23T19:21:21","guid":{"rendered":"https:\/\/armstrongyregion.com.ar\/diario\/?p=32471"},"modified":"2021-11-23T19:21:23","modified_gmt":"2021-11-23T19:21:23","slug":"es-ley-la-suspension-por-un-ano-de-la-instalacion-de-ferias-multipuntos-en-todo-santa-fe","status":"publish","type":"post","link":"https:\/\/armstrongyregion.com.ar\/diario\/es-ley-la-suspension-por-un-ano-de-la-instalacion-de-ferias-multipuntos-en-todo-santa-fe\/","title":{"rendered":"Es ley la suspensi\u00f3n por un a\u00f1o de la instalaci\u00f3n de ferias multipuntos en todo Santa Fe."},"content":{"rendered":"\n<figure class=\"wp-block-image size-large\"><img loading=\"lazy\" decoding=\"async\" width=\"640\" height=\"427\" src=\"http:\/\/armstrongyregion.com.ar\/diario\/wp-content\/uploads\/2021\/11\/Rasetto-Hugo-Senador-.jpg\" alt=\"\" class=\"wp-image-32472\" srcset=\"https:\/\/armstrongyregion.com.ar\/diario\/wp-content\/uploads\/2021\/11\/Rasetto-Hugo-Senador-.jpg 640w, https:\/\/armstrongyregion.com.ar\/diario\/wp-content\/uploads\/2021\/11\/Rasetto-Hugo-Senador--300x200.jpg 300w\" sizes=\"auto, (max-width: 640px) 100vw, 640px\" \/><\/figure>\n\n\n\n<p>\nLa legislatura de Santa Fe\nsancion\u00f3 con fuerza de ley el proyecto del Senador Hugo Jes\u00fas\nRasetto que suspende por el t\u00e9rmino de un a\u00f1o la radicaci\u00f3n de\nnuevos establecimientos comerciales de m\u00faltiples puntos de venta,\ndenominados ferias internadas, multipunto, cooperativas de\ncomerciantes o de formatos similares mientras tanto se trata y\nsanciona se eval\u00faa y sanciona un texto normativo que legisle las\ncondiciones y los requisitos para dichos asentamientos. \n<\/p>\n\n\n\n<p>\n<strong>Otros proyectos con sanci\u00f3n\ndefinitiva y media sanci\u00f3n.<\/strong><\/p>\n\n\n\n<p>\nAdem\u00e1s, este jueves, la\nlegislatura convirti\u00f3 en ley un proyecto de ley presentado por el\nSenador a pedido de las autoridades comunales de Bustinza para\nregularizar la situaci\u00f3n de una calle p\u00fablica que funciona\ncomo tal desde hace 19 a\u00f1os.<\/p>\n\n\n\n<p>\nPor otro lado, la C\u00e1mara de Senadores dio media sanci\u00f3n a dos\nproyectos de ley asociados a la seguridad vial, en este caso a los\ncamiones y acoplados de carga. Por un lado, el primer proyecto\ndispone que los veh\u00edculos con eje elevable deben contar con un\ndispositivo autom\u00e1tico que baje el eje cuando el veh\u00edculo este\ncargado, liberando al camionero de dicha tarea manual. El segundo,\ntiene como fin el cumplimiento con car\u00e1cter obligatorio de las\nNormas IRAM-AITA N\u00b0 10.260 e IRAM-AITA N\u00b0 10.276. La primera norma\ntiene como fin que los camiones y acoplados cuenten con un paragolpes\ntrasero que permita evitar que los autos se deslicen hacia debajo de\nesos veh\u00edculos en caso de impacto. La segunda, que los veh\u00edculos de\ncarga de categor\u00edas de mayor peso, cuenten en sus laterales con\nbarras de protecci\u00f3n de forma que se ofrezca a los usuarios m\u00e1s\nvulnerables de las v\u00edas (peatones, ciclistas y motociclistas) una\nprotecci\u00f3n contra la posibilidad de caer debajo del veh\u00edculo.<\/p>\n\n\n\n<p>\n\u201cCreemos de gran importancia la sanci\u00f3n de la presente ley, ya que\nsu implementaci\u00f3n implicar\u00eda un gran avance en materia de Seguridad\nVial, entendiendo que estos dispositivos vienen a instalarse con la\nmisi\u00f3n de tratar de disminuir la gravedad de las lesiones producidas\na las v\u00edctimas de un accidente en el que se involucren este tipo de\nveh\u00edculos\u201d indic\u00f3 el Senador Rasetto.<\/p>\n","protected":false},"excerpt":{"rendered":"<p>La legislatura de Santa Fe sancion\u00f3 con fuerza de ley el proyecto del Senador Hugo Jes\u00fas Rasetto que suspende por el t\u00e9rmino de un a\u00f1o la radicaci\u00f3n de nuevos establecimientos comerciales de m\u00faltiples puntos de venta, denominados ferias internadas, multipunto, cooperativas de comerciantes o de formatos similares mientras tanto se trata y sanciona se eval\u00faa <a href=\"https:\/\/armstrongyregion.com.ar\/diario\/es-ley-la-suspension-por-un-ano-de-la-instalacion-de-ferias-multipuntos-en-todo-santa-fe\/\" title=\"Read more\" >&#8230;<\/a><\/p>\n","protected":false},"author":1,"featured_media":32472,"comment_status":"open","ping_status":"open","sticky":false,"template":"","format":"image","meta":{"_jetpack_memberships_contains_paid_content":false,"footnotes":"","jetpack_publicize_message":"","jetpack_publicize_feature_enabled":true,"jetpack_social_post_already_shared":true,"jetpack_social_options":{"image_generator_settings":{"template":"highway","default_image_id":0,"enabled":false},"version":2}},"categories":[8,1,2,7,3],"tags":[],"class_list":["post-32471","post","type-post","status-publish","format-image","has-post-thumbnail","hentry","category-deliberando","category-diario-armstrong","category-locales","category-politica","category-region","post_format-post-format-image"],"jetpack_publicize_connections":[],"jetpack_featured_media_url":"https:\/\/armstrongyregion.com.ar\/diario\/wp-content\/uploads\/2021\/11\/Rasetto-Hugo-Senador-.jpg","jetpack_shortlink":"https:\/\/wp.me\/p62QDO-8rJ","jetpack_sharing_enabled":true,"amp_enabled":true,"_links":{"self":[{"href":"https:\/\/armstrongyregion.com.ar\/diario\/wp-json\/wp\/v2\/posts\/32471","targetHints":{"allow":["GET"]}}],"collection":[{"href":"https:\/\/armstrongyregion.com.ar\/diario\/wp-json\/wp\/v2\/posts"}],"about":[{"href":"https:\/\/armstrongyregion.com.ar\/diario\/wp-json\/wp\/v2\/types\/post"}],"author":[{"embeddable":true,"href":"https:\/\/armstrongyregion.com.ar\/diario\/wp-json\/wp\/v2\/users\/1"}],"replies":[{"embeddable":true,"href":"https:\/\/armstrongyregion.com.ar\/diario\/wp-json\/wp\/v2\/comments?post=32471"}],"version-history":[{"count":1,"href":"https:\/\/armstrongyregion.com.ar\/diario\/wp-json\/wp\/v2\/posts\/32471\/revisions"}],"predecessor-version":[{"id":32473,"href":"https:\/\/armstrongyregion.com.ar\/diario\/wp-json\/wp\/v2\/posts\/32471\/revisions\/32473"}],"wp:featuredmedia":[{"embeddable":true,"href":"https:\/\/armstrongyregion.com.ar\/diario\/wp-json\/wp\/v2\/media\/32472"}],"wp:attachment":[{"href":"https:\/\/armstrongyregion.com.ar\/diario\/wp-json\/wp\/v2\/media?parent=32471"}],"wp:term":[{"taxonomy":"category","embeddable":true,"href":"https:\/\/armstrongyregion.com.ar\/diario\/wp-json\/wp\/v2\/categories?post=32471"},{"taxonomy":"post_tag","embeddable":true,"href":"https:\/\/armstrongyregion.com.ar\/diario\/wp-json\/wp\/v2\/tags?post=32471"}],"curies":[{"name":"wp","href":"https:\/\/api.w.org\/{rel}","templated":true}]}}