{"id":32464,"date":"2021-11-22T13:47:52","date_gmt":"2021-11-22T13:47:52","guid":{"rendered":"https:\/\/armstrongyregion.com.ar\/diario\/?p=32464"},"modified":"2021-11-22T13:47:55","modified_gmt":"2021-11-22T13:47:55","slug":"el-trebol-familia-denuncia-maltratos-sobre-su-hijo-en-la-escuela-quieren-manifestarse-frente-al-centro-cultural","status":"publish","type":"post","link":"https:\/\/armstrongyregion.com.ar\/diario\/el-trebol-familia-denuncia-maltratos-sobre-su-hijo-en-la-escuela-quieren-manifestarse-frente-al-centro-cultural\/","title":{"rendered":"El Tr\u00e9bol: familia denuncia maltratos sobre su hijo en la escuela. Quieren manifestarse frente al Centro Cultural."},"content":{"rendered":"\n<figure class=\"wp-block-image size-large\"><img loading=\"lazy\" decoding=\"async\" width=\"449\" height=\"254\" src=\"http:\/\/armstrongyregion.com.ar\/diario\/wp-content\/uploads\/2021\/11\/el-trebol-maltrato-.jpg\" alt=\"\" class=\"wp-image-32465\" srcset=\"https:\/\/armstrongyregion.com.ar\/diario\/wp-content\/uploads\/2021\/11\/el-trebol-maltrato-.jpg 449w, https:\/\/armstrongyregion.com.ar\/diario\/wp-content\/uploads\/2021\/11\/el-trebol-maltrato--300x170.jpg 300w\" sizes=\"auto, (max-width: 449px) 100vw, 449px\" \/><\/figure>\n\n\n\n<h2 class=\"wp-block-heading\"> La familia Bonetto llam\u00f3 esta semana a conferencia de prensa para expresarse sobre un conflicto, que tom\u00f3 conocimiento p\u00fablico en su momento y un cauce legal. <\/h2>\n\n\n\n<p>La familia Bonetto llam\u00f3 esta semana a conferencia de prensa para expresarse sobre un conflicto, que tom\u00f3 conocimiento p\u00fablico en su momento y un cauce legal, sobre un supuesto maltrato del cual fue v\u00edctima su peque\u00f1o hijo, en la escuela, durante el a\u00f1o 2019.<\/p>\n\n\n\n<p><em>\u201cNuestro hijo y tambi\u00e9n otros ni\u00f1os, sufrieron maltrato por parte de una docente que estaba a su cargo cuando iban a cuarto grado y ten\u00edan nueve a\u00f1os. Nosotros recabamos informaci\u00f3n a trav\u00e9s de grabaciones que realizamos con un grabador colocado en la mochila y a partir de eso, se pudo hacer una denuncia, primero ante Direcci\u00f3n y despu\u00e9s ante la Regi\u00f3n VIII de Educaci\u00f3n con asiento en San Jorge del ministerio de Educaci\u00f3n\u201d,<\/em>&nbsp;expres\u00f3 a los medios Laureano Bonetto, m\u00e9dico odont\u00f3logo de la ciudad.<\/p>\n\n\n\n<p>Antes de la nota, acercaron pruebas, escritos y audios a la prensa. \u201c<em>Desde ese momento, esta docente ha sido desplazada de su cargo\u201d,&nbsp;<\/em>cont\u00f3 Laureano y agreg\u00f3:&nbsp;<em>\u201cHoy est\u00e1 sin poder cumplir actividad a cargo de ni\u00f1os o menores de edad, hacia otra escuela de nuestra ciudad, en este caso, una escuela de educaci\u00f3n secundaria\u201d.<\/em><\/p>\n\n\n\n<p><strong>Amenazas por tel\u00e9fono.&nbsp;<\/strong>Bonetto declar\u00f3 que&nbsp;<em>\u201ca partir de ah\u00ed, empezamos a recibir amenazas an\u00f3nimas y tambi\u00e9n cierto tipo de acoso nominal por parte de esta persona, v\u00eda telef\u00f3nica y mensajes de whatsapp, que no han cesado hasta el momento. Son espor\u00e1dicos. A veces cada cuatro meses, a veces cada seis. La situaci\u00f3n de ella contin\u00faa igual que desde su inicio en lo que respecta a su cargo en el ministerio de Educaci\u00f3n. La situaci\u00f3n es de desplazo por investigaci\u00f3n, con inicio de sumario, por mal desempe\u00f1o de sus funciones\u201d.<\/em><\/p>\n\n\n\n<p><strong>Discapacidad.&nbsp;<\/strong>El hijo del matrimonio, que habr\u00eda sido v\u00edctima de los maltratos, sufre diversas patolog\u00edas de nacimiento.&nbsp;<em>\u201cEs un ni\u00f1o que padece de un trastorno de lenguaje severo, que se llama TEL (Trastorno Espec\u00edfico del Lenguaje). \u00c9l entiende, comprende y formula. \u00c9l genera lenguaje, a los nueve a\u00f1os, con una competencia de un ni\u00f1o de tres a\u00f1os o de tres a\u00f1os y algo. Adem\u00e1s, tambi\u00e9n es hipoac\u00fasico bilateral. En un o\u00eddo escucha a partir de los 70 decibeles y en el otro a partir de los 40 y algo, por lo cual se encuentra equipado con aud\u00edfono\u201d.<\/em><\/p>\n\n\n\n<p>Bonetto detall\u00f3:&nbsp;<em>\u201cLa docente lo maltrat\u00f3 en varias oportunidades, varios d\u00edas seguidos. Produjo una discriminaci\u00f3n hacia \u00e9l. Hubo enorme cantidad de conflictos con la psicopedagoga que estaba a cargo de realizar la integraci\u00f3n de nuestro hijo, es decir, la adaptaci\u00f3n de los contenidos curriculares para que \u00e9l los pudiera asimilar y los pudiera aprender\u201d.<\/em><\/p>\n\n\n\n<p>Y resalta:<em>&nbsp;\u201cEsto llega a un c\u00falmine un d\u00eda en el que lo deja llorando durante 45 minutos, dici\u00e9ndole todo el tiempo que a ella no le importa que llore, exponiendo ante sus compa\u00f1eros la patolog\u00eda que \u00e9l tiene y diciendo que \u00e9l tiene un mont\u00f3n de profesionales que est\u00e1n para asistirlo y ayudarlo, cosa que sus compa\u00f1eros obviamente no ten\u00edan por qu\u00e9 escuchar ni ten\u00edan porqu\u00e9 saber. Adem\u00e1s, esta docente tuvo otros hechos tambi\u00e9n muy graves hacia otros ni\u00f1os en a\u00f1os anteriores y en el mismo a\u00f1o, y por eso estimo que el ministerio ha decidido lo que ha decidido. Nosotros no lo hemos decidido, sino que ha sido el ministerio. Nosotros simplemente hemos presentado ante quien correspond\u00eda, incluido el INADI, las denuncias correspondientes\u201d.<\/em><\/p>\n\n\n\n<p><strong>Manifestaci\u00f3n frente al Centro Cultural Cervantes.&nbsp;<\/strong>Secundado por su esposa, el Dr. Bonetto manifest\u00f3:&nbsp;<em>\u201cNosotros somos personas muy reservadas y tranquilas, pero lo que nos lleva a exponer esta situaci\u00f3n es que el municipio le estar\u00eda organizando, porque ella ha repartido gacetillas de prensa e invitaciones a diestra y siniestra, un evento para presentar unos cuadernillos de apoyo escolar en el Centro Cultural Cervantes el pr\u00f3ximo viernes a la tarde. No entendemos c\u00f3mo desde el municipio, se permite esto, estando el intendente Fernando Almada advertido por nosotros, en una reuni\u00f3n oportunamente concedida y a la cual hemos concurrido a comienzos de este a\u00f1o y en la que adem\u00e1s ha visto todas las pruebas y ha escuchado las grabaciones. Le hemos dicho que por favor piense en que nosotros somos una familia que no podemos ver que a esta persona se la invite a eventos culturales por parte del municipio, porque su accionar no ha sido el correcto y est\u00e1 en un proceso de investigaci\u00f3n\u201d.<\/em><\/p>\n\n\n\n<p>Con el gesto ruborizado, el padre del peque\u00f1o expres\u00f3:&nbsp;<em>\u201cNuevamente, azorados de c\u00f3mo se le da el espacio, hemos hablado con el director de Cultura, hemos hablado con el director de Pol\u00edtica Educativa y con gente del \u00c1rea Social del municipio. Durante toda la semana pasada, nos tuvieron a las vueltas, como el burro con la zanahoria por delante, y no han decidido nada, hasta que pr\u00e1cticamente cortaron absolutamente todos los contactos que hab\u00edamos establecido y nos \u2018clavan el visto\u2019. &nbsp;Es por eso que nosotros nos vamos a manifestar. Hay otros padres que tienen miedo de hacerlo. Si alguien quiere acompa\u00f1arnos, nos vamos a estar manifestando frente al Centro Cultural Cervantes a la hora convocada para esta presentaci\u00f3n, porque nos parece extremadamente injusto y amoral que desde el municipio se le d\u00e9 espacio a un docente que est\u00e1 investigado y desplazado de su cargo\u201d.<\/em><\/p>\n\n\n\n<p>Y agreg\u00f3:&nbsp;<em>\u201cNo es solamente por nuestro hijo, ni por nosotros, ni por los otros chicos que han pasado esto. Esto le puede tocar a cualquiera. Todos podemos ser vulnerables en alg\u00fan momento. Todos vamos a ser ancianos en alg\u00fan momento. Piensen que a los ancianos tambi\u00e9n los maltratan a veces cuando est\u00e1n a cargo de alguien y muchas veces no se puede probar. Es lamentable que las personas vulnerables sean maltratadas. Nosotros que tenemos capacidad de defensa, tenemos que defenderlos. Y lo vamos a hacer con u\u00f1as y dientes\u201d.<\/em><\/p>\n\n\n\n<p>Fuente y foto: Radio El Tr\u00e9bol<\/p>\n","protected":false},"excerpt":{"rendered":"<p>La familia Bonetto llam\u00f3 esta semana a conferencia de prensa para expresarse sobre un conflicto, que tom\u00f3 conocimiento p\u00fablico en su momento y un cauce legal. La familia Bonetto llam\u00f3 esta semana a conferencia de prensa para expresarse sobre un conflicto, que tom\u00f3 conocimiento p\u00fablico en su momento y un cauce legal, sobre un supuesto <a href=\"https:\/\/armstrongyregion.com.ar\/diario\/el-trebol-familia-denuncia-maltratos-sobre-su-hijo-en-la-escuela-quieren-manifestarse-frente-al-centro-cultural\/\" title=\"Read more\" >&#8230;<\/a><\/p>\n","protected":false},"author":1,"featured_media":32465,"comment_status":"open","ping_status":"open","sticky":false,"template":"","format":"image","meta":{"_jetpack_memberships_contains_paid_content":false,"footnotes":"","jetpack_publicize_message":"","jetpack_publicize_feature_enabled":true,"jetpack_social_post_already_shared":true,"jetpack_social_options":{"image_generator_settings":{"template":"highway","default_image_id":0,"enabled":false},"version":2}},"categories":[6,8,1,7,3],"tags":[],"class_list":["post-32464","post","type-post","status-publish","format-image","has-post-thumbnail","hentry","category-cultura-entretenimiento","category-deliberando","category-diario-armstrong","category-politica","category-region","post_format-post-format-image"],"jetpack_publicize_connections":[],"jetpack_featured_media_url":"https:\/\/armstrongyregion.com.ar\/diario\/wp-content\/uploads\/2021\/11\/el-trebol-maltrato-.jpg","jetpack_shortlink":"https:\/\/wp.me\/p62QDO-8rC","jetpack_sharing_enabled":true,"amp_enabled":true,"_links":{"self":[{"href":"https:\/\/armstrongyregion.com.ar\/diario\/wp-json\/wp\/v2\/posts\/32464","targetHints":{"allow":["GET"]}}],"collection":[{"href":"https:\/\/armstrongyregion.com.ar\/diario\/wp-json\/wp\/v2\/posts"}],"about":[{"href":"https:\/\/armstrongyregion.com.ar\/diario\/wp-json\/wp\/v2\/types\/post"}],"author":[{"embeddable":true,"href":"https:\/\/armstrongyregion.com.ar\/diario\/wp-json\/wp\/v2\/users\/1"}],"replies":[{"embeddable":true,"href":"https:\/\/armstrongyregion.com.ar\/diario\/wp-json\/wp\/v2\/comments?post=32464"}],"version-history":[{"count":1,"href":"https:\/\/armstrongyregion.com.ar\/diario\/wp-json\/wp\/v2\/posts\/32464\/revisions"}],"predecessor-version":[{"id":32466,"href":"https:\/\/armstrongyregion.com.ar\/diario\/wp-json\/wp\/v2\/posts\/32464\/revisions\/32466"}],"wp:featuredmedia":[{"embeddable":true,"href":"https:\/\/armstrongyregion.com.ar\/diario\/wp-json\/wp\/v2\/media\/32465"}],"wp:attachment":[{"href":"https:\/\/armstrongyregion.com.ar\/diario\/wp-json\/wp\/v2\/media?parent=32464"}],"wp:term":[{"taxonomy":"category","embeddable":true,"href":"https:\/\/armstrongyregion.com.ar\/diario\/wp-json\/wp\/v2\/categories?post=32464"},{"taxonomy":"post_tag","embeddable":true,"href":"https:\/\/armstrongyregion.com.ar\/diario\/wp-json\/wp\/v2\/tags?post=32464"}],"curies":[{"name":"wp","href":"https:\/\/api.w.org\/{rel}","templated":true}]}}