{"id":32399,"date":"2021-11-16T14:22:29","date_gmt":"2021-11-16T14:22:29","guid":{"rendered":"https:\/\/armstrongyregion.com.ar\/diario\/?p=32399"},"modified":"2021-11-16T14:22:33","modified_gmt":"2021-11-16T14:22:33","slug":"canada-de-gomez-el-municipio-fortalece-acciones-en-cuidado-del-medioambiente","status":"publish","type":"post","link":"https:\/\/armstrongyregion.com.ar\/diario\/canada-de-gomez-el-municipio-fortalece-acciones-en-cuidado-del-medioambiente\/","title":{"rendered":"Ca\u00f1ada de G\u00f3mez. El municipio fortalece acciones en cuidado del medioambiente."},"content":{"rendered":"\n<figure class=\"wp-block-image size-large\"><img loading=\"lazy\" decoding=\"async\" width=\"399\" height=\"304\" src=\"http:\/\/armstrongyregion.com.ar\/diario\/wp-content\/uploads\/2021\/11\/medioambiente-24-nov-2021-.jpg\" alt=\"\" class=\"wp-image-32400\" srcset=\"https:\/\/armstrongyregion.com.ar\/diario\/wp-content\/uploads\/2021\/11\/medioambiente-24-nov-2021-.jpg 399w, https:\/\/armstrongyregion.com.ar\/diario\/wp-content\/uploads\/2021\/11\/medioambiente-24-nov-2021--300x229.jpg 300w\" sizes=\"auto, (max-width: 399px) 100vw, 399px\" \/><\/figure>\n\n\n\n<p>La gesti\u00f3n municipal llev\u00f3 a cabo el pasado s\u00e1bado nuevas iniciativas en materia de medio ambiente, con la habilitaci\u00f3n de la estaci\u00f3n de reciclaje en Plaza Eva Per\u00f3n y una nueva jornada \u201c3 x1\u201d.<\/p>\n\n\n\n<p>Este nuevo punto verde, a partir del trabajo junto al Ministerio de Ambiente, consta de cuatro contenedores diferentes para depositar metales, papel y cart\u00f3n, vidrios y pl\u00e1sticos. En tanto, en la jornada \u201c3&#215;1\u201d se recolect\u00f3 papel y cart\u00f3n, junto con botellas pl\u00e1sticas y vidrio, a cambio de plantines y compost. \u201cRenovamos nuestro compromiso con esta iniciativa para continuar alentando las buenas conductas para con el medio ambiente y fortalecer una Ca\u00f1ada sustentable\u201d, expresaron desde el Municipio.<br><\/p>\n","protected":false},"excerpt":{"rendered":"<p>La gesti\u00f3n municipal llev\u00f3 a cabo el pasado s\u00e1bado nuevas iniciativas en materia de medio ambiente, con la habilitaci\u00f3n de la estaci\u00f3n de reciclaje en Plaza Eva Per\u00f3n y una nueva jornada \u201c3 x1\u201d. Este nuevo punto verde, a partir del trabajo junto al Ministerio de Ambiente, consta de cuatro contenedores diferentes para depositar metales, <a href=\"https:\/\/armstrongyregion.com.ar\/diario\/canada-de-gomez-el-municipio-fortalece-acciones-en-cuidado-del-medioambiente\/\" title=\"Read more\" >&#8230;<\/a><\/p>\n","protected":false},"author":1,"featured_media":32401,"comment_status":"open","ping_status":"open","sticky":false,"template":"","format":"image","meta":{"_jetpack_memberships_contains_paid_content":false,"footnotes":"","jetpack_publicize_message":"","jetpack_publicize_feature_enabled":true,"jetpack_social_post_already_shared":true,"jetpack_social_options":{"image_generator_settings":{"template":"highway","default_image_id":0,"enabled":false},"version":2}},"categories":[8,1,7,3],"tags":[],"class_list":["post-32399","post","type-post","status-publish","format-image","has-post-thumbnail","hentry","category-deliberando","category-diario-armstrong","category-politica","category-region","post_format-post-format-image"],"jetpack_publicize_connections":[],"jetpack_featured_media_url":"https:\/\/armstrongyregion.com.ar\/diario\/wp-content\/uploads\/2021\/11\/medioambiente-24-nov-2021-1-1.jpg","jetpack_shortlink":"https:\/\/wp.me\/p62QDO-8qz","jetpack_sharing_enabled":true,"amp_enabled":true,"_links":{"self":[{"href":"https:\/\/armstrongyregion.com.ar\/diario\/wp-json\/wp\/v2\/posts\/32399","targetHints":{"allow":["GET"]}}],"collection":[{"href":"https:\/\/armstrongyregion.com.ar\/diario\/wp-json\/wp\/v2\/posts"}],"about":[{"href":"https:\/\/armstrongyregion.com.ar\/diario\/wp-json\/wp\/v2\/types\/post"}],"author":[{"embeddable":true,"href":"https:\/\/armstrongyregion.com.ar\/diario\/wp-json\/wp\/v2\/users\/1"}],"replies":[{"embeddable":true,"href":"https:\/\/armstrongyregion.com.ar\/diario\/wp-json\/wp\/v2\/comments?post=32399"}],"version-history":[{"count":1,"href":"https:\/\/armstrongyregion.com.ar\/diario\/wp-json\/wp\/v2\/posts\/32399\/revisions"}],"predecessor-version":[{"id":32402,"href":"https:\/\/armstrongyregion.com.ar\/diario\/wp-json\/wp\/v2\/posts\/32399\/revisions\/32402"}],"wp:featuredmedia":[{"embeddable":true,"href":"https:\/\/armstrongyregion.com.ar\/diario\/wp-json\/wp\/v2\/media\/32401"}],"wp:attachment":[{"href":"https:\/\/armstrongyregion.com.ar\/diario\/wp-json\/wp\/v2\/media?parent=32399"}],"wp:term":[{"taxonomy":"category","embeddable":true,"href":"https:\/\/armstrongyregion.com.ar\/diario\/wp-json\/wp\/v2\/categories?post=32399"},{"taxonomy":"post_tag","embeddable":true,"href":"https:\/\/armstrongyregion.com.ar\/diario\/wp-json\/wp\/v2\/tags?post=32399"}],"curies":[{"name":"wp","href":"https:\/\/api.w.org\/{rel}","templated":true}]}}