{"id":32391,"date":"2021-11-16T03:29:44","date_gmt":"2021-11-16T03:29:44","guid":{"rendered":"https:\/\/armstrongyregion.com.ar\/diario\/?p=32391"},"modified":"2021-11-16T03:30:25","modified_gmt":"2021-11-16T03:30:25","slug":"comienzan-a-aplicar-terceras-dosis-contra-el-coronavirus-a-mayores-de-70-y-personal-de-salud","status":"publish","type":"post","link":"https:\/\/armstrongyregion.com.ar\/diario\/comienzan-a-aplicar-terceras-dosis-contra-el-coronavirus-a-mayores-de-70-y-personal-de-salud\/","title":{"rendered":"Comienzan a aplicar terceras dosis contra el coronavirus a mayores de 70 y personal de salud."},"content":{"rendered":"\n<figure class=\"wp-block-image size-large\"><img loading=\"lazy\" decoding=\"async\" width=\"400\" height=\"225\" src=\"http:\/\/armstrongyregion.com.ar\/diario\/wp-content\/uploads\/2021\/11\/sputnikrosariovacunacion6.jpg_1756841869.jpg\" alt=\"\" class=\"wp-image-32392\" srcset=\"https:\/\/armstrongyregion.com.ar\/diario\/wp-content\/uploads\/2021\/11\/sputnikrosariovacunacion6.jpg_1756841869.jpg 400w, https:\/\/armstrongyregion.com.ar\/diario\/wp-content\/uploads\/2021\/11\/sputnikrosariovacunacion6.jpg_1756841869-300x169.jpg 300w\" sizes=\"auto, (max-width: 400px) 100vw, 400px\" \/><\/figure>\n\n\n\n<h2 class=\"wp-block-heading\"> El Ministerio de Salud de Santa Fe detall\u00f3 que desde este martes se aplicar\u00e1n refuerzos a quienes hayan completado el esquema de dos vacunas\u00a0hace 6 meses o m\u00e1s.<\/h2>\n\n\n\n<p>Este martes comenzar\u00e1 la<strong>&nbsp;aplicaci\u00f3n de dosis de refuerzo<\/strong>&nbsp;contra el&nbsp;<strong>coronavirus&nbsp;<\/strong>para aquellas personas que ya cuentan con el esquema completo de vacunaci\u00f3n en la provincia de Santa Fe. Las autoridades sanitarias indicaron que los<strong>&nbsp;primeros en recibir las terceras vacunas ser\u00e1n los mayores de 70 a\u00f1os y el personal de salud<\/strong>.<\/p>\n\n\n\n<p>La ministra de Salud, Sonia Martorano, inform\u00f3 que se distribuir\u00e1n las dosis en efectores, centros de salud y en el sistema privado de manera que \u201ccada uno de los miembros del&nbsp;<strong>sistema de salud se pueda vacunar en el lugar de trabajo<\/strong>\u201d.<\/p>\n\n\n\n<p>\u201cLuego de<strong>&nbsp;6 meses de haber recibido la segunda dosis<\/strong>&nbsp;se aplica el refuerzo\u201d, indic\u00f3 la titular de la cartera sanitaria.<\/p>\n\n\n\n<p>Asimismo agreg\u00f3 que aquellos profesionales de la salud que no tengan efector de referencia porque trabajan en un consultorio,&nbsp;<strong>deber\u00e1n inscribirse como personal de salud<\/strong>, en el Registro Provincial de Vacunaci\u00f3n para ser citados por fecha.<\/p>\n\n\n\n<p>\u201cLlegaron<strong>\u00a060 mil dosis de Astraz\u00e9neca para iniciar el refuerzo<\/strong>. Lo destinamos a salud y m\u00e1s 70 a\u00f1os. Por eso lo de la vacunaci\u00f3n intra muro. La condici\u00f3n es tener un m\u00ednimo de 6 meses de segunda dosis\u201d, destac\u00f3 Martorano.<\/p>\n\n\n\n<p>Al ser consultada por la estrategia de vacunaci\u00f3n con terceras dosis para completar esquemas de vacunaci\u00f3n, la ministra se\u00f1al\u00f3 que \u201c<strong>est\u00e1 destinada a mayores de 50 a\u00f1os que hayan recibido dos dosis de Sinopharm<\/strong>&nbsp;(porque se completa el esquema) y ahora se avanza&nbsp;<strong>en pacientes inmunodeprimidos, es decir, trasplantados, con enfermedades autoinmune o que reciban una medicaci\u00f3n inmunosupresora<\/strong>&nbsp;(por ejemplo Corticoides en altas dosis)\u201d.<\/p>\n\n\n\n<p>\u201cPuede ocurrir que haya personas que se vacunaron y, en el transcurso del a\u00f1o desarrollaron una enfermedad ontol\u00f3gica, o autoinmune.&nbsp;<strong>No las tenemos detectadas en el registro<\/strong>, por favor hablen con sus m\u00e9dicos ya que, si les indican la vacuna, vienen con su certificado de la enfermedad de base y reciben la vacuna\u201d, continu\u00f3.<\/p>\n\n\n\n<p>En este sentido, Sonia Martorano, hizo menci\u00f3n a la cantidad de santafesinos y santafesinas que adhirieron al mega plan de vacunaci\u00f3n contra el covid-19.<\/p>\n\n\n\n<p>\u201cLlegamos a los&nbsp;<strong>3 millones de inscriptos en la vacunaci\u00f3n,<\/strong>&nbsp;es decir que hay un alto porcentaje de nuestra poblaci\u00f3n que manifest\u00f3 que desea vacunarse. Piensen que 300 mil personas est\u00e1n dentro del grupo de \u201ccero a 3 a\u00f1os\u201d por lo que solo quedan en la provincia el 5 por ciento, es decir&nbsp;<strong>200 mil personas que no adhieren<\/strong>. La mayor\u00eda s\u00ed se vacun\u00f3 o manifest\u00f3 su voluntad de hacerlo\u201d.<\/p>\n\n\n\n<p>\u201cCon una dosis tenemos al 85% de la poblaci\u00f3n, el<strong>\u00a066% con el esquema completo<\/strong>\u00a0que va a aumentar en estos d\u00edas ya que llegan las dosis para completar el esquema de las personas de 3 a 11 a\u00f1os (se cumplen los 28 d\u00edas) y los de 12 a 17 a\u00f1os\u201d.<\/p>\n\n\n\n<p>Fuente: Rosario3.com<\/p>\n","protected":false},"excerpt":{"rendered":"<p>El Ministerio de Salud de Santa Fe detall\u00f3 que desde este martes se aplicar\u00e1n refuerzos a quienes hayan completado el esquema de dos vacunas\u00a0hace 6 meses o m\u00e1s. Este martes comenzar\u00e1 la&nbsp;aplicaci\u00f3n de dosis de refuerzo&nbsp;contra el&nbsp;coronavirus&nbsp;para aquellas personas que ya cuentan con el esquema completo de vacunaci\u00f3n en la provincia de Santa Fe. Las <a href=\"https:\/\/armstrongyregion.com.ar\/diario\/comienzan-a-aplicar-terceras-dosis-contra-el-coronavirus-a-mayores-de-70-y-personal-de-salud\/\" title=\"Read more\" >&#8230;<\/a><\/p>\n","protected":false},"author":1,"featured_media":32392,"comment_status":"open","ping_status":"open","sticky":false,"template":"","format":"image","meta":{"_jetpack_memberships_contains_paid_content":false,"footnotes":"","jetpack_publicize_message":"","jetpack_publicize_feature_enabled":true,"jetpack_social_post_already_shared":true,"jetpack_social_options":{"image_generator_settings":{"template":"highway","default_image_id":0,"enabled":false},"version":2}},"categories":[8,1,7,3],"tags":[],"class_list":["post-32391","post","type-post","status-publish","format-image","has-post-thumbnail","hentry","category-deliberando","category-diario-armstrong","category-politica","category-region","post_format-post-format-image"],"jetpack_publicize_connections":[],"jetpack_featured_media_url":"https:\/\/armstrongyregion.com.ar\/diario\/wp-content\/uploads\/2021\/11\/sputnikrosariovacunacion6.jpg_1756841869.jpg","jetpack_shortlink":"https:\/\/wp.me\/p62QDO-8qr","jetpack_sharing_enabled":true,"amp_enabled":true,"_links":{"self":[{"href":"https:\/\/armstrongyregion.com.ar\/diario\/wp-json\/wp\/v2\/posts\/32391","targetHints":{"allow":["GET"]}}],"collection":[{"href":"https:\/\/armstrongyregion.com.ar\/diario\/wp-json\/wp\/v2\/posts"}],"about":[{"href":"https:\/\/armstrongyregion.com.ar\/diario\/wp-json\/wp\/v2\/types\/post"}],"author":[{"embeddable":true,"href":"https:\/\/armstrongyregion.com.ar\/diario\/wp-json\/wp\/v2\/users\/1"}],"replies":[{"embeddable":true,"href":"https:\/\/armstrongyregion.com.ar\/diario\/wp-json\/wp\/v2\/comments?post=32391"}],"version-history":[{"count":1,"href":"https:\/\/armstrongyregion.com.ar\/diario\/wp-json\/wp\/v2\/posts\/32391\/revisions"}],"predecessor-version":[{"id":32393,"href":"https:\/\/armstrongyregion.com.ar\/diario\/wp-json\/wp\/v2\/posts\/32391\/revisions\/32393"}],"wp:featuredmedia":[{"embeddable":true,"href":"https:\/\/armstrongyregion.com.ar\/diario\/wp-json\/wp\/v2\/media\/32392"}],"wp:attachment":[{"href":"https:\/\/armstrongyregion.com.ar\/diario\/wp-json\/wp\/v2\/media?parent=32391"}],"wp:term":[{"taxonomy":"category","embeddable":true,"href":"https:\/\/armstrongyregion.com.ar\/diario\/wp-json\/wp\/v2\/categories?post=32391"},{"taxonomy":"post_tag","embeddable":true,"href":"https:\/\/armstrongyregion.com.ar\/diario\/wp-json\/wp\/v2\/tags?post=32391"}],"curies":[{"name":"wp","href":"https:\/\/api.w.org\/{rel}","templated":true}]}}