{"id":32332,"date":"2021-11-10T02:44:17","date_gmt":"2021-11-10T02:44:17","guid":{"rendered":"https:\/\/armstrongyregion.com.ar\/diario\/?p=32332"},"modified":"2021-11-10T02:52:39","modified_gmt":"2021-11-10T02:52:39","slug":"nuevas-obras-en-la-cooperativa-de-obras-y-servicios-publicos","status":"publish","type":"post","link":"https:\/\/armstrongyregion.com.ar\/diario\/nuevas-obras-en-la-cooperativa-de-obras-y-servicios-publicos\/","title":{"rendered":"Nuevas obras en la Cooperativa de Obras y Servicios P\u00fablicos."},"content":{"rendered":"\n<figure class=\"wp-block-image size-large\"><img loading=\"lazy\" decoding=\"async\" width=\"494\" height=\"286\" src=\"http:\/\/armstrongyregion.com.ar\/diario\/wp-content\/uploads\/2021\/11\/cooperativa-1-.jpg\" alt=\"\" class=\"wp-image-32333\" srcset=\"https:\/\/armstrongyregion.com.ar\/diario\/wp-content\/uploads\/2021\/11\/cooperativa-1-.jpg 494w, https:\/\/armstrongyregion.com.ar\/diario\/wp-content\/uploads\/2021\/11\/cooperativa-1--300x174.jpg 300w\" sizes=\"auto, (max-width: 494px) 100vw, 494px\" \/><\/figure>\n\n\n\n<h2 class=\"wp-block-heading\"> Se incorpor\u00f3 una ambulancia al servicio que brinda la Cooperativa de Obras y Servicios P\u00fablicos, el anterior utilitario que estaba en uso ser\u00e1 utilizado para sepelios y para traslados internos. <\/h2>\n\n\n\n<figure class=\"wp-block-image size-large\"><img loading=\"lazy\" decoding=\"async\" width=\"805\" height=\"522\" src=\"http:\/\/armstrongyregion.com.ar\/diario\/wp-content\/uploads\/2021\/11\/cooperativa-2-.jpg\" alt=\"\" class=\"wp-image-32334\" srcset=\"https:\/\/armstrongyregion.com.ar\/diario\/wp-content\/uploads\/2021\/11\/cooperativa-2-.jpg 805w, https:\/\/armstrongyregion.com.ar\/diario\/wp-content\/uploads\/2021\/11\/cooperativa-2--300x195.jpg 300w, https:\/\/armstrongyregion.com.ar\/diario\/wp-content\/uploads\/2021\/11\/cooperativa-2--768x498.jpg 768w\" sizes=\"auto, (max-width: 805px) 100vw, 805px\" \/><\/figure>\n\n\n\n<figure class=\"wp-block-image size-large\"><img loading=\"lazy\" decoding=\"async\" width=\"772\" height=\"473\" src=\"http:\/\/armstrongyregion.com.ar\/diario\/wp-content\/uploads\/2021\/11\/cooperativa-3-.jpg\" alt=\"\" class=\"wp-image-32335\" srcset=\"https:\/\/armstrongyregion.com.ar\/diario\/wp-content\/uploads\/2021\/11\/cooperativa-3-.jpg 772w, https:\/\/armstrongyregion.com.ar\/diario\/wp-content\/uploads\/2021\/11\/cooperativa-3--300x184.jpg 300w, https:\/\/armstrongyregion.com.ar\/diario\/wp-content\/uploads\/2021\/11\/cooperativa-3--768x471.jpg 768w\" sizes=\"auto, (max-width: 772px) 100vw, 772px\" \/><\/figure>\n\n\n\n<figure class=\"wp-block-image size-large\"><img loading=\"lazy\" decoding=\"async\" width=\"789\" height=\"449\" src=\"http:\/\/armstrongyregion.com.ar\/diario\/wp-content\/uploads\/2021\/11\/cooperat-4.jpg\" alt=\"\" class=\"wp-image-32336\" srcset=\"https:\/\/armstrongyregion.com.ar\/diario\/wp-content\/uploads\/2021\/11\/cooperat-4.jpg 789w, https:\/\/armstrongyregion.com.ar\/diario\/wp-content\/uploads\/2021\/11\/cooperat-4-300x171.jpg 300w, https:\/\/armstrongyregion.com.ar\/diario\/wp-content\/uploads\/2021\/11\/cooperat-4-768x437.jpg 768w\" sizes=\"auto, (max-width: 789px) 100vw, 789px\" \/><\/figure>\n\n\n\n<p>Cable Imagen Armstrong.<\/p>\n","protected":false},"excerpt":{"rendered":"<p>Se incorpor\u00f3 una ambulancia al servicio que brinda la Cooperativa de Obras y Servicios P\u00fablicos, el anterior utilitario que estaba en uso ser\u00e1 utilizado para sepelios y para traslados internos. Cable Imagen Armstrong.<\/p>\n","protected":false},"author":1,"featured_media":32333,"comment_status":"open","ping_status":"open","sticky":false,"template":"","format":"image","meta":{"_jetpack_memberships_contains_paid_content":false,"footnotes":"","jetpack_publicize_message":"","jetpack_publicize_feature_enabled":true,"jetpack_social_post_already_shared":true,"jetpack_social_options":{"image_generator_settings":{"template":"highway","default_image_id":0,"enabled":false},"version":2}},"categories":[8,1,2,7],"tags":[],"class_list":["post-32332","post","type-post","status-publish","format-image","has-post-thumbnail","hentry","category-deliberando","category-diario-armstrong","category-locales","category-politica","post_format-post-format-image"],"jetpack_publicize_connections":[],"jetpack_featured_media_url":"https:\/\/armstrongyregion.com.ar\/diario\/wp-content\/uploads\/2021\/11\/cooperativa-1-.jpg","jetpack_shortlink":"https:\/\/wp.me\/p62QDO-8pu","jetpack_sharing_enabled":true,"amp_enabled":true,"_links":{"self":[{"href":"https:\/\/armstrongyregion.com.ar\/diario\/wp-json\/wp\/v2\/posts\/32332","targetHints":{"allow":["GET"]}}],"collection":[{"href":"https:\/\/armstrongyregion.com.ar\/diario\/wp-json\/wp\/v2\/posts"}],"about":[{"href":"https:\/\/armstrongyregion.com.ar\/diario\/wp-json\/wp\/v2\/types\/post"}],"author":[{"embeddable":true,"href":"https:\/\/armstrongyregion.com.ar\/diario\/wp-json\/wp\/v2\/users\/1"}],"replies":[{"embeddable":true,"href":"https:\/\/armstrongyregion.com.ar\/diario\/wp-json\/wp\/v2\/comments?post=32332"}],"version-history":[{"count":2,"href":"https:\/\/armstrongyregion.com.ar\/diario\/wp-json\/wp\/v2\/posts\/32332\/revisions"}],"predecessor-version":[{"id":32338,"href":"https:\/\/armstrongyregion.com.ar\/diario\/wp-json\/wp\/v2\/posts\/32332\/revisions\/32338"}],"wp:featuredmedia":[{"embeddable":true,"href":"https:\/\/armstrongyregion.com.ar\/diario\/wp-json\/wp\/v2\/media\/32333"}],"wp:attachment":[{"href":"https:\/\/armstrongyregion.com.ar\/diario\/wp-json\/wp\/v2\/media?parent=32332"}],"wp:term":[{"taxonomy":"category","embeddable":true,"href":"https:\/\/armstrongyregion.com.ar\/diario\/wp-json\/wp\/v2\/categories?post=32332"},{"taxonomy":"post_tag","embeddable":true,"href":"https:\/\/armstrongyregion.com.ar\/diario\/wp-json\/wp\/v2\/tags?post=32332"}],"curies":[{"name":"wp","href":"https:\/\/api.w.org\/{rel}","templated":true}]}}