{"id":32300,"date":"2021-11-09T03:10:08","date_gmt":"2021-11-09T03:10:08","guid":{"rendered":"https:\/\/armstrongyregion.com.ar\/diario\/?p=32300"},"modified":"2021-11-09T03:39:30","modified_gmt":"2021-11-09T03:39:30","slug":"verdecchia-cerro-la-campana-con-la-presencia-de-pullaro-y-referentes-historicos-de-la-ucr","status":"publish","type":"post","link":"https:\/\/armstrongyregion.com.ar\/diario\/verdecchia-cerro-la-campana-con-la-presencia-de-pullaro-y-referentes-historicos-de-la-ucr\/","title":{"rendered":"Verdecchia cerr\u00f3 su campa\u00f1a  con la presencia de Pullaro y referentes hist\u00f3ricos de la UCR."},"content":{"rendered":"\n<figure class=\"wp-block-image size-large\"><img loading=\"lazy\" decoding=\"async\" width=\"467\" height=\"342\" src=\"http:\/\/armstrongyregion.com.ar\/diario\/wp-content\/uploads\/2021\/11\/Cierre-Verdecchia-1-.jpg\" alt=\"\" class=\"wp-image-32301\" srcset=\"https:\/\/armstrongyregion.com.ar\/diario\/wp-content\/uploads\/2021\/11\/Cierre-Verdecchia-1-.jpg 467w, https:\/\/armstrongyregion.com.ar\/diario\/wp-content\/uploads\/2021\/11\/Cierre-Verdecchia-1--300x220.jpg 300w\" sizes=\"auto, (max-width: 467px) 100vw, 467px\" \/><\/figure>\n\n\n\n<p>\nEl actual intendente Dr. Pablo Verdecchia y su lista de Candidatos a\nConcejales, realizaron su cierre de campa\u00f1a, con la presencia de la\nDiputada Silvana Di Stefano y el Dip. Maximiliano Pullaro,\nacompa\u00f1aron tambi\u00e9n funcionarios de su gabinete, militancia joven y\nreferentes hist\u00f3ricos de la UCR.<\/p>\n\n\n\n<figure class=\"wp-block-image size-large\"><img loading=\"lazy\" decoding=\"async\" width=\"512\" height=\"342\" src=\"http:\/\/armstrongyregion.com.ar\/diario\/wp-content\/uploads\/2021\/11\/Verdecchia-cierre-2.jpg\" alt=\"\" class=\"wp-image-32302\" srcset=\"https:\/\/armstrongyregion.com.ar\/diario\/wp-content\/uploads\/2021\/11\/Verdecchia-cierre-2.jpg 512w, https:\/\/armstrongyregion.com.ar\/diario\/wp-content\/uploads\/2021\/11\/Verdecchia-cierre-2-300x200.jpg 300w\" sizes=\"auto, (max-width: 512px) 100vw, 512px\" \/><\/figure>\n\n\n\n<p>\nVerdecchia,\nquien compite en las urnas por un nuevo per\u00edodo el pr\u00f3ximo 14 de\nnoviembre, en su discurso afirmaba: \u201c Este es el Camino!\u2026 \u00abPorque\nel insulto y el descaro no nos representan\u2026 \n<\/p>\n\n\n\n<p>\nPorque\nno creemos en el odio ni en las venganzas\u2026 porque la violencia\nnunca conduce a nada bueno\u2026 \n<\/p>\n\n\n\n<p>\nPorque\nno nos merecemos las ma\u00f1as de la vieja pol\u00edtica\u2026 \n<\/p>\n\n\n\n<p>\nPorque\nArmstrong \u201cno tiene miedo\u201d\u2026 lo que Armstrong tiene\u2026 son ganas\nde seguir haciendo\u2026\u00bb<\/p>\n\n\n\n<figure class=\"wp-block-image size-large\"><img loading=\"lazy\" decoding=\"async\" width=\"975\" height=\"683\" src=\"http:\/\/armstrongyregion.com.ar\/diario\/wp-content\/uploads\/2021\/11\/verdecchia-cierre-3-.jpg\" alt=\"\" class=\"wp-image-32303\" srcset=\"https:\/\/armstrongyregion.com.ar\/diario\/wp-content\/uploads\/2021\/11\/verdecchia-cierre-3-.jpg 975w, https:\/\/armstrongyregion.com.ar\/diario\/wp-content\/uploads\/2021\/11\/verdecchia-cierre-3--300x210.jpg 300w, https:\/\/armstrongyregion.com.ar\/diario\/wp-content\/uploads\/2021\/11\/verdecchia-cierre-3--768x538.jpg 768w\" sizes=\"auto, (max-width: 975px) 100vw, 975px\" \/><\/figure>\n\n\n\n<p>En di\u00e1logo con nuestro medio, el intendente expres\u00f3: \u201cDesde que arranque mi discurso y ve\u00eda a quienes me acompa\u00f1an en la lista de concejales, a la Diputada Silvana Di Stefano y al Ex- Ministro de Seguridad Maxi Pullaro,  a la militancia mas joven, a los referentes hist\u00f3ricos de este comit\u00e9, se me pon\u00eda la piel de gallina, empezaron a venir im\u00e1genes, mas im\u00e1genes que me han marcado, tenia el recuerdo vivo de muchas personas que han militado, que han trabajado y todo lo que significa para muchos la pol\u00edtica.  Pero tambi\u00e9n \u00e9sta palabra muchas veces se desnaturaliza por la cantidad enorme de malos pol\u00edticos que hacen que esta herramienta este mal vista. Uno que lo vivi\u00f3 de chico y ve todo el trabajo realizado desde ac\u00e1 adentro, desde los distintos lugares que le toco a la U.C.R. en estos 130 a\u00f1os y ve todo por lo que se lucho, se debati\u00f3, se pele\u00f3, desde los lugares de gesti\u00f3n para  tener una comunidad mas unida, la verdad que la sensaci\u00f3n de hoy es muy fuerte y de mucha emoci\u00f3n\u201d.<\/p>\n\n\n\n<figure class=\"wp-block-image size-large\"><img loading=\"lazy\" decoding=\"async\" width=\"1024\" height=\"683\" src=\"http:\/\/armstrongyregion.com.ar\/diario\/wp-content\/uploads\/2021\/11\/Verdecchia-cierre-4-.jpg\" alt=\"\" class=\"wp-image-32304\" srcset=\"https:\/\/armstrongyregion.com.ar\/diario\/wp-content\/uploads\/2021\/11\/Verdecchia-cierre-4-.jpg 1024w, https:\/\/armstrongyregion.com.ar\/diario\/wp-content\/uploads\/2021\/11\/Verdecchia-cierre-4--300x200.jpg 300w, https:\/\/armstrongyregion.com.ar\/diario\/wp-content\/uploads\/2021\/11\/Verdecchia-cierre-4--768x512.jpg 768w\" sizes=\"auto, (max-width: 1024px) 100vw, 1024px\" \/><\/figure>\n\n\n\n<p>\u201cMientras hacia mi alocuci\u00f3n recordaba aquellos momentos duros que nos toco vivir desde la gesti\u00f3n en  pandemia, desde las obras, tambi\u00e9n desde los discursos con agresiones y agravios que nos toca recibir, pero no tenemos que darle importancia y nuestro deber es seguir construyendo esos puentes donde la sociedad perciba y sienta que una discusi\u00f3n pol\u00edtica no es una pelea, sino un debate de ideas y que con eso podamos ver crecer a todos los armstronenses, ese es el sentido y el fundamento de ciudad que proyectamos\u201d Dec\u00eda Verdecchia.<\/p>\n\n\n\n<p>Luego el ejecutivo a\u00f1adi\u00f3: \u00abTambi\u00e9n hoy nos acompa\u00f1o Maxi Pullaro, quien da todo su apoyo a Caro Losada que es nuestra candidata a senadora junto a Dionisio Scarpin y a Mario Barletta como Diputado Nacional. Es muy importante que Maxi venga para demostrar que estamos todos unidos y que el pr\u00f3ximo 14 de noviembre las esperanzas de los argentinos sigan creciendo&#8230;y  juntos sigamos avanzando\u201d.<\/p>\n\n\n\n<p>\u201cNuestro equipo quiere y desea seguir trabajando con vocaci\u00f3n de servicio hacia la comunidad y queremos continuar en ese camino que venimos transitando. Un camino donde podamos tener a esa ciudad que no deja a nadie atr\u00e1s donde las obras y la libertad sean el fundamento y el compromiso pero tambi\u00e9n las nuevas ideas que tienen que ver con la situaci\u00f3n que estamos viviendo a nivel mundial, como el medio ambiente, producci\u00f3n desde lo tecnol\u00f3gico, capacitaciones que est\u00e1n necesitando los j\u00f3venes y  nuestros empleados, desde ah\u00ed saldr\u00e1  el Armstrong que queremos en nuestro futuro\u201d. Expresaba el intendente.<\/p>\n","protected":false},"excerpt":{"rendered":"<p>El actual intendente Dr. Pablo Verdecchia y su lista de Candidatos a Concejales, realizaron su cierre de campa\u00f1a, con la presencia de la Diputada Silvana Di Stefano y el Dip. Maximiliano Pullaro, acompa\u00f1aron tambi\u00e9n funcionarios de su gabinete, militancia joven y referentes hist\u00f3ricos de la UCR. Verdecchia, quien compite en las urnas por un nuevo <a href=\"https:\/\/armstrongyregion.com.ar\/diario\/verdecchia-cerro-la-campana-con-la-presencia-de-pullaro-y-referentes-historicos-de-la-ucr\/\" title=\"Read more\" >&#8230;<\/a><\/p>\n","protected":false},"author":1,"featured_media":32301,"comment_status":"open","ping_status":"open","sticky":false,"template":"","format":"image","meta":{"_jetpack_memberships_contains_paid_content":false,"footnotes":"","jetpack_publicize_message":"","jetpack_publicize_feature_enabled":true,"jetpack_social_post_already_shared":true,"jetpack_social_options":{"image_generator_settings":{"template":"highway","default_image_id":0,"enabled":false},"version":2}},"categories":[8,1,2,7,3],"tags":[],"class_list":["post-32300","post","type-post","status-publish","format-image","has-post-thumbnail","hentry","category-deliberando","category-diario-armstrong","category-locales","category-politica","category-region","post_format-post-format-image"],"jetpack_publicize_connections":[],"jetpack_featured_media_url":"https:\/\/armstrongyregion.com.ar\/diario\/wp-content\/uploads\/2021\/11\/Cierre-Verdecchia-1-.jpg","jetpack_shortlink":"https:\/\/wp.me\/p62QDO-8oY","jetpack_sharing_enabled":true,"amp_enabled":true,"_links":{"self":[{"href":"https:\/\/armstrongyregion.com.ar\/diario\/wp-json\/wp\/v2\/posts\/32300","targetHints":{"allow":["GET"]}}],"collection":[{"href":"https:\/\/armstrongyregion.com.ar\/diario\/wp-json\/wp\/v2\/posts"}],"about":[{"href":"https:\/\/armstrongyregion.com.ar\/diario\/wp-json\/wp\/v2\/types\/post"}],"author":[{"embeddable":true,"href":"https:\/\/armstrongyregion.com.ar\/diario\/wp-json\/wp\/v2\/users\/1"}],"replies":[{"embeddable":true,"href":"https:\/\/armstrongyregion.com.ar\/diario\/wp-json\/wp\/v2\/comments?post=32300"}],"version-history":[{"count":2,"href":"https:\/\/armstrongyregion.com.ar\/diario\/wp-json\/wp\/v2\/posts\/32300\/revisions"}],"predecessor-version":[{"id":32309,"href":"https:\/\/armstrongyregion.com.ar\/diario\/wp-json\/wp\/v2\/posts\/32300\/revisions\/32309"}],"wp:featuredmedia":[{"embeddable":true,"href":"https:\/\/armstrongyregion.com.ar\/diario\/wp-json\/wp\/v2\/media\/32301"}],"wp:attachment":[{"href":"https:\/\/armstrongyregion.com.ar\/diario\/wp-json\/wp\/v2\/media?parent=32300"}],"wp:term":[{"taxonomy":"category","embeddable":true,"href":"https:\/\/armstrongyregion.com.ar\/diario\/wp-json\/wp\/v2\/categories?post=32300"},{"taxonomy":"post_tag","embeddable":true,"href":"https:\/\/armstrongyregion.com.ar\/diario\/wp-json\/wp\/v2\/tags?post=32300"}],"curies":[{"name":"wp","href":"https:\/\/api.w.org\/{rel}","templated":true}]}}