{"id":32288,"date":"2021-11-08T02:21:44","date_gmt":"2021-11-08T02:21:44","guid":{"rendered":"https:\/\/armstrongyregion.com.ar\/diario\/?p=32288"},"modified":"2021-11-08T02:21:47","modified_gmt":"2021-11-08T02:21:47","slug":"encontraron-al-joven-de-carcarana-que-desaparecio-tras-una-colision-en-ruta-9","status":"publish","type":"post","link":"https:\/\/armstrongyregion.com.ar\/diario\/encontraron-al-joven-de-carcarana-que-desaparecio-tras-una-colision-en-ruta-9\/","title":{"rendered":"Encontraron al joven de Carcara\u00f1\u00e1 que desapareci\u00f3 tras una colisi\u00f3n en Ruta 9."},"content":{"rendered":"\n<figure class=\"wp-block-image size-large\"><img loading=\"lazy\" decoding=\"async\" width=\"678\" height=\"381\" src=\"http:\/\/armstrongyregion.com.ar\/diario\/wp-content\/uploads\/2021\/11\/1-14-678x381-1.jpg\" alt=\"\" class=\"wp-image-32289\" srcset=\"https:\/\/armstrongyregion.com.ar\/diario\/wp-content\/uploads\/2021\/11\/1-14-678x381-1.jpg 678w, https:\/\/armstrongyregion.com.ar\/diario\/wp-content\/uploads\/2021\/11\/1-14-678x381-1-300x169.jpg 300w\" sizes=\"auto, (max-width: 678px) 100vw, 678px\" \/><\/figure>\n\n\n\n<h2 class=\"wp-block-heading\"> Estaba en la localidad cordobesa de Cruz Alta, en la casa de unos familiares. <\/h2>\n\n\n\n<p>El joven que se encontraba desaparecido luego de un siniestro vial ocurrido en la madrugada del s\u00e1bado entre Carcara\u00f1\u00e1 y Correa, estaba en la ciudad cordobesa de Cruz Alta, en la casa de unos familiares.<\/p>\n\n\n\n<p>Luego de un incidente vial ocurrido en la Ex-Ruta 9 a la altura del viejo peaje, el joven de 21 a\u00f1os que viajaba en uno de los dos autos que colisionaron era buscado por bomberos y equipos de rescate.<\/p>\n\n\n\n<p>A \u00faltima hora de la tarde hab\u00eda comenzado a circular la versi\u00f3n que confirmaba su aparici\u00f3n en la ciudad cordobesa, pero reci\u00e9n despu\u00e9s de las 21 fuentes cercanas a la Comisar\u00eda Quinta de la localidad de Correa confirmaron el rumor a los medios de comunicaci\u00f3n y aseguraron que se encontraba en buen estado de salud.<\/p>\n\n\n\n<p>Fuente:&nbsp;<strong><a href=\"https:\/\/atento.net.ar\/2021\/11\/06\/encontraron-al-joven-de-carcarana-que-desaparecio-tras-el-accidente\/\" rel=\"noreferrer noopener\" target=\"_blank\">Atento<\/a><\/strong><\/p>\n","protected":false},"excerpt":{"rendered":"<p>Estaba en la localidad cordobesa de Cruz Alta, en la casa de unos familiares. El joven que se encontraba desaparecido luego de un siniestro vial ocurrido en la madrugada del s\u00e1bado entre Carcara\u00f1\u00e1 y Correa, estaba en la ciudad cordobesa de Cruz Alta, en la casa de unos familiares. Luego de un incidente vial ocurrido <a href=\"https:\/\/armstrongyregion.com.ar\/diario\/encontraron-al-joven-de-carcarana-que-desaparecio-tras-una-colision-en-ruta-9\/\" title=\"Read more\" >&#8230;<\/a><\/p>\n","protected":false},"author":1,"featured_media":32289,"comment_status":"open","ping_status":"open","sticky":false,"template":"","format":"image","meta":{"_jetpack_memberships_contains_paid_content":false,"footnotes":"","jetpack_publicize_message":"","jetpack_publicize_feature_enabled":true,"jetpack_social_post_already_shared":true,"jetpack_social_options":{"image_generator_settings":{"template":"highway","default_image_id":0,"enabled":false},"version":2}},"categories":[8,1,2,7,3],"tags":[],"class_list":["post-32288","post","type-post","status-publish","format-image","has-post-thumbnail","hentry","category-deliberando","category-diario-armstrong","category-locales","category-politica","category-region","post_format-post-format-image"],"jetpack_publicize_connections":[],"jetpack_featured_media_url":"https:\/\/armstrongyregion.com.ar\/diario\/wp-content\/uploads\/2021\/11\/1-14-678x381-1.jpg","jetpack_shortlink":"https:\/\/wp.me\/p62QDO-8oM","jetpack_sharing_enabled":true,"amp_enabled":true,"_links":{"self":[{"href":"https:\/\/armstrongyregion.com.ar\/diario\/wp-json\/wp\/v2\/posts\/32288","targetHints":{"allow":["GET"]}}],"collection":[{"href":"https:\/\/armstrongyregion.com.ar\/diario\/wp-json\/wp\/v2\/posts"}],"about":[{"href":"https:\/\/armstrongyregion.com.ar\/diario\/wp-json\/wp\/v2\/types\/post"}],"author":[{"embeddable":true,"href":"https:\/\/armstrongyregion.com.ar\/diario\/wp-json\/wp\/v2\/users\/1"}],"replies":[{"embeddable":true,"href":"https:\/\/armstrongyregion.com.ar\/diario\/wp-json\/wp\/v2\/comments?post=32288"}],"version-history":[{"count":1,"href":"https:\/\/armstrongyregion.com.ar\/diario\/wp-json\/wp\/v2\/posts\/32288\/revisions"}],"predecessor-version":[{"id":32290,"href":"https:\/\/armstrongyregion.com.ar\/diario\/wp-json\/wp\/v2\/posts\/32288\/revisions\/32290"}],"wp:featuredmedia":[{"embeddable":true,"href":"https:\/\/armstrongyregion.com.ar\/diario\/wp-json\/wp\/v2\/media\/32289"}],"wp:attachment":[{"href":"https:\/\/armstrongyregion.com.ar\/diario\/wp-json\/wp\/v2\/media?parent=32288"}],"wp:term":[{"taxonomy":"category","embeddable":true,"href":"https:\/\/armstrongyregion.com.ar\/diario\/wp-json\/wp\/v2\/categories?post=32288"},{"taxonomy":"post_tag","embeddable":true,"href":"https:\/\/armstrongyregion.com.ar\/diario\/wp-json\/wp\/v2\/tags?post=32288"}],"curies":[{"name":"wp","href":"https:\/\/api.w.org\/{rel}","templated":true}]}}