{"id":32283,"date":"2021-11-08T01:48:14","date_gmt":"2021-11-08T01:48:14","guid":{"rendered":"https:\/\/armstrongyregion.com.ar\/diario\/?p=32283"},"modified":"2021-11-08T01:48:17","modified_gmt":"2021-11-08T01:48:17","slug":"armstrong-comunicado-por-dia-del-empleado-municipal","status":"publish","type":"post","link":"https:\/\/armstrongyregion.com.ar\/diario\/armstrong-comunicado-por-dia-del-empleado-municipal\/","title":{"rendered":"Armstrong. Comunicado por D\u00eda del Empleado Municipal."},"content":{"rendered":"\n<figure class=\"wp-block-image size-large\"><img loading=\"lazy\" decoding=\"async\" width=\"685\" height=\"685\" src=\"http:\/\/armstrongyregion.com.ar\/diario\/wp-content\/uploads\/2021\/11\/comunicado.jpg\" alt=\"\" class=\"wp-image-32284\" srcset=\"https:\/\/armstrongyregion.com.ar\/diario\/wp-content\/uploads\/2021\/11\/comunicado.jpg 685w, https:\/\/armstrongyregion.com.ar\/diario\/wp-content\/uploads\/2021\/11\/comunicado-300x300.jpg 300w, https:\/\/armstrongyregion.com.ar\/diario\/wp-content\/uploads\/2021\/11\/comunicado-150x150.jpg 150w\" sizes=\"auto, (max-width: 685px) 100vw, 685px\" \/><\/figure>\n\n\n\n<h2 class=\"wp-block-heading\"> La Municipalidad de Armstrong informa que el pr\u00f3ximo lunes 8 de noviembre permanecer\u00e1 cerrada debido al d\u00eda del empleado municipal. Asimismo, la recolecci\u00f3n de residuos domiciliarios se realizar\u00e1 de manera normal. Muchas gracias <\/h2>\n","protected":false},"excerpt":{"rendered":"<p>La Municipalidad de Armstrong informa que el pr\u00f3ximo lunes 8 de noviembre permanecer\u00e1 cerrada debido al d\u00eda del empleado municipal. Asimismo, la recolecci\u00f3n de residuos domiciliarios se realizar\u00e1 de manera normal. Muchas gracias<\/p>\n","protected":false},"author":1,"featured_media":32284,"comment_status":"open","ping_status":"open","sticky":false,"template":"","format":"image","meta":{"_jetpack_memberships_contains_paid_content":false,"footnotes":"","jetpack_publicize_message":"","jetpack_publicize_feature_enabled":true,"jetpack_social_post_already_shared":true,"jetpack_social_options":{"image_generator_settings":{"template":"highway","default_image_id":0,"enabled":false},"version":2}},"categories":[8,1,2,7],"tags":[],"class_list":["post-32283","post","type-post","status-publish","format-image","has-post-thumbnail","hentry","category-deliberando","category-diario-armstrong","category-locales","category-politica","post_format-post-format-image"],"jetpack_publicize_connections":[],"jetpack_featured_media_url":"https:\/\/armstrongyregion.com.ar\/diario\/wp-content\/uploads\/2021\/11\/comunicado.jpg","jetpack_shortlink":"https:\/\/wp.me\/p62QDO-8oH","jetpack_sharing_enabled":true,"amp_enabled":true,"_links":{"self":[{"href":"https:\/\/armstrongyregion.com.ar\/diario\/wp-json\/wp\/v2\/posts\/32283","targetHints":{"allow":["GET"]}}],"collection":[{"href":"https:\/\/armstrongyregion.com.ar\/diario\/wp-json\/wp\/v2\/posts"}],"about":[{"href":"https:\/\/armstrongyregion.com.ar\/diario\/wp-json\/wp\/v2\/types\/post"}],"author":[{"embeddable":true,"href":"https:\/\/armstrongyregion.com.ar\/diario\/wp-json\/wp\/v2\/users\/1"}],"replies":[{"embeddable":true,"href":"https:\/\/armstrongyregion.com.ar\/diario\/wp-json\/wp\/v2\/comments?post=32283"}],"version-history":[{"count":1,"href":"https:\/\/armstrongyregion.com.ar\/diario\/wp-json\/wp\/v2\/posts\/32283\/revisions"}],"predecessor-version":[{"id":32285,"href":"https:\/\/armstrongyregion.com.ar\/diario\/wp-json\/wp\/v2\/posts\/32283\/revisions\/32285"}],"wp:featuredmedia":[{"embeddable":true,"href":"https:\/\/armstrongyregion.com.ar\/diario\/wp-json\/wp\/v2\/media\/32284"}],"wp:attachment":[{"href":"https:\/\/armstrongyregion.com.ar\/diario\/wp-json\/wp\/v2\/media?parent=32283"}],"wp:term":[{"taxonomy":"category","embeddable":true,"href":"https:\/\/armstrongyregion.com.ar\/diario\/wp-json\/wp\/v2\/categories?post=32283"},{"taxonomy":"post_tag","embeddable":true,"href":"https:\/\/armstrongyregion.com.ar\/diario\/wp-json\/wp\/v2\/tags?post=32283"}],"curies":[{"name":"wp","href":"https:\/\/api.w.org\/{rel}","templated":true}]}}