{"id":32265,"date":"2021-11-05T11:44:03","date_gmt":"2021-11-05T11:44:03","guid":{"rendered":"https:\/\/armstrongyregion.com.ar\/diario\/?p=32265"},"modified":"2021-11-05T11:47:57","modified_gmt":"2021-11-05T11:47:57","slug":"encuentro-de-escuelas-tecnicas-del-departamento-belgrano","status":"publish","type":"post","link":"https:\/\/armstrongyregion.com.ar\/diario\/encuentro-de-escuelas-tecnicas-del-departamento-belgrano\/","title":{"rendered":"Encuentro de Escuelas T\u00e9cnicas del Departamento Belgrano."},"content":{"rendered":"\n<figure class=\"wp-block-image size-large\"><img loading=\"lazy\" decoding=\"async\" width=\"400\" height=\"300\" src=\"http:\/\/armstrongyregion.com.ar\/diario\/wp-content\/uploads\/2021\/11\/biblioteca-.jpg\" alt=\"\" class=\"wp-image-32266\" srcset=\"https:\/\/armstrongyregion.com.ar\/diario\/wp-content\/uploads\/2021\/11\/biblioteca-.jpg 400w, https:\/\/armstrongyregion.com.ar\/diario\/wp-content\/uploads\/2021\/11\/biblioteca--300x225.jpg 300w\" sizes=\"auto, (max-width: 400px) 100vw, 400px\" \/><\/figure>\n\n\n\n<p>El pasado mi\u00e9rcoles, se realiz\u00f3 el primer encuentro de Escuelas T\u00e9cnicas del Dpto Belgrano, el lugar del encuentro se dio en las instalaciones de la Biblioteca Popular Sarmiento con el\u00a0 Viceministro de Educaci\u00f3n de Santa fe Prof. V\u00edctor Deblock, el Dr. Julio Luna del Conicet\/ UTN y Prof del \u00e1rea, como as\u00ed tambi\u00e9n trabajadores de las Pymes, directivos de la regi\u00f3n. etc.<\/p>\n\n\n\n<p>El prop\u00f3sito de la reuni\u00f3n fue tratar la articulaci\u00f3n de formaci\u00f3n de la Escuela T\u00e9cnica con respecto a la producci\u00f3n de la peque\u00f1a y mediana empresa de la metalmec\u00e1nica, la cual necesita operarios calificados, para luego concretar un Centro de Perfeccionamiento de actividades no formales, como soldaduras, dise\u00f1o, inteligencia mec\u00e1nica y evoluci\u00f3n. Obteniendo as\u00ed una base de datos para luego ingresar y ver el funcionamiento de los mercados. <\/p>\n","protected":false},"excerpt":{"rendered":"<p>El pasado mi\u00e9rcoles, se realiz\u00f3 el primer encuentro de Escuelas T\u00e9cnicas del Dpto Belgrano, el lugar del encuentro se dio en las instalaciones de la Biblioteca Popular Sarmiento con el\u00a0 Viceministro de Educaci\u00f3n de Santa fe Prof. V\u00edctor Deblock, el Dr. Julio Luna del Conicet\/ UTN y Prof del \u00e1rea, como as\u00ed tambi\u00e9n trabajadores de <a href=\"https:\/\/armstrongyregion.com.ar\/diario\/encuentro-de-escuelas-tecnicas-del-departamento-belgrano\/\" title=\"Read more\" >&#8230;<\/a><\/p>\n","protected":false},"author":1,"featured_media":32266,"comment_status":"open","ping_status":"open","sticky":false,"template":"","format":"image","meta":{"_jetpack_memberships_contains_paid_content":false,"footnotes":"","jetpack_publicize_message":"","jetpack_publicize_feature_enabled":true,"jetpack_social_post_already_shared":true,"jetpack_social_options":{"image_generator_settings":{"template":"highway","default_image_id":0,"enabled":false},"version":2}},"categories":[8,1,2,7,3],"tags":[],"class_list":["post-32265","post","type-post","status-publish","format-image","has-post-thumbnail","hentry","category-deliberando","category-diario-armstrong","category-locales","category-politica","category-region","post_format-post-format-image"],"jetpack_publicize_connections":[],"jetpack_featured_media_url":"https:\/\/armstrongyregion.com.ar\/diario\/wp-content\/uploads\/2021\/11\/biblioteca-.jpg","jetpack_shortlink":"https:\/\/wp.me\/p62QDO-8op","jetpack_sharing_enabled":true,"amp_enabled":true,"_links":{"self":[{"href":"https:\/\/armstrongyregion.com.ar\/diario\/wp-json\/wp\/v2\/posts\/32265","targetHints":{"allow":["GET"]}}],"collection":[{"href":"https:\/\/armstrongyregion.com.ar\/diario\/wp-json\/wp\/v2\/posts"}],"about":[{"href":"https:\/\/armstrongyregion.com.ar\/diario\/wp-json\/wp\/v2\/types\/post"}],"author":[{"embeddable":true,"href":"https:\/\/armstrongyregion.com.ar\/diario\/wp-json\/wp\/v2\/users\/1"}],"replies":[{"embeddable":true,"href":"https:\/\/armstrongyregion.com.ar\/diario\/wp-json\/wp\/v2\/comments?post=32265"}],"version-history":[{"count":2,"href":"https:\/\/armstrongyregion.com.ar\/diario\/wp-json\/wp\/v2\/posts\/32265\/revisions"}],"predecessor-version":[{"id":32268,"href":"https:\/\/armstrongyregion.com.ar\/diario\/wp-json\/wp\/v2\/posts\/32265\/revisions\/32268"}],"wp:featuredmedia":[{"embeddable":true,"href":"https:\/\/armstrongyregion.com.ar\/diario\/wp-json\/wp\/v2\/media\/32266"}],"wp:attachment":[{"href":"https:\/\/armstrongyregion.com.ar\/diario\/wp-json\/wp\/v2\/media?parent=32265"}],"wp:term":[{"taxonomy":"category","embeddable":true,"href":"https:\/\/armstrongyregion.com.ar\/diario\/wp-json\/wp\/v2\/categories?post=32265"},{"taxonomy":"post_tag","embeddable":true,"href":"https:\/\/armstrongyregion.com.ar\/diario\/wp-json\/wp\/v2\/tags?post=32265"}],"curies":[{"name":"wp","href":"https:\/\/api.w.org\/{rel}","templated":true}]}}