{"id":32259,"date":"2021-11-05T11:16:53","date_gmt":"2021-11-05T11:16:53","guid":{"rendered":"https:\/\/armstrongyregion.com.ar\/diario\/?p=32259"},"modified":"2021-11-05T11:16:56","modified_gmt":"2021-11-05T11:16:56","slug":"armstrong-sabado-6-feria-de-colores-y-sabores","status":"publish","type":"post","link":"https:\/\/armstrongyregion.com.ar\/diario\/armstrong-sabado-6-feria-de-colores-y-sabores\/","title":{"rendered":"Armstrong. S\u00e1bado 6, Feria de Colores y Sabores."},"content":{"rendered":"\n<figure class=\"wp-block-image size-large\"><img loading=\"lazy\" decoding=\"async\" width=\"588\" height=\"592\" src=\"http:\/\/armstrongyregion.com.ar\/diario\/wp-content\/uploads\/2021\/11\/feria-sab-6-nov-2021.jpg\" alt=\"\" class=\"wp-image-32260\" srcset=\"https:\/\/armstrongyregion.com.ar\/diario\/wp-content\/uploads\/2021\/11\/feria-sab-6-nov-2021.jpg 588w, https:\/\/armstrongyregion.com.ar\/diario\/wp-content\/uploads\/2021\/11\/feria-sab-6-nov-2021-298x300.jpg 298w, https:\/\/armstrongyregion.com.ar\/diario\/wp-content\/uploads\/2021\/11\/feria-sab-6-nov-2021-150x150.jpg 150w\" sizes=\"auto, (max-width: 588px) 100vw, 588px\" \/><\/figure>\n\n\n\n<p>La Municipalidad de Armstrong invita a participar de una nueva jornada de la feria Sabores y Colores Locales que, en este caso, se realizar\u00e1 el s\u00e1bado 6 de noviembre desde las 16:30 hs. en el parque Bracito Fuerte.<\/p>\n\n\n\n<p>Emprendedores de nuestra ciudad y de la regi\u00f3n estar\u00e1n dispuestos a recibir a la gran cantidad de p\u00fablico que visita la feria en cada oportunidad.<\/p>\n\n\n\n<p>Como siempre habr\u00e1 m\u00fasica con DJ Gamal, servicio de buffet en cada stands y muchas propuestas originales.<\/p>\n\n\n\n<p>Y, debido al \u00e9xito de la primera edici\u00f3n, desde las 17 hs. intercambio de suculentas y capacitaci\u00f3n.<\/p>\n\n\n\n<p>Se solicita a los interesados llevar gajitos o plantas que tengan para el intercambio con otros asistentes.<\/p>\n","protected":false},"excerpt":{"rendered":"<p>La Municipalidad de Armstrong invita a participar de una nueva jornada de la feria Sabores y Colores Locales que, en este caso, se realizar\u00e1 el s\u00e1bado 6 de noviembre desde las 16:30 hs. en el parque Bracito Fuerte. Emprendedores de nuestra ciudad y de la regi\u00f3n estar\u00e1n dispuestos a recibir a la gran cantidad de <a href=\"https:\/\/armstrongyregion.com.ar\/diario\/armstrong-sabado-6-feria-de-colores-y-sabores\/\" title=\"Read more\" >&#8230;<\/a><\/p>\n","protected":false},"author":1,"featured_media":32260,"comment_status":"open","ping_status":"open","sticky":false,"template":"","format":"image","meta":{"_jetpack_memberships_contains_paid_content":false,"footnotes":"","jetpack_publicize_message":"","jetpack_publicize_feature_enabled":true,"jetpack_social_post_already_shared":true,"jetpack_social_options":{"image_generator_settings":{"template":"highway","default_image_id":0,"enabled":false},"version":2}},"categories":[6,8,1,2],"tags":[],"class_list":["post-32259","post","type-post","status-publish","format-image","has-post-thumbnail","hentry","category-cultura-entretenimiento","category-deliberando","category-diario-armstrong","category-locales","post_format-post-format-image"],"jetpack_publicize_connections":[],"jetpack_featured_media_url":"https:\/\/armstrongyregion.com.ar\/diario\/wp-content\/uploads\/2021\/11\/feria-sab-6-nov-2021.jpg","jetpack_shortlink":"https:\/\/wp.me\/p62QDO-8oj","jetpack_sharing_enabled":true,"amp_enabled":true,"_links":{"self":[{"href":"https:\/\/armstrongyregion.com.ar\/diario\/wp-json\/wp\/v2\/posts\/32259","targetHints":{"allow":["GET"]}}],"collection":[{"href":"https:\/\/armstrongyregion.com.ar\/diario\/wp-json\/wp\/v2\/posts"}],"about":[{"href":"https:\/\/armstrongyregion.com.ar\/diario\/wp-json\/wp\/v2\/types\/post"}],"author":[{"embeddable":true,"href":"https:\/\/armstrongyregion.com.ar\/diario\/wp-json\/wp\/v2\/users\/1"}],"replies":[{"embeddable":true,"href":"https:\/\/armstrongyregion.com.ar\/diario\/wp-json\/wp\/v2\/comments?post=32259"}],"version-history":[{"count":1,"href":"https:\/\/armstrongyregion.com.ar\/diario\/wp-json\/wp\/v2\/posts\/32259\/revisions"}],"predecessor-version":[{"id":32261,"href":"https:\/\/armstrongyregion.com.ar\/diario\/wp-json\/wp\/v2\/posts\/32259\/revisions\/32261"}],"wp:featuredmedia":[{"embeddable":true,"href":"https:\/\/armstrongyregion.com.ar\/diario\/wp-json\/wp\/v2\/media\/32260"}],"wp:attachment":[{"href":"https:\/\/armstrongyregion.com.ar\/diario\/wp-json\/wp\/v2\/media?parent=32259"}],"wp:term":[{"taxonomy":"category","embeddable":true,"href":"https:\/\/armstrongyregion.com.ar\/diario\/wp-json\/wp\/v2\/categories?post=32259"},{"taxonomy":"post_tag","embeddable":true,"href":"https:\/\/armstrongyregion.com.ar\/diario\/wp-json\/wp\/v2\/tags?post=32259"}],"curies":[{"name":"wp","href":"https:\/\/api.w.org\/{rel}","templated":true}]}}