{"id":32247,"date":"2021-11-03T21:56:23","date_gmt":"2021-11-03T21:56:23","guid":{"rendered":"https:\/\/armstrongyregion.com.ar\/diario\/?p=32247"},"modified":"2021-11-03T21:56:26","modified_gmt":"2021-11-03T21:56:26","slug":"canada-de-gomez-municipio-lleva-adelante-el-sexto-festival-videominuto","status":"publish","type":"post","link":"https:\/\/armstrongyregion.com.ar\/diario\/canada-de-gomez-municipio-lleva-adelante-el-sexto-festival-videominuto\/","title":{"rendered":"Ca\u00f1ada de G\u00f3mez. Municipio lleva adelante el sexto festival videominuto."},"content":{"rendered":"\n<p><\/p>\n\n\n\n<figure class=\"wp-block-image size-large\"><img loading=\"lazy\" decoding=\"async\" width=\"800\" height=\"450\" src=\"http:\/\/armstrongyregion.com.ar\/diario\/wp-content\/uploads\/2021\/11\/videominuto.jpg\" alt=\"\" class=\"wp-image-32248\" srcset=\"https:\/\/armstrongyregion.com.ar\/diario\/wp-content\/uploads\/2021\/11\/videominuto.jpg 800w, https:\/\/armstrongyregion.com.ar\/diario\/wp-content\/uploads\/2021\/11\/videominuto-300x169.jpg 300w, https:\/\/armstrongyregion.com.ar\/diario\/wp-content\/uploads\/2021\/11\/videominuto-768x432.jpg 768w\" sizes=\"auto, (max-width: 800px) 100vw, 800px\" \/><\/figure>\n\n\n\n<p>Se realiza entre martes y mi\u00e9rcoles con una pre jornada de capacitaci\u00f3n. Participan m\u00e1s de 300 ni\u00f1os y j\u00f3venes. El domingo se proyectar\u00e1n los cortos en Teatro Verdi.<\/p>\n\n\n\n<p>Impulsada de forma integral por la gesti\u00f3n municipal en el marco de Cortos 72 Horas, se lleva a cabo en el Centro de la Juventud la sexta edici\u00f3n del Festival \u201cVideominuto\u201d, del cual participan alumnos de todas las escuelas primarias acompa\u00f1ados por estudiantes secundarios, como coordinadores.<\/p>\n\n\n\n<p>Deben realizar diez cortometrajes de un minuto cada uno y la consigna es que lo hagan a lo largo de la jornada del hoy mi\u00e9rcoles 3 de noviembre, donde atraviesan por las etapas de gui\u00f3n, producci\u00f3n, rodaje y edici\u00f3n. Previamente, ayer martes 2, los coordinadores tienen una pre jornada de capacitaci\u00f3n, abordando din\u00e1mica de grupos y gui\u00f3n de videominuto, manejo b\u00e1sico de c\u00e1mara y equipo de sonido, fundamentos b\u00e1sicos de edici\u00f3n y montaje de un videominuto.<\/p>\n\n\n\n<p>\u201cEsto se puede conseguir porque el municipio dispone de toda la infraestructura necesaria, desde lo edilicio abriendo las puertas del Centro de la Juventud, hasta los recursos t\u00e9cnicos y humanos\u201d, aseveraron los organizadores, integrantes todos del colectivo audiovisual Cortos 72 Horas.<\/p>\n","protected":false},"excerpt":{"rendered":"<p>Se realiza entre martes y mi\u00e9rcoles con una pre jornada de capacitaci\u00f3n. Participan m\u00e1s de 300 ni\u00f1os y j\u00f3venes. El domingo se proyectar\u00e1n los cortos en Teatro Verdi. Impulsada de forma integral por la gesti\u00f3n municipal en el marco de Cortos 72 Horas, se lleva a cabo en el Centro de la Juventud la sexta <a href=\"https:\/\/armstrongyregion.com.ar\/diario\/canada-de-gomez-municipio-lleva-adelante-el-sexto-festival-videominuto\/\" title=\"Read more\" >&#8230;<\/a><\/p>\n","protected":false},"author":1,"featured_media":32248,"comment_status":"open","ping_status":"open","sticky":false,"template":"","format":"image","meta":{"_jetpack_memberships_contains_paid_content":false,"footnotes":"","jetpack_publicize_message":"","jetpack_publicize_feature_enabled":true,"jetpack_social_post_already_shared":true,"jetpack_social_options":{"image_generator_settings":{"template":"highway","default_image_id":0,"enabled":false},"version":2}},"categories":[6,8,1,7,3],"tags":[],"class_list":["post-32247","post","type-post","status-publish","format-image","has-post-thumbnail","hentry","category-cultura-entretenimiento","category-deliberando","category-diario-armstrong","category-politica","category-region","post_format-post-format-image"],"jetpack_publicize_connections":[],"jetpack_featured_media_url":"https:\/\/armstrongyregion.com.ar\/diario\/wp-content\/uploads\/2021\/11\/videominuto.jpg","jetpack_shortlink":"https:\/\/wp.me\/p62QDO-8o7","jetpack_sharing_enabled":true,"amp_enabled":true,"_links":{"self":[{"href":"https:\/\/armstrongyregion.com.ar\/diario\/wp-json\/wp\/v2\/posts\/32247","targetHints":{"allow":["GET"]}}],"collection":[{"href":"https:\/\/armstrongyregion.com.ar\/diario\/wp-json\/wp\/v2\/posts"}],"about":[{"href":"https:\/\/armstrongyregion.com.ar\/diario\/wp-json\/wp\/v2\/types\/post"}],"author":[{"embeddable":true,"href":"https:\/\/armstrongyregion.com.ar\/diario\/wp-json\/wp\/v2\/users\/1"}],"replies":[{"embeddable":true,"href":"https:\/\/armstrongyregion.com.ar\/diario\/wp-json\/wp\/v2\/comments?post=32247"}],"version-history":[{"count":1,"href":"https:\/\/armstrongyregion.com.ar\/diario\/wp-json\/wp\/v2\/posts\/32247\/revisions"}],"predecessor-version":[{"id":32249,"href":"https:\/\/armstrongyregion.com.ar\/diario\/wp-json\/wp\/v2\/posts\/32247\/revisions\/32249"}],"wp:featuredmedia":[{"embeddable":true,"href":"https:\/\/armstrongyregion.com.ar\/diario\/wp-json\/wp\/v2\/media\/32248"}],"wp:attachment":[{"href":"https:\/\/armstrongyregion.com.ar\/diario\/wp-json\/wp\/v2\/media?parent=32247"}],"wp:term":[{"taxonomy":"category","embeddable":true,"href":"https:\/\/armstrongyregion.com.ar\/diario\/wp-json\/wp\/v2\/categories?post=32247"},{"taxonomy":"post_tag","embeddable":true,"href":"https:\/\/armstrongyregion.com.ar\/diario\/wp-json\/wp\/v2\/tags?post=32247"}],"curies":[{"name":"wp","href":"https:\/\/api.w.org\/{rel}","templated":true}]}}