{"id":32230,"date":"2021-11-02T03:47:22","date_gmt":"2021-11-02T03:47:22","guid":{"rendered":"https:\/\/armstrongyregion.com.ar\/diario\/?p=32230"},"modified":"2021-11-02T03:47:25","modified_gmt":"2021-11-02T03:47:25","slug":"murio-un-corredor-tras-una-competencia-en-capilla-del-monte","status":"publish","type":"post","link":"https:\/\/armstrongyregion.com.ar\/diario\/murio-un-corredor-tras-una-competencia-en-capilla-del-monte\/","title":{"rendered":"Muri\u00f3 un corredor tras una competencia en Capilla del Monte."},"content":{"rendered":"\n<figure class=\"wp-block-image size-large\"><img loading=\"lazy\" decoding=\"async\" width=\"480\" height=\"277\" src=\"http:\/\/armstrongyregion.com.ar\/diario\/wp-content\/uploads\/2021\/11\/falleci\u00f3-corredor-.jpg\" alt=\"\" class=\"wp-image-32231\" srcset=\"https:\/\/armstrongyregion.com.ar\/diario\/wp-content\/uploads\/2021\/11\/falleci\u00f3-corredor-.jpg 480w, https:\/\/armstrongyregion.com.ar\/diario\/wp-content\/uploads\/2021\/11\/falleci\u00f3-corredor--300x173.jpg 300w\" sizes=\"auto, (max-width: 480px) 100vw, 480px\" \/><\/figure>\n\n\n\n<h2 class=\"wp-block-heading\"> Fue en una carrera de alta exigencia. El deportista, de 56 a\u00f1os, era oriundo de Tortugas, Santa Fe. El director del hospital donde fue atendido dijo a\u00a0<strong>Cadena 3\u00a0<\/strong>que sufri\u00f3\u00a0\u00abuna descompensaci\u00f3n cardiovascular que se agrav\u00f3\u00bb. <\/h2>\n\n\n\n<p> Fue en una carrera de alta exigencia. El deportista, de 56 a\u00f1os, era oriundo de Tortugas, Santa Fe. El director del hospital donde fue atendido dijo a\u00a0<strong>Cadena 3\u00a0<\/strong>que sufri\u00f3\u00a0\u00abuna descompensaci\u00f3n cardiovascular que se agrav\u00f3\u00bb. <\/p>\n\n\n\n<p>El funcionario explic\u00f3 que fue trasladado de urgencia al Hospital Municipal Am\u00e9rico Luqui, en Capilla del Monte, donde finalmente muri\u00f3.&nbsp;<\/p>\n\n\n\n<p>Al respecto, el director del establecimiento m\u00e9dico, Gerardo Guerra, dijo a&nbsp;<strong>Cadena 3<\/strong>&nbsp;que el hombre&nbsp; sufri\u00f3 \u00abuna descompensaci\u00f3n cardiovascular que se agrav\u00f3\u00bb.<\/p>\n\n\n\n<p>\u00abEl cuadro deriv\u00f3 a un paro cardiorrespiratorio que fue irreversible a pesar de las maniobras de reanimaci\u00f3n. Termin\u00f3 falleciendo a las 13 horas\u00bb, indic\u00f3.<\/p>\n\n\n\n<p>Imagen Ilustrativa-<\/p>\n\n\n\n<p><strong>Informe de Tom\u00e1s Villagra<\/strong>\/ Cadena3.<\/p>\n","protected":false},"excerpt":{"rendered":"<p>Fue en una carrera de alta exigencia. El deportista, de 56 a\u00f1os, era oriundo de Tortugas, Santa Fe. El director del hospital donde fue atendido dijo a\u00a0Cadena 3\u00a0que sufri\u00f3\u00a0\u00abuna descompensaci\u00f3n cardiovascular que se agrav\u00f3\u00bb. Fue en una carrera de alta exigencia. El deportista, de 56 a\u00f1os, era oriundo de Tortugas, Santa Fe. El director del <a href=\"https:\/\/armstrongyregion.com.ar\/diario\/murio-un-corredor-tras-una-competencia-en-capilla-del-monte\/\" title=\"Read more\" >&#8230;<\/a><\/p>\n","protected":false},"author":1,"featured_media":32231,"comment_status":"open","ping_status":"open","sticky":false,"template":"","format":"image","meta":{"_jetpack_memberships_contains_paid_content":false,"footnotes":"","jetpack_publicize_message":"","jetpack_publicize_feature_enabled":true,"jetpack_social_post_already_shared":true,"jetpack_social_options":{"image_generator_settings":{"template":"highway","default_image_id":0,"enabled":false},"version":2}},"categories":[8,5,1,2,3],"tags":[],"class_list":["post-32230","post","type-post","status-publish","format-image","has-post-thumbnail","hentry","category-deliberando","category-deportes","category-diario-armstrong","category-locales","category-region","post_format-post-format-image"],"jetpack_publicize_connections":[],"jetpack_featured_media_url":"https:\/\/armstrongyregion.com.ar\/diario\/wp-content\/uploads\/2021\/11\/falleci\u00f3-corredor-.jpg","jetpack_shortlink":"https:\/\/wp.me\/p62QDO-8nQ","jetpack_sharing_enabled":true,"amp_enabled":true,"_links":{"self":[{"href":"https:\/\/armstrongyregion.com.ar\/diario\/wp-json\/wp\/v2\/posts\/32230","targetHints":{"allow":["GET"]}}],"collection":[{"href":"https:\/\/armstrongyregion.com.ar\/diario\/wp-json\/wp\/v2\/posts"}],"about":[{"href":"https:\/\/armstrongyregion.com.ar\/diario\/wp-json\/wp\/v2\/types\/post"}],"author":[{"embeddable":true,"href":"https:\/\/armstrongyregion.com.ar\/diario\/wp-json\/wp\/v2\/users\/1"}],"replies":[{"embeddable":true,"href":"https:\/\/armstrongyregion.com.ar\/diario\/wp-json\/wp\/v2\/comments?post=32230"}],"version-history":[{"count":1,"href":"https:\/\/armstrongyregion.com.ar\/diario\/wp-json\/wp\/v2\/posts\/32230\/revisions"}],"predecessor-version":[{"id":32232,"href":"https:\/\/armstrongyregion.com.ar\/diario\/wp-json\/wp\/v2\/posts\/32230\/revisions\/32232"}],"wp:featuredmedia":[{"embeddable":true,"href":"https:\/\/armstrongyregion.com.ar\/diario\/wp-json\/wp\/v2\/media\/32231"}],"wp:attachment":[{"href":"https:\/\/armstrongyregion.com.ar\/diario\/wp-json\/wp\/v2\/media?parent=32230"}],"wp:term":[{"taxonomy":"category","embeddable":true,"href":"https:\/\/armstrongyregion.com.ar\/diario\/wp-json\/wp\/v2\/categories?post=32230"},{"taxonomy":"post_tag","embeddable":true,"href":"https:\/\/armstrongyregion.com.ar\/diario\/wp-json\/wp\/v2\/tags?post=32230"}],"curies":[{"name":"wp","href":"https:\/\/api.w.org\/{rel}","templated":true}]}}