{"id":32224,"date":"2021-11-02T02:19:31","date_gmt":"2021-11-02T02:19:31","guid":{"rendered":"https:\/\/armstrongyregion.com.ar\/diario\/?p=32224"},"modified":"2021-11-02T03:50:50","modified_gmt":"2021-11-02T03:50:50","slug":"este-martes-en-deliberando-cada-candidato-a-intendente-busca-su-voto","status":"publish","type":"post","link":"https:\/\/armstrongyregion.com.ar\/diario\/este-martes-en-deliberando-cada-candidato-a-intendente-busca-su-voto\/","title":{"rendered":"Este martes en DELIBERANDO, cada candidato a intendente busca su voto."},"content":{"rendered":"\n<figure class=\"wp-block-image size-large\"><img loading=\"lazy\" decoding=\"async\" width=\"796\" height=\"490\" src=\"http:\/\/armstrongyregion.com.ar\/diario\/wp-content\/uploads\/2021\/11\/guille-delib-elecc-2021.jpg\" alt=\"\" class=\"wp-image-32225\" srcset=\"https:\/\/armstrongyregion.com.ar\/diario\/wp-content\/uploads\/2021\/11\/guille-delib-elecc-2021.jpg 796w, https:\/\/armstrongyregion.com.ar\/diario\/wp-content\/uploads\/2021\/11\/guille-delib-elecc-2021-300x185.jpg 300w, https:\/\/armstrongyregion.com.ar\/diario\/wp-content\/uploads\/2021\/11\/guille-delib-elecc-2021-768x473.jpg 768w\" sizes=\"auto, (max-width: 796px) 100vw, 796px\" \/><\/figure>\n\n\n\n<p> Guillermo Marconi, que representa al Frente de Todos, marcar\u00e1 su posici\u00f3n de cara al futuro de Armstrong. Cuales son los d\u00e9ficit que observa y como considera que debe solucionarse desde su cargo en caso de ser electo. Un verdadero plan de obras p\u00fablicas que llegue a toda la ciudad y no a determinados sectores. Tambi\u00e9n remarca la necesidad de que la ordenanza de seguridad sea aplicada correctamente.<\/p>\n\n\n\n<figure class=\"wp-block-image size-large\"><img loading=\"lazy\" decoding=\"async\" width=\"819\" height=\"490\" src=\"http:\/\/armstrongyregion.com.ar\/diario\/wp-content\/uploads\/2021\/11\/emi-elecc-2021-delib.jpg\" alt=\"\" class=\"wp-image-32226\" srcset=\"https:\/\/armstrongyregion.com.ar\/diario\/wp-content\/uploads\/2021\/11\/emi-elecc-2021-delib.jpg 819w, https:\/\/armstrongyregion.com.ar\/diario\/wp-content\/uploads\/2021\/11\/emi-elecc-2021-delib-300x179.jpg 300w, https:\/\/armstrongyregion.com.ar\/diario\/wp-content\/uploads\/2021\/11\/emi-elecc-2021-delib-768x459.jpg 768w\" sizes=\"auto, (max-width: 819px) 100vw, 819px\" \/><\/figure>\n\n\n\n<p>Otro edil, que aspira a ser intendente de nuestra ciudad Emiliano Gramigna, quien representa el espacio de Renovaci\u00f3n por Armstrong. <\/p>\n\n\n\n<figure class=\"wp-block-image size-large\"><img loading=\"lazy\" decoding=\"async\" width=\"871\" height=\"490\" src=\"http:\/\/armstrongyregion.com.ar\/diario\/wp-content\/uploads\/2021\/11\/Pablito-delib-elecciones-2021.jpg\" alt=\"\" class=\"wp-image-32227\" srcset=\"https:\/\/armstrongyregion.com.ar\/diario\/wp-content\/uploads\/2021\/11\/Pablito-delib-elecciones-2021.jpg 871w, https:\/\/armstrongyregion.com.ar\/diario\/wp-content\/uploads\/2021\/11\/Pablito-delib-elecciones-2021-300x169.jpg 300w, https:\/\/armstrongyregion.com.ar\/diario\/wp-content\/uploads\/2021\/11\/Pablito-delib-elecciones-2021-768x432.jpg 768w\" sizes=\"auto, (max-width: 871px) 100vw, 871px\" \/><\/figure>\n\n\n\n<p>Finalmente\nel actual intendente Pablo Verdecchia, repasa todo lo realizado y\ncomo piensa mejorar aun m\u00e1s la ciudad. Reconoce que deben ejecutarse\nvarias obras que est\u00e1n comenzadas y llegar a su concreci\u00f3n total.<\/p>\n\n\n\n<p>Todos los postulantes a intendentes este martes en DELIBERANDO, as\u00ed la ciudad opta a su criterio por el mejor candidato.<\/p>\n\n\n\n<p>Martes 21hs. Por Cable Imagen Armstrong.<\/p>\n","protected":false},"excerpt":{"rendered":"<p>Guillermo Marconi, que representa al Frente de Todos, marcar\u00e1 su posici\u00f3n de cara al futuro de Armstrong. Cuales son los d\u00e9ficit que observa y como considera que debe solucionarse desde su cargo en caso de ser electo. Un verdadero plan de obras p\u00fablicas que llegue a toda la ciudad y no a determinados sectores. Tambi\u00e9n <a href=\"https:\/\/armstrongyregion.com.ar\/diario\/este-martes-en-deliberando-cada-candidato-a-intendente-busca-su-voto\/\" title=\"Read more\" >&#8230;<\/a><\/p>\n","protected":false},"author":1,"featured_media":32225,"comment_status":"open","ping_status":"open","sticky":false,"template":"","format":"image","meta":{"_jetpack_memberships_contains_paid_content":false,"footnotes":"","jetpack_publicize_message":"","jetpack_publicize_feature_enabled":true,"jetpack_social_post_already_shared":true,"jetpack_social_options":{"image_generator_settings":{"template":"highway","default_image_id":0,"enabled":false},"version":2}},"categories":[8,1,2,7,3],"tags":[],"class_list":["post-32224","post","type-post","status-publish","format-image","has-post-thumbnail","hentry","category-deliberando","category-diario-armstrong","category-locales","category-politica","category-region","post_format-post-format-image"],"jetpack_publicize_connections":[],"jetpack_featured_media_url":"https:\/\/armstrongyregion.com.ar\/diario\/wp-content\/uploads\/2021\/11\/guille-delib-elecc-2021.jpg","jetpack_shortlink":"https:\/\/wp.me\/p62QDO-8nK","jetpack_sharing_enabled":true,"amp_enabled":true,"_links":{"self":[{"href":"https:\/\/armstrongyregion.com.ar\/diario\/wp-json\/wp\/v2\/posts\/32224","targetHints":{"allow":["GET"]}}],"collection":[{"href":"https:\/\/armstrongyregion.com.ar\/diario\/wp-json\/wp\/v2\/posts"}],"about":[{"href":"https:\/\/armstrongyregion.com.ar\/diario\/wp-json\/wp\/v2\/types\/post"}],"author":[{"embeddable":true,"href":"https:\/\/armstrongyregion.com.ar\/diario\/wp-json\/wp\/v2\/users\/1"}],"replies":[{"embeddable":true,"href":"https:\/\/armstrongyregion.com.ar\/diario\/wp-json\/wp\/v2\/comments?post=32224"}],"version-history":[{"count":3,"href":"https:\/\/armstrongyregion.com.ar\/diario\/wp-json\/wp\/v2\/posts\/32224\/revisions"}],"predecessor-version":[{"id":32233,"href":"https:\/\/armstrongyregion.com.ar\/diario\/wp-json\/wp\/v2\/posts\/32224\/revisions\/32233"}],"wp:featuredmedia":[{"embeddable":true,"href":"https:\/\/armstrongyregion.com.ar\/diario\/wp-json\/wp\/v2\/media\/32225"}],"wp:attachment":[{"href":"https:\/\/armstrongyregion.com.ar\/diario\/wp-json\/wp\/v2\/media?parent=32224"}],"wp:term":[{"taxonomy":"category","embeddable":true,"href":"https:\/\/armstrongyregion.com.ar\/diario\/wp-json\/wp\/v2\/categories?post=32224"},{"taxonomy":"post_tag","embeddable":true,"href":"https:\/\/armstrongyregion.com.ar\/diario\/wp-json\/wp\/v2\/tags?post=32224"}],"curies":[{"name":"wp","href":"https:\/\/api.w.org\/{rel}","templated":true}]}}