{"id":32196,"date":"2021-10-29T15:27:45","date_gmt":"2021-10-29T15:27:45","guid":{"rendered":"https:\/\/armstrongyregion.com.ar\/diario\/?p=32196"},"modified":"2021-10-29T15:27:47","modified_gmt":"2021-10-29T15:27:47","slug":"armstrong-folclore-en-el-delmo","status":"publish","type":"post","link":"https:\/\/armstrongyregion.com.ar\/diario\/armstrong-folclore-en-el-delmo\/","title":{"rendered":"Armstrong. \u201cFolclore en el Delmo\u201d."},"content":{"rendered":"\n<figure class=\"wp-block-image size-large\"><img loading=\"lazy\" decoding=\"async\" width=\"640\" height=\"640\" src=\"http:\/\/armstrongyregion.com.ar\/diario\/wp-content\/uploads\/2021\/10\/Folcklore_en_el_Delmo_Daro.jpg\" alt=\"\" class=\"wp-image-32197\" srcset=\"https:\/\/armstrongyregion.com.ar\/diario\/wp-content\/uploads\/2021\/10\/Folcklore_en_el_Delmo_Daro.jpg 640w, https:\/\/armstrongyregion.com.ar\/diario\/wp-content\/uploads\/2021\/10\/Folcklore_en_el_Delmo_Daro-300x300.jpg 300w, https:\/\/armstrongyregion.com.ar\/diario\/wp-content\/uploads\/2021\/10\/Folcklore_en_el_Delmo_Daro-150x150.jpg 150w\" sizes=\"auto, (max-width: 640px) 100vw, 640px\" \/><\/figure>\n\n\n\n<p>La Municipalidad de Armstrong invita a participar de un nuevo encuentro con la m\u00fasica a trav\u00e9s del ciclo \u201cFolclore en el Delmo\u201d que se realizar\u00e1 el jueves 4 de noviembre a las 20 hs. en el sal\u00f3n auditorio Delmo Dar\u00f3.<\/p>\n\n\n\n<p>Se podr\u00e1 disfrutar de m\u00fasica y canciones a cargo de los artistas invitados Fernando Izaguirre y Gustavo Borgatello, y el cierre con el Ensamble Folcl\u00f3rico Municipal.<\/p>\n\n\n\n<p>La entrada es gratuita con aforo limitado.<\/p>\n\n\n\n<p>Los interesados podr\u00e1n retirarla en mesa de entrada del municipio.<\/p>\n","protected":false},"excerpt":{"rendered":"<p>La Municipalidad de Armstrong invita a participar de un nuevo encuentro con la m\u00fasica a trav\u00e9s del ciclo \u201cFolclore en el Delmo\u201d que se realizar\u00e1 el jueves 4 de noviembre a las 20 hs. en el sal\u00f3n auditorio Delmo Dar\u00f3. Se podr\u00e1 disfrutar de m\u00fasica y canciones a cargo de los artistas invitados Fernando Izaguirre <a href=\"https:\/\/armstrongyregion.com.ar\/diario\/armstrong-folclore-en-el-delmo\/\" title=\"Read more\" >&#8230;<\/a><\/p>\n","protected":false},"author":1,"featured_media":32197,"comment_status":"open","ping_status":"open","sticky":false,"template":"","format":"image","meta":{"_jetpack_memberships_contains_paid_content":false,"footnotes":"","jetpack_publicize_message":"","jetpack_publicize_feature_enabled":true,"jetpack_social_post_already_shared":true,"jetpack_social_options":{"image_generator_settings":{"template":"highway","default_image_id":0,"enabled":false},"version":2}},"categories":[6,1,2],"tags":[],"class_list":["post-32196","post","type-post","status-publish","format-image","has-post-thumbnail","hentry","category-cultura-entretenimiento","category-diario-armstrong","category-locales","post_format-post-format-image"],"jetpack_publicize_connections":[],"jetpack_featured_media_url":"https:\/\/armstrongyregion.com.ar\/diario\/wp-content\/uploads\/2021\/10\/Folcklore_en_el_Delmo_Daro.jpg","jetpack_shortlink":"https:\/\/wp.me\/p62QDO-8ni","jetpack_sharing_enabled":true,"amp_enabled":true,"_links":{"self":[{"href":"https:\/\/armstrongyregion.com.ar\/diario\/wp-json\/wp\/v2\/posts\/32196","targetHints":{"allow":["GET"]}}],"collection":[{"href":"https:\/\/armstrongyregion.com.ar\/diario\/wp-json\/wp\/v2\/posts"}],"about":[{"href":"https:\/\/armstrongyregion.com.ar\/diario\/wp-json\/wp\/v2\/types\/post"}],"author":[{"embeddable":true,"href":"https:\/\/armstrongyregion.com.ar\/diario\/wp-json\/wp\/v2\/users\/1"}],"replies":[{"embeddable":true,"href":"https:\/\/armstrongyregion.com.ar\/diario\/wp-json\/wp\/v2\/comments?post=32196"}],"version-history":[{"count":1,"href":"https:\/\/armstrongyregion.com.ar\/diario\/wp-json\/wp\/v2\/posts\/32196\/revisions"}],"predecessor-version":[{"id":32198,"href":"https:\/\/armstrongyregion.com.ar\/diario\/wp-json\/wp\/v2\/posts\/32196\/revisions\/32198"}],"wp:featuredmedia":[{"embeddable":true,"href":"https:\/\/armstrongyregion.com.ar\/diario\/wp-json\/wp\/v2\/media\/32197"}],"wp:attachment":[{"href":"https:\/\/armstrongyregion.com.ar\/diario\/wp-json\/wp\/v2\/media?parent=32196"}],"wp:term":[{"taxonomy":"category","embeddable":true,"href":"https:\/\/armstrongyregion.com.ar\/diario\/wp-json\/wp\/v2\/categories?post=32196"},{"taxonomy":"post_tag","embeddable":true,"href":"https:\/\/armstrongyregion.com.ar\/diario\/wp-json\/wp\/v2\/tags?post=32196"}],"curies":[{"name":"wp","href":"https:\/\/api.w.org\/{rel}","templated":true}]}}