{"id":32186,"date":"2021-10-29T15:02:32","date_gmt":"2021-10-29T15:02:32","guid":{"rendered":"https:\/\/armstrongyregion.com.ar\/diario\/?p=32186"},"modified":"2021-10-29T15:02:35","modified_gmt":"2021-10-29T15:02:35","slug":"canada-de-gomez-clerici-recorrio-avances-en-la-obra-de-ampliacion-del-jardin-hornerito","status":"publish","type":"post","link":"https:\/\/armstrongyregion.com.ar\/diario\/canada-de-gomez-clerici-recorrio-avances-en-la-obra-de-ampliacion-del-jardin-hornerito\/","title":{"rendered":"Ca\u00f1ada de G\u00f3mez. Cl\u00e9rici recorri\u00f3 avances en la obra de ampliaci\u00f3n del jard\u00edn \u00abHornerito\u00bb"},"content":{"rendered":"\n<figure class=\"wp-block-image size-large\"><img loading=\"lazy\" decoding=\"async\" width=\"400\" height=\"300\" src=\"http:\/\/armstrongyregion.com.ar\/diario\/wp-content\/uploads\/2021\/10\/clerici-obras-.jpg\" alt=\"\" class=\"wp-image-32187\" srcset=\"https:\/\/armstrongyregion.com.ar\/diario\/wp-content\/uploads\/2021\/10\/clerici-obras-.jpg 400w, https:\/\/armstrongyregion.com.ar\/diario\/wp-content\/uploads\/2021\/10\/clerici-obras--300x225.jpg 300w\" sizes=\"auto, (max-width: 400px) 100vw, 400px\" \/><\/figure>\n\n\n\n<p>La intendenta Stella Cl\u00e9rici recorri\u00f3 los avances tras la reanudaci\u00f3n en la obra de ampliaci\u00f3n del Jard\u00edn de Infantes N\u00b0 7 \u201cHornerito\u201d, que se lleva adelante con financiamiento del Gobierno Nacional, en un trabajo articulado con el Gobierno Provincial y el Municipio.<\/p>\n\n\n\n<p>El presupuesto ser\u00e1 de casi 30 millones de pesos, para completar la obra que comprende ampliaci\u00f3n de cuatro salas con sanitarios, galer\u00edas y sal\u00f3n de usos m\u00faltiples. \u201cEs la ampliaci\u00f3n por la que tanto hemos luchado y vemos con alegr\u00eda los avances en la reanudaci\u00f3n de la obra. Seguiremos trabajando junto a docentes, directivos y la gente de la cooperadora para fortalecer este querido jard\u00edn\u201d, expres\u00f3 Cl\u00e9rici.<\/p>\n","protected":false},"excerpt":{"rendered":"<p>La intendenta Stella Cl\u00e9rici recorri\u00f3 los avances tras la reanudaci\u00f3n en la obra de ampliaci\u00f3n del Jard\u00edn de Infantes N\u00b0 7 \u201cHornerito\u201d, que se lleva adelante con financiamiento del Gobierno Nacional, en un trabajo articulado con el Gobierno Provincial y el Municipio. El presupuesto ser\u00e1 de casi 30 millones de pesos, para completar la obra <a href=\"https:\/\/armstrongyregion.com.ar\/diario\/canada-de-gomez-clerici-recorrio-avances-en-la-obra-de-ampliacion-del-jardin-hornerito\/\" title=\"Read more\" >&#8230;<\/a><\/p>\n","protected":false},"author":1,"featured_media":32187,"comment_status":"open","ping_status":"open","sticky":false,"template":"","format":"image","meta":{"_jetpack_memberships_contains_paid_content":false,"footnotes":"","jetpack_publicize_message":"","jetpack_publicize_feature_enabled":true,"jetpack_social_post_already_shared":true,"jetpack_social_options":{"image_generator_settings":{"template":"highway","default_image_id":0,"enabled":false},"version":2}},"categories":[8,1,7,3],"tags":[],"class_list":["post-32186","post","type-post","status-publish","format-image","has-post-thumbnail","hentry","category-deliberando","category-diario-armstrong","category-politica","category-region","post_format-post-format-image"],"jetpack_publicize_connections":[],"jetpack_featured_media_url":"https:\/\/armstrongyregion.com.ar\/diario\/wp-content\/uploads\/2021\/10\/clerici-obras-.jpg","jetpack_shortlink":"https:\/\/wp.me\/p62QDO-8n8","jetpack_sharing_enabled":true,"amp_enabled":true,"_links":{"self":[{"href":"https:\/\/armstrongyregion.com.ar\/diario\/wp-json\/wp\/v2\/posts\/32186","targetHints":{"allow":["GET"]}}],"collection":[{"href":"https:\/\/armstrongyregion.com.ar\/diario\/wp-json\/wp\/v2\/posts"}],"about":[{"href":"https:\/\/armstrongyregion.com.ar\/diario\/wp-json\/wp\/v2\/types\/post"}],"author":[{"embeddable":true,"href":"https:\/\/armstrongyregion.com.ar\/diario\/wp-json\/wp\/v2\/users\/1"}],"replies":[{"embeddable":true,"href":"https:\/\/armstrongyregion.com.ar\/diario\/wp-json\/wp\/v2\/comments?post=32186"}],"version-history":[{"count":1,"href":"https:\/\/armstrongyregion.com.ar\/diario\/wp-json\/wp\/v2\/posts\/32186\/revisions"}],"predecessor-version":[{"id":32188,"href":"https:\/\/armstrongyregion.com.ar\/diario\/wp-json\/wp\/v2\/posts\/32186\/revisions\/32188"}],"wp:featuredmedia":[{"embeddable":true,"href":"https:\/\/armstrongyregion.com.ar\/diario\/wp-json\/wp\/v2\/media\/32187"}],"wp:attachment":[{"href":"https:\/\/armstrongyregion.com.ar\/diario\/wp-json\/wp\/v2\/media?parent=32186"}],"wp:term":[{"taxonomy":"category","embeddable":true,"href":"https:\/\/armstrongyregion.com.ar\/diario\/wp-json\/wp\/v2\/categories?post=32186"},{"taxonomy":"post_tag","embeddable":true,"href":"https:\/\/armstrongyregion.com.ar\/diario\/wp-json\/wp\/v2\/tags?post=32186"}],"curies":[{"name":"wp","href":"https:\/\/api.w.org\/{rel}","templated":true}]}}