{"id":3217,"date":"2015-07-23T16:24:20","date_gmt":"2015-07-23T16:24:20","guid":{"rendered":"https:\/\/armstrongyregion.com.ar\/diario\/?p=3217"},"modified":"2015-07-23T16:24:20","modified_gmt":"2015-07-23T16:24:20","slug":"verdecchia-y-meyer-se-reunieron-con-pepe-scioli","status":"publish","type":"post","link":"https:\/\/armstrongyregion.com.ar\/diario\/verdecchia-y-meyer-se-reunieron-con-pepe-scioli\/","title":{"rendered":"Verdecchia y Meyer se reunieron con Pepe Scioli."},"content":{"rendered":"<p><a href=\"http:\/\/armstrongyregion.com.ar\/diario\/wp-content\/uploads\/2015\/07\/scioli-pepe.jpg\"><img loading=\"lazy\" decoding=\"async\" class=\"alignnone size-medium wp-image-3218\" src=\"http:\/\/armstrongyregion.com.ar\/diario\/wp-content\/uploads\/2015\/07\/scioli-pepe-300x212.jpg\" alt=\"scioli-pepe\" width=\"300\" height=\"212\" srcset=\"https:\/\/armstrongyregion.com.ar\/diario\/wp-content\/uploads\/2015\/07\/scioli-pepe-300x212.jpg 300w, https:\/\/armstrongyregion.com.ar\/diario\/wp-content\/uploads\/2015\/07\/scioli-pepe.jpg 500w\" sizes=\"auto, (max-width: 300px) 100vw, 300px\" \/><\/a>En el marco de la campa\u00f1a electoral hacia las PASO del 9 de agosto, Jos\u00e9 \u00abPepe\u00bb Scioli, hermano y jefe de campa\u00f1a del precandidato presidencial del Frente para la Victoria, Daniel Scioli, pas\u00f3 este mi\u00e9rcoles por Rosario donde se reuni\u00f3 con intendentes, legisladores y dirigentes santafesinos.<br \/>\nEn conferencia de prensa destac\u00f3 el apoyo que dos dirigentes de otros partidos le brindaron a la candidatura de su hermano: el intendente electo de Las Rosas Javier Meyer (PRO), y el intendente de Armstrong Pablo Verdecchia (UCR-Frente Progresista). \u00abVen en Daniel una alternativa coherente y previsible. Adem\u00e1s, est\u00e1n poniendo en valor pol\u00edticas del gobierno nacional que Daniel viene bancando. Esto habla a las claras de que el rumbo era el correcto, m\u00e1s all\u00e1 de que siempre quedan cosas pendientes\u00bb.<\/p>\n<p>\u00abEs interesante que otros espacios pol\u00edticos empiecen a acompa\u00f1ar la candidatura de Daniel Scioli, y sobre todo, tanto desde el vecinalismo y dirigentes del PRO que ven en \u00e9l una alternativa coherente, previsible, y que est\u00e1 demostrando a lo largo de los a\u00f1os que muchas pol\u00edticas del gobierno nacional que ven\u00eda sosteniendo est\u00e1n poni\u00e9ndose en valor por parte de la oposici\u00f3n\u00bb, dijo.<\/p>\n<p>Seg\u00fan Pepe Scioli, \u00abla reactivaci\u00f3n econ\u00f3mica de las Pymes, la tendencia de baja en la inflaci\u00f3n y una econom\u00eda pujante\u00bb han llevado a dirigentes de otros espacios pol\u00edticos a acompa\u00f1ar la candidatura del gobernador bonaerense, pero adem\u00e1s, obligaron a los l\u00edderes opositores a cambiar el discurso. \u00abLa sociedad no est\u00e1 demandando un cambio profundo, sino una continuidad con algunas correcciones. Nadie quiere volver atr\u00e1s y los que proponen el cambio como un eslogan marketinero hasta van a tener que modificar el nombre del frente Cambiemos\u00bb, se\u00f1al\u00f3 el hermano del ex motonauta, en clara alusi\u00f3n al precandidato presidencial del PRO, Mauricio Macri.<\/p>\n<p>Uno de los ejes de campa\u00f1a de Scioli es apuntar al desarrollo. Consciente del plan de su hermano, Pepe manifest\u00f3 que las provincias de Santa Fe, Buenos Aires y C\u00f3rdoba deben ser las \u00ablocomotoras\u00bb de las pol\u00edticas a aplicarse en esa \u00e1rea. Por eso, destac\u00f3 el rol que deben tener los bancos: \u00abEn la provincia de Buenos Aires el Banco Provincia se volc\u00f3 al desarrollo de la peque\u00f1a y mediana industria y al acompa\u00f1amiento de los peque\u00f1os productores. Este es el momento de las econom\u00edas regionales y del federalismo productivo, por eso Daniel ser\u00e1 un presidente que va a apostar a la industria y a la protecci\u00f3n de los puestos de trabajo\u00bb.<br \/>\nEn esa l\u00ednea critic\u00f3 al gobierno santafesino, ya que \u00abno da ning\u00fan apoyo financiero\u00bb a estos sectores. \u00abEsa es la diferencia, si Daniel llega a ser presidente, le dar\u00e1 a Santa Fe las oportunidades que hoy no tiene. Cuando el electorado note esto, va a apoyar a Omar Perotti, que no tengo dudas de que ser\u00e1 el pr\u00f3ximo gobernador de la provincia\u00bb, advirti\u00f3.<\/p>\n<p>\u00abSabemos que en UPCN est\u00e1n debatiendo acompa\u00f1arnos, eso habla a las claras que el rumbo era el correcto, m\u00e1s all\u00e1 que como dijo la presidenta, siempre quedan cosas pendientes y para mejorar\u00bb, agreg\u00f3 Jos\u00e9 Scioli, quien esperaba poder encontrarse con Mar\u00eda Eugenia Bielsa antes de partir. \u00abEs una de las dirigentes m\u00e1s importantes que tiene esta provincia, para nosotros ser\u00eda una satisfacci\u00f3n que acompa\u00f1e a Daniel Scioli presidente y a Omar Peroti senador\u00bb.<br \/>\nFuente: El Ciudadano y RosarioPlus.<\/p>\n","protected":false},"excerpt":{"rendered":"<p>En el marco de la campa\u00f1a electoral hacia las PASO del 9 de agosto, Jos\u00e9 \u00abPepe\u00bb Scioli, hermano y jefe de campa\u00f1a del precandidato presidencial del Frente para la Victoria, Daniel Scioli, pas\u00f3 este mi\u00e9rcoles por Rosario donde se reuni\u00f3 con intendentes, legisladores y dirigentes santafesinos. En conferencia de prensa destac\u00f3 el apoyo que dos <a href=\"https:\/\/armstrongyregion.com.ar\/diario\/verdecchia-y-meyer-se-reunieron-con-pepe-scioli\/\" title=\"Read more\" >&#8230;<\/a><\/p>\n","protected":false},"author":2,"featured_media":3218,"comment_status":"open","ping_status":"open","sticky":false,"template":"","format":"standard","meta":{"_jetpack_memberships_contains_paid_content":false,"footnotes":"","jetpack_publicize_message":"","jetpack_publicize_feature_enabled":true,"jetpack_social_post_already_shared":false,"jetpack_social_options":{"image_generator_settings":{"template":"highway","default_image_id":0,"enabled":false},"version":2}},"categories":[8,1,7,3],"tags":[100,1934,2330,858,2331,86,205,13],"class_list":["post-3217","post","type-post","status-publish","format-standard","has-post-thumbnail","hentry","category-deliberando","category-diario-armstrong","category-politica","category-region","tag-con","tag-meyer","tag-pepe","tag-reunieron","tag-scioli","tag-se","tag-verdecchia","tag-y"],"jetpack_publicize_connections":[],"jetpack_featured_media_url":"https:\/\/armstrongyregion.com.ar\/diario\/wp-content\/uploads\/2015\/07\/scioli-pepe.jpg","jetpack_shortlink":"https:\/\/wp.me\/p62QDO-PT","jetpack_sharing_enabled":true,"amp_enabled":true,"_links":{"self":[{"href":"https:\/\/armstrongyregion.com.ar\/diario\/wp-json\/wp\/v2\/posts\/3217","targetHints":{"allow":["GET"]}}],"collection":[{"href":"https:\/\/armstrongyregion.com.ar\/diario\/wp-json\/wp\/v2\/posts"}],"about":[{"href":"https:\/\/armstrongyregion.com.ar\/diario\/wp-json\/wp\/v2\/types\/post"}],"author":[{"embeddable":true,"href":"https:\/\/armstrongyregion.com.ar\/diario\/wp-json\/wp\/v2\/users\/2"}],"replies":[{"embeddable":true,"href":"https:\/\/armstrongyregion.com.ar\/diario\/wp-json\/wp\/v2\/comments?post=3217"}],"version-history":[{"count":0,"href":"https:\/\/armstrongyregion.com.ar\/diario\/wp-json\/wp\/v2\/posts\/3217\/revisions"}],"wp:featuredmedia":[{"embeddable":true,"href":"https:\/\/armstrongyregion.com.ar\/diario\/wp-json\/wp\/v2\/media\/3218"}],"wp:attachment":[{"href":"https:\/\/armstrongyregion.com.ar\/diario\/wp-json\/wp\/v2\/media?parent=3217"}],"wp:term":[{"taxonomy":"category","embeddable":true,"href":"https:\/\/armstrongyregion.com.ar\/diario\/wp-json\/wp\/v2\/categories?post=3217"},{"taxonomy":"post_tag","embeddable":true,"href":"https:\/\/armstrongyregion.com.ar\/diario\/wp-json\/wp\/v2\/tags?post=3217"}],"curies":[{"name":"wp","href":"https:\/\/api.w.org\/{rel}","templated":true}]}}