{"id":3214,"date":"2015-07-23T15:31:29","date_gmt":"2015-07-23T15:31:29","guid":{"rendered":"https:\/\/armstrongyregion.com.ar\/diario\/?p=3214"},"modified":"2015-07-23T15:31:29","modified_gmt":"2015-07-23T15:31:29","slug":"marcos-cleri-estuvo-en-las-parejas-reunido-con-empresarios-industriales-y-en-un-encuentro-con-la-militancia","status":"publish","type":"post","link":"https:\/\/armstrongyregion.com.ar\/diario\/marcos-cleri-estuvo-en-las-parejas-reunido-con-empresarios-industriales-y-en-un-encuentro-con-la-militancia\/","title":{"rendered":"Marcos Cleri estuvo en Las Parejas reunido con empresarios industriales y en un encuentro con la militancia."},"content":{"rendered":"<p><a href=\"http:\/\/armstrongyregion.com.ar\/diario\/wp-content\/uploads\/2015\/07\/M-C-Las-Parejas-5.jpg\"><img loading=\"lazy\" decoding=\"async\" class=\"alignnone size-medium wp-image-3215\" src=\"http:\/\/armstrongyregion.com.ar\/diario\/wp-content\/uploads\/2015\/07\/M-C-Las-Parejas-5-300x200.jpg\" alt=\"M C Las Parejas 5\" width=\"300\" height=\"200\" srcset=\"https:\/\/armstrongyregion.com.ar\/diario\/wp-content\/uploads\/2015\/07\/M-C-Las-Parejas-5-300x200.jpg 300w, https:\/\/armstrongyregion.com.ar\/diario\/wp-content\/uploads\/2015\/07\/M-C-Las-Parejas-5-1024x682.jpg 1024w, https:\/\/armstrongyregion.com.ar\/diario\/wp-content\/uploads\/2015\/07\/M-C-Las-Parejas-5.jpg 1600w\" sizes=\"auto, (max-width: 300px) 100vw, 300px\" \/><\/a>\u201cNuestro compromiso es continuar este modelo de protecci\u00f3n de la industria y el empleo\u201d<br \/>\n\u201cSeguimos apostando al trabajo y al desarrollo en toda la provincia de Santa Fe y tenemos el orgullo de observar y sentir que cada uno de los santafesinos con los que hablamos, tiene una f\u00e9rrea voluntad y convicci\u00f3n de continuar con este modelo de protecci\u00f3n de la industria nacional y del empleo\u201d, dijo ayer Marcos Cleri en el marco de una reuni\u00f3n con empresarios de todo el Departamento Belgrano realizado en la ciudad de Las Parejas y en el que estuvo acompa\u00f1ado por Intendente local y actual candidato al Parlasur Diego Mansilla, Marilin Sancun candidata a Senadora Nacional en la lista que encabeza Omar Perotti y el Intendente electo de esa localidad Horacio Compagnucci.<\/p>\n<p>\u201cLa vuelta al pasado es un riesgo que los industriales santafesinos quieren evitar y por eso escuchamos atentamente sus problem\u00e1ticas para poder planificar de manera conjunta la implementaci\u00f3n de las herramientas necesaria para seguir generando cada vez m\u00e1s empleo, crecimiento y desarrollo para la regi\u00f3n y tambi\u00e9n para toda la provincia\u201d, indic\u00f3 el legislador nacional y a\u00f1adi\u00f3: \u201cLas Parejas es una ciudad pionera y un pilar actual para el desarrollo industrial y por eso trabajamos d\u00eda a d\u00eda para profundizar y fortalecer el crecimiento productivo e industrial de las econom\u00edas regionales\u201d.<\/p>\n<p>El diputado nacional del bloque del Frente para la Victoria, tambi\u00e9n particip\u00f3 de un emotivo encuentro militante en la Unidad B\u00e1sica Eva Per\u00f3n de Las Parejas, en el que se record\u00f3 la figura de Heraldo \u201cBocha\u201d Mansilla. \u201cEl padre del actual intendente de esta ciudad fue un hombre que trabaj\u00f3 y abog\u00f3 siempre por la unidad del peronismo santafesino y cada uno de los parejenses lo recuerda con mucho cari\u00f1o\u201d, sostuvo Marcos Cleri. \u201cPor ese motivo y siguiendo su legado, nuestro compromiso es continuar profundizando el camino marcado en la \u00faltima d\u00e9cada por N\u00e9stor y Cristina Kirchner ahora con la f\u00f3rmula de Daniel Scioli y Carlos Zannini para generar la previsibilidad y la tranquilidad que hacen falta para que haya m\u00e1s crecimiento, m\u00e1s empleo, m\u00e1s inclusi\u00f3n\u201d, indic\u00f3 Marcos Cleri, primer candidato a diputado nacional por el Frente para la Victoria de la provincia de Santa Fe.<\/p>\n<p>\u201cPor eso con Omar Perotti para el Senado nacional, con Diego Mansilla para el Parlasur y con compa\u00f1eras y compa\u00f1eros que integramos la lista para diputados, nos propusimos y lo estamos logrando cotidianamente recuperar para el peronismo santafesino cada vez m\u00e1s protagonismo y una fuerte identificaci\u00f3n con estas pol\u00edticas p\u00fablicas iniciadas en el a\u00f1o 2003\u201d, concluy\u00f3 Marcos Cleri.<\/p>\n","protected":false},"excerpt":{"rendered":"<p>\u201cNuestro compromiso es continuar este modelo de protecci\u00f3n de la industria y el empleo\u201d \u201cSeguimos apostando al trabajo y al desarrollo en toda la provincia de Santa Fe y tenemos el orgullo de observar y sentir que cada uno de los santafesinos con los que hablamos, tiene una f\u00e9rrea voluntad y convicci\u00f3n de continuar con <a href=\"https:\/\/armstrongyregion.com.ar\/diario\/marcos-cleri-estuvo-en-las-parejas-reunido-con-empresarios-industriales-y-en-un-encuentro-con-la-militancia\/\" title=\"Read more\" >&#8230;<\/a><\/p>\n","protected":false},"author":2,"featured_media":3215,"comment_status":"open","ping_status":"open","sticky":false,"template":"","format":"standard","meta":{"_jetpack_memberships_contains_paid_content":false,"footnotes":"","jetpack_publicize_message":"","jetpack_publicize_feature_enabled":true,"jetpack_social_post_already_shared":false,"jetpack_social_options":{"image_generator_settings":{"template":"highway","default_image_id":0,"enabled":false},"version":2}},"categories":[1,2,3],"tags":[223,100,1184,15,63,961,2329,31,23,222,1492,24,2328,192,13],"class_list":["post-3214","post","type-post","status-publish","format-standard","has-post-thumbnail","hentry","category-diario-armstrong","category-locales","category-region","tag-cleri","tag-con","tag-empresarios","tag-en","tag-encuentro","tag-estuvo","tag-industriales","tag-la","tag-las","tag-marcos","tag-militancia","tag-parejas","tag-reunido","tag-un","tag-y"],"jetpack_publicize_connections":[],"jetpack_featured_media_url":"https:\/\/armstrongyregion.com.ar\/diario\/wp-content\/uploads\/2015\/07\/M-C-Las-Parejas-5.jpg","jetpack_shortlink":"https:\/\/wp.me\/p62QDO-PQ","jetpack_sharing_enabled":true,"amp_enabled":true,"_links":{"self":[{"href":"https:\/\/armstrongyregion.com.ar\/diario\/wp-json\/wp\/v2\/posts\/3214","targetHints":{"allow":["GET"]}}],"collection":[{"href":"https:\/\/armstrongyregion.com.ar\/diario\/wp-json\/wp\/v2\/posts"}],"about":[{"href":"https:\/\/armstrongyregion.com.ar\/diario\/wp-json\/wp\/v2\/types\/post"}],"author":[{"embeddable":true,"href":"https:\/\/armstrongyregion.com.ar\/diario\/wp-json\/wp\/v2\/users\/2"}],"replies":[{"embeddable":true,"href":"https:\/\/armstrongyregion.com.ar\/diario\/wp-json\/wp\/v2\/comments?post=3214"}],"version-history":[{"count":0,"href":"https:\/\/armstrongyregion.com.ar\/diario\/wp-json\/wp\/v2\/posts\/3214\/revisions"}],"wp:featuredmedia":[{"embeddable":true,"href":"https:\/\/armstrongyregion.com.ar\/diario\/wp-json\/wp\/v2\/media\/3215"}],"wp:attachment":[{"href":"https:\/\/armstrongyregion.com.ar\/diario\/wp-json\/wp\/v2\/media?parent=3214"}],"wp:term":[{"taxonomy":"category","embeddable":true,"href":"https:\/\/armstrongyregion.com.ar\/diario\/wp-json\/wp\/v2\/categories?post=3214"},{"taxonomy":"post_tag","embeddable":true,"href":"https:\/\/armstrongyregion.com.ar\/diario\/wp-json\/wp\/v2\/tags?post=3214"}],"curies":[{"name":"wp","href":"https:\/\/api.w.org\/{rel}","templated":true}]}}