{"id":32070,"date":"2021-10-19T21:16:39","date_gmt":"2021-10-19T21:16:39","guid":{"rendered":"https:\/\/armstrongyregion.com.ar\/diario\/?p=32070"},"modified":"2021-10-19T21:16:43","modified_gmt":"2021-10-19T21:16:43","slug":"armstrong-orden-del-dia-19-de-octubre-2021","status":"publish","type":"post","link":"https:\/\/armstrongyregion.com.ar\/diario\/armstrong-orden-del-dia-19-de-octubre-2021\/","title":{"rendered":"Armstrong. Orden del D\u00eda 19 de Octubre 2021."},"content":{"rendered":"\n<figure class=\"wp-block-image size-large\"><img loading=\"lazy\" decoding=\"async\" width=\"640\" height=\"480\" src=\"http:\/\/armstrongyregion.com.ar\/diario\/wp-content\/uploads\/2021\/09\/Concejo-Nuevo-Leilen.jpg\" alt=\"\" class=\"wp-image-31870\" srcset=\"https:\/\/armstrongyregion.com.ar\/diario\/wp-content\/uploads\/2021\/09\/Concejo-Nuevo-Leilen.jpg 640w, https:\/\/armstrongyregion.com.ar\/diario\/wp-content\/uploads\/2021\/09\/Concejo-Nuevo-Leilen-300x225.jpg 300w\" sizes=\"auto, (max-width: 640px) 100vw, 640px\" \/><\/figure>\n\n\n\n<p>\n<strong>1-\n <\/strong><strong>ACTA\nANTERIOR:<\/strong><\/p>\n\n\n\n<ul class=\"wp-block-list\"><li>ACTA\n\t SESI\u00d3N ORDINARIA N\u00ba 1065\n<\/li><\/ul>\n\n\n\n<p>\n<strong>2-\n <\/strong><strong>MENSAJES DEL\nD.E.:<\/strong><\/p>\n\n\n\n<p>\n<strong>3-\n <\/strong><strong>CORRESPONDENCIA:<\/strong>\n<\/p>\n\n\n\n<p>\n      1-\nVOCES FEMINISTAS ARMSTRONG: DECLARACI\u00d3N DE INTER\u00c9S MUNICIPAL A LAS\nJORNADAS DE CAPACITACI\u00d3N \u201cLA PERSPECTIVA DE G\u00c9NERO EN LOS MEDIOS\nDE COMUNICACI\u00d3N\u201d<\/p>\n\n\n\n<p>\n     2-\nPEDIDO DE VECINOS: RECLAMO SOBRE TERRENO BALD\u00cdO UBICADO EN CALLE\nPEDRO FERRERO AL 1200, QUE SE ENCUENTRA SIN MANTENIMIENTO POR PARTE\nDEL PROPIETARIO. \n<\/p>\n\n\n\n<p>\n<strong>4-\n <\/strong><strong>DICTAMENES\nDE COMISIONES:<\/strong>\n<\/p>\n\n\n\n<p>\n   A-\nCOMISI\u00d3N DE ECOLOG\u00cdA Y SANEAMIENTO AMBIENTAL: APROBACI\u00d3N DE LA\nREGULACI\u00d3N, CONTROL Y GESTI\u00d3N DE ACEITES VEGETALES Y GRASAS DE\nFRITURAS USADOS. \n<\/p>\n\n\n\n<p>\n<strong>5-\n <\/strong><strong>PROYECTOS DE\nCONCEJALES:<\/strong><\/p>\n\n\n\n<p>\n   <strong>A-\n<\/strong><strong>BLOQUE DE\nFRENTE PROGRESISTA, C\u00cdVICO Y SOCIAL:<\/strong>\n<\/p>\n\n\n\n<p>\n      1-\n ORD.: REGISTRO DE ACTIVIDAD COMERCIAL DE GAS LICUADO ENVASADO.<\/p>\n\n\n\n<p>\n   <strong>B-\n<\/strong><strong>BLOQUE DE\nRENOVACI\u00d3N POR ARMSTRONG:<\/strong>\n<\/p>\n\n\n\n<p>\n      2-\n M.C.: COLOCACI\u00d3N DE CONTENEDORES PARA LA DIVISI\u00d3N DE RESIDUOS EN\nBARRIO 160 VIVIENDAS.<\/p>\n\n\n\n<p>\n       3-\nM.C.: COLOCACI\u00d3N DE REDUCTORES DE VELOCIDAD EN CALLE SCHAER ENTRE\nSAN NICOL\u00c1S Y SAN LORENZO. \n<\/p>\n\n\n\n<p>\n    <strong>C-\n<\/strong><strong>BLOQUE\nJUSTICIALISTA:<\/strong>\n<\/p>\n\n\n\n<p>\n      4-\nM.C.: LIMPIEZA Y MANTENIMIENTO DEL CANAL DE BV. TORTUGAS ENTRE CALLE\nPARAN\u00c1 Y CAMINO N\u00ba 14. \n<\/p>\n\n\n\n<p>\n   <strong>D-\n<\/strong><strong>CONCEJO:<\/strong>\n<\/p>\n\n\n\n<p>\n INICIO\nA LAS 20:00 HORAS<\/p>\n","protected":false},"excerpt":{"rendered":"<p>1- ACTA ANTERIOR: ACTA SESI\u00d3N ORDINARIA N\u00ba 1065 2- MENSAJES DEL D.E.: 3- CORRESPONDENCIA: 1- VOCES FEMINISTAS ARMSTRONG: DECLARACI\u00d3N DE INTER\u00c9S MUNICIPAL A LAS JORNADAS DE CAPACITACI\u00d3N \u201cLA PERSPECTIVA DE G\u00c9NERO EN LOS MEDIOS DE COMUNICACI\u00d3N\u201d 2- PEDIDO DE VECINOS: RECLAMO SOBRE TERRENO BALD\u00cdO UBICADO EN CALLE PEDRO FERRERO AL 1200, QUE SE ENCUENTRA SIN <a href=\"https:\/\/armstrongyregion.com.ar\/diario\/armstrong-orden-del-dia-19-de-octubre-2021\/\" title=\"Read more\" >&#8230;<\/a><\/p>\n","protected":false},"author":1,"featured_media":31870,"comment_status":"open","ping_status":"open","sticky":false,"template":"","format":"image","meta":{"_jetpack_memberships_contains_paid_content":false,"footnotes":"","jetpack_publicize_message":"","jetpack_publicize_feature_enabled":true,"jetpack_social_post_already_shared":true,"jetpack_social_options":{"image_generator_settings":{"template":"highway","default_image_id":0,"enabled":false},"version":2}},"categories":[8,1,2,7],"tags":[],"class_list":["post-32070","post","type-post","status-publish","format-image","has-post-thumbnail","hentry","category-deliberando","category-diario-armstrong","category-locales","category-politica","post_format-post-format-image"],"jetpack_publicize_connections":[],"jetpack_featured_media_url":"https:\/\/armstrongyregion.com.ar\/diario\/wp-content\/uploads\/2021\/09\/Concejo-Nuevo-Leilen.jpg","jetpack_shortlink":"https:\/\/wp.me\/p62QDO-8lg","jetpack_sharing_enabled":true,"amp_enabled":true,"_links":{"self":[{"href":"https:\/\/armstrongyregion.com.ar\/diario\/wp-json\/wp\/v2\/posts\/32070","targetHints":{"allow":["GET"]}}],"collection":[{"href":"https:\/\/armstrongyregion.com.ar\/diario\/wp-json\/wp\/v2\/posts"}],"about":[{"href":"https:\/\/armstrongyregion.com.ar\/diario\/wp-json\/wp\/v2\/types\/post"}],"author":[{"embeddable":true,"href":"https:\/\/armstrongyregion.com.ar\/diario\/wp-json\/wp\/v2\/users\/1"}],"replies":[{"embeddable":true,"href":"https:\/\/armstrongyregion.com.ar\/diario\/wp-json\/wp\/v2\/comments?post=32070"}],"version-history":[{"count":1,"href":"https:\/\/armstrongyregion.com.ar\/diario\/wp-json\/wp\/v2\/posts\/32070\/revisions"}],"predecessor-version":[{"id":32071,"href":"https:\/\/armstrongyregion.com.ar\/diario\/wp-json\/wp\/v2\/posts\/32070\/revisions\/32071"}],"wp:featuredmedia":[{"embeddable":true,"href":"https:\/\/armstrongyregion.com.ar\/diario\/wp-json\/wp\/v2\/media\/31870"}],"wp:attachment":[{"href":"https:\/\/armstrongyregion.com.ar\/diario\/wp-json\/wp\/v2\/media?parent=32070"}],"wp:term":[{"taxonomy":"category","embeddable":true,"href":"https:\/\/armstrongyregion.com.ar\/diario\/wp-json\/wp\/v2\/categories?post=32070"},{"taxonomy":"post_tag","embeddable":true,"href":"https:\/\/armstrongyregion.com.ar\/diario\/wp-json\/wp\/v2\/tags?post=32070"}],"curies":[{"name":"wp","href":"https:\/\/api.w.org\/{rel}","templated":true}]}}