{"id":32054,"date":"2021-10-19T01:55:47","date_gmt":"2021-10-19T01:55:47","guid":{"rendered":"https:\/\/armstrongyregion.com.ar\/diario\/?p=32054"},"modified":"2021-10-19T02:03:54","modified_gmt":"2021-10-19T02:03:54","slug":"renovacion-por-armstrong-inauguro-su-sede-y-presento-lista-de-cara-a-las-elecciones-generales","status":"publish","type":"post","link":"https:\/\/armstrongyregion.com.ar\/diario\/renovacion-por-armstrong-inauguro-su-sede-y-presento-lista-de-cara-a-las-elecciones-generales\/","title":{"rendered":"Renovaci\u00f3n por Armstrong inaugur\u00f3 su sede y present\u00f3  su lista de cara a las elecciones generales."},"content":{"rendered":"\n<figure class=\"wp-block-image size-large\"><img loading=\"lazy\" decoding=\"async\" width=\"640\" height=\"480\" src=\"http:\/\/armstrongyregion.com.ar\/diario\/wp-content\/uploads\/2021\/10\/Emi-Gramigna-Lista-2-.jpg\" alt=\"\" class=\"wp-image-32055\" srcset=\"https:\/\/armstrongyregion.com.ar\/diario\/wp-content\/uploads\/2021\/10\/Emi-Gramigna-Lista-2-.jpg 640w, https:\/\/armstrongyregion.com.ar\/diario\/wp-content\/uploads\/2021\/10\/Emi-Gramigna-Lista-2--300x225.jpg 300w\" sizes=\"auto, (max-width: 640px) 100vw, 640px\" \/><\/figure>\n\n\n\n<p> En la tarde noche del domingo, Renovaci\u00f3n por Armstrong, inaugur\u00f3 su sede partidaria y present\u00f3  su lista para las elecciones generales a realizarse el pr\u00f3ximo 14 de Noviembre, conformada por Emiliano Gramigna como candidato a Intendente  y Jes\u00fas Urqu\u00eda, encabezando la lista de concejales.<\/p>\n\n\n\n<figure class=\"wp-block-image size-large\"><img loading=\"lazy\" decoding=\"async\" width=\"504\" height=\"245\" src=\"http:\/\/armstrongyregion.com.ar\/diario\/wp-content\/uploads\/2021\/10\/Roby-.jpg\" alt=\"\" class=\"wp-image-32058\" srcset=\"https:\/\/armstrongyregion.com.ar\/diario\/wp-content\/uploads\/2021\/10\/Roby-.jpg 504w, https:\/\/armstrongyregion.com.ar\/diario\/wp-content\/uploads\/2021\/10\/Roby--300x146.jpg 300w\" sizes=\"auto, (max-width: 504px) 100vw, 504px\" \/><\/figure>\n\n\n\n<p> En primera instancia dos fundadores de la vecinal, Dr. Roberto Gramigna y luego Dra. Adriana Tassone, dieron el puntapi\u00e9 inicial, reivindicando y elogiando la labor de quien es el candidato a intendente Emiliano Gramigna y dieron motivos por los que en los pr\u00f3ximos cuatro a\u00f1os deber\u00eda de llevar adelante los destinos de nuestra ciudad. Como as\u00ed tambi\u00e9n destacaron la figura de quien encabeza la lista de concejales Jes\u00fas Urqu\u00eda y de los j\u00f3venes que integran la lista.<\/p>\n\n\n\n<figure class=\"wp-block-image size-large\"><img loading=\"lazy\" decoding=\"async\" width=\"556\" height=\"442\" src=\"http:\/\/armstrongyregion.com.ar\/diario\/wp-content\/uploads\/2021\/10\/Emi-Gramigna-Lista-1-1.jpg\" alt=\"\" class=\"wp-image-32057\" srcset=\"https:\/\/armstrongyregion.com.ar\/diario\/wp-content\/uploads\/2021\/10\/Emi-Gramigna-Lista-1-1.jpg 556w, https:\/\/armstrongyregion.com.ar\/diario\/wp-content\/uploads\/2021\/10\/Emi-Gramigna-Lista-1-1-300x238.jpg 300w\" sizes=\"auto, (max-width: 556px) 100vw, 556px\" \/><\/figure>\n\n\n\n<p> Gramigna, en di\u00e1logo con los medios locales expres\u00f3: \u201cEstamos muy contentos porque aprovechamos a inaugurar nuestra sede partidaria, un lugar abierto a la comunidad, una sede social, donde podamos dictar cursos, capacitaciones, un lugar abierto a la comunidad donde los ciudadanos podr\u00e1n hacer cualquier reclamo o consulta\u201d.<\/p>\n\n\n\n<figure class=\"wp-block-image size-large\"><img loading=\"lazy\" decoding=\"async\" width=\"626\" height=\"485\" src=\"http:\/\/armstrongyregion.com.ar\/diario\/wp-content\/uploads\/2021\/10\/emi-lista-4-.jpg\" alt=\"\" class=\"wp-image-32059\" srcset=\"https:\/\/armstrongyregion.com.ar\/diario\/wp-content\/uploads\/2021\/10\/emi-lista-4-.jpg 626w, https:\/\/armstrongyregion.com.ar\/diario\/wp-content\/uploads\/2021\/10\/emi-lista-4--300x232.jpg 300w\" sizes=\"auto, (max-width: 626px) 100vw, 626px\" \/><\/figure>\n\n\n\n<p>\nEl candidato a\u00f1adi\u00f3; \u201cSi somos gobierno, desde nuestra agrupaci\u00f3n\nno queremos tumbar todo lo que esta hecho , sino queremos seguir\nconstruyendo sobre los cimientos que hoy tiene Armstrong, obviamente\nqueremos seguir trabajando con un sistema de seguridad, con un\nmonitoreo en vivo las 24hs, con una guardia urbana efectiva,\ncapacitada, el monitoreo hemos visto que no ha funcionado bien pero\nque hoy necesitamos que funcione para no solamente poder combatir\nsino prevenir el delito.  Tenemos que trabajar en la vivienda,\nentonces tenemos que gestionar desde el d\u00eda cero un plan de ciudad y\nque todos los armstronenses puedan tener su vivienda propia, hoy a\nese tema lo tienen relegado. Reci\u00e9n hablamos de la calificaci\u00f3n del\ntrabajo, donde tenemos la suerte de tener muchas empresas, muchos\ncomercios, es ah\u00ed donde nosotros tenemos que s\u00ed o s\u00ed ayudar a los\npeque\u00f1os comerciantes al que invierte y al que trabaja, tenemos que\ndarle la posibilidad por parte del estado de un acompa\u00f1amiento para\nque puedan seguir creciendo\u201d.<\/p>\n\n\n\n<p> Siguiendo la misma l\u00ednea de discurso con \u00e9nfasis expres\u00f3: \u201cEmiliano Gramigna quiere ser intendente porque hay una ciudad que podemos hacer mejor, y que hemos visto a lo largo de todo este tiempo que tenemos capacidad de gesti\u00f3n, tenemos seriedad en trabajo, habiendo gestionado el helic\u00f3ptero sanitario, la llegada del tren hasta la ciudad de Armstrong, mejorando el sistema de transporte con la gesti\u00f3n de nuevas frecuencias de colectivos, no solamente lo queremos nosotros, sino que lo escuchamos en la calle, y lo dicen los n\u00fameros que somos la opci\u00f3n mas competitiva de esta elecci\u00f3n\u201d.<\/p>\n\n\n\n<p> Jes\u00fas Urqu\u00eda dijo, \u201cPara mi es un placer nuevamente encabezar la lista de concejales, lo hicimos hace cuatro a\u00f1os atr\u00e1s, nos toco trabajar desde adentro del concejo, hemos aprendido mucho, hemos trabajado muy bien con los dem\u00e1s partidos, en su momento hab\u00edamos dicho, una vez que entrabamos al concejo, no habr\u00eda mas partido sino una sola camiseta y siempre es la camiseta de Armstrong\u201d.<\/p>\n\n\n\n<p> Urqu\u00eda finaliz\u00f3; \u201cYo creo que hasta el d\u00eda de hoy lo hemos demostrado y hoy vuelvo a encabezar una lista, pero la integra mucha gente buena, de trabajo, de diversas edades, eso es lo que nos ayuda a estar muy cerca de los ciudadanos, muy cerca de los clubes, y de las instituciones. Necesitamos un ejecutivo a tono del concejo necesitamos dar ese salto de calidad que seguramente Emiliano Gramigna puede darnos despu\u00e9s del 10 de diciembre\u201d. Finaliz\u00f3 el edil.<\/p>\n","protected":false},"excerpt":{"rendered":"<p>En la tarde noche del domingo, Renovaci\u00f3n por Armstrong, inaugur\u00f3 su sede partidaria y present\u00f3 su lista para las elecciones generales a realizarse el pr\u00f3ximo 14 de Noviembre, conformada por Emiliano Gramigna como candidato a Intendente y Jes\u00fas Urqu\u00eda, encabezando la lista de concejales. En primera instancia dos fundadores de la vecinal, Dr. Roberto Gramigna <a href=\"https:\/\/armstrongyregion.com.ar\/diario\/renovacion-por-armstrong-inauguro-su-sede-y-presento-lista-de-cara-a-las-elecciones-generales\/\" title=\"Read more\" >&#8230;<\/a><\/p>\n","protected":false},"author":1,"featured_media":0,"comment_status":"open","ping_status":"open","sticky":false,"template":"","format":"image","meta":{"_jetpack_memberships_contains_paid_content":false,"footnotes":"","jetpack_publicize_message":"","jetpack_publicize_feature_enabled":true,"jetpack_social_post_already_shared":true,"jetpack_social_options":{"image_generator_settings":{"template":"highway","default_image_id":0,"enabled":false},"version":2}},"categories":[8,1,2,7,3],"tags":[],"class_list":["post-32054","post","type-post","status-publish","format-image","hentry","category-deliberando","category-diario-armstrong","category-locales","category-politica","category-region","post_format-post-format-image"],"jetpack_publicize_connections":[],"jetpack_featured_media_url":"","jetpack_shortlink":"https:\/\/wp.me\/p62QDO-8l0","jetpack_sharing_enabled":true,"amp_enabled":true,"_links":{"self":[{"href":"https:\/\/armstrongyregion.com.ar\/diario\/wp-json\/wp\/v2\/posts\/32054","targetHints":{"allow":["GET"]}}],"collection":[{"href":"https:\/\/armstrongyregion.com.ar\/diario\/wp-json\/wp\/v2\/posts"}],"about":[{"href":"https:\/\/armstrongyregion.com.ar\/diario\/wp-json\/wp\/v2\/types\/post"}],"author":[{"embeddable":true,"href":"https:\/\/armstrongyregion.com.ar\/diario\/wp-json\/wp\/v2\/users\/1"}],"replies":[{"embeddable":true,"href":"https:\/\/armstrongyregion.com.ar\/diario\/wp-json\/wp\/v2\/comments?post=32054"}],"version-history":[{"count":2,"href":"https:\/\/armstrongyregion.com.ar\/diario\/wp-json\/wp\/v2\/posts\/32054\/revisions"}],"predecessor-version":[{"id":32061,"href":"https:\/\/armstrongyregion.com.ar\/diario\/wp-json\/wp\/v2\/posts\/32054\/revisions\/32061"}],"wp:attachment":[{"href":"https:\/\/armstrongyregion.com.ar\/diario\/wp-json\/wp\/v2\/media?parent=32054"}],"wp:term":[{"taxonomy":"category","embeddable":true,"href":"https:\/\/armstrongyregion.com.ar\/diario\/wp-json\/wp\/v2\/categories?post=32054"},{"taxonomy":"post_tag","embeddable":true,"href":"https:\/\/armstrongyregion.com.ar\/diario\/wp-json\/wp\/v2\/tags?post=32054"}],"curies":[{"name":"wp","href":"https:\/\/api.w.org\/{rel}","templated":true}]}}