{"id":32047,"date":"2021-10-18T21:29:08","date_gmt":"2021-10-18T21:29:08","guid":{"rendered":"https:\/\/armstrongyregion.com.ar\/diario\/?p=32047"},"modified":"2021-10-18T21:29:11","modified_gmt":"2021-10-18T21:29:11","slug":"se-tensa-el-conflicto-docente-amsafe-ratifico-el-paro-y-el-gobierno-asegura-que-no-mejorara-la-oferta","status":"publish","type":"post","link":"https:\/\/armstrongyregion.com.ar\/diario\/se-tensa-el-conflicto-docente-amsafe-ratifico-el-paro-y-el-gobierno-asegura-que-no-mejorara-la-oferta\/","title":{"rendered":"Se tensa el conflicto docente: Amsaf\u00e9 ratific\u00f3 el paro y el Gobierno asegura que no mejorar\u00e1 la oferta."},"content":{"rendered":"\n<figure class=\"wp-block-image size-large\"><img loading=\"lazy\" decoding=\"async\" width=\"400\" height=\"225\" src=\"http:\/\/armstrongyregion.com.ar\/diario\/wp-content\/uploads\/2021\/10\/paro_docente_2.jpg_1756841869.jpg\" alt=\"\" class=\"wp-image-32048\" srcset=\"https:\/\/armstrongyregion.com.ar\/diario\/wp-content\/uploads\/2021\/10\/paro_docente_2.jpg_1756841869.jpg 400w, https:\/\/armstrongyregion.com.ar\/diario\/wp-content\/uploads\/2021\/10\/paro_docente_2.jpg_1756841869-300x169.jpg 300w\" sizes=\"auto, (max-width: 400px) 100vw, 400px\" \/><\/figure>\n\n\n\n<h2 class=\"wp-block-heading\"> La ministra de Educaci\u00f3n de la provincia, Adriana Cantero, afirm\u00f3 que respetar\u00e1n el derecho a huelga. Pero dijo que \u201ceso no implica que pagar\u00e1n lo que no se trabaje\u201d <\/h2>\n\n\n\n<p> Tras el anuncio de<strong>\u00a0medida de fuerza por parte de los gremios docentes<\/strong>\u00a0para los d\u00edas mi\u00e9rcoles y jueves de esta semana, el Gobierno provincial ratific\u00f3 que el\u00a0<a rel=\"noreferrer noopener\" href=\"https:\/\/www.rosario3.com\/informaciongeneral\/Paro-docente-el-gobierno-provincial-le-puso-plazo-a-Amsafe-para-rever-su-postura-20211018-0019.html\" target=\"_blank\">mi\u00e9rcoles es el \u00faltimo plazo<\/a>\u00a0para activar las\u00a0<strong>liquidaciones de sueldos con aumento<\/strong>. Y que \u201csi en esa fecha no hay acuerdo, mucha gente no cobrar\u00e1 el incremento en octubre\u201d. <\/p>\n\n\n\n<p>En ese sentido, la&nbsp;<strong>ministra de Educaci\u00f3n de la provincia, Adriana Cantero<\/strong>, se\u00f1al\u00f3&nbsp;en di\u00e1logo con<em>La primera de la tarde<\/em>&nbsp;(Radio 2) que<strong>&nbsp;\u201csi bien el Gobierno respeta el derecho a huelga, porque es un derecho constitucional, eso no implica que se pagar\u00e1&nbsp;lo que no se trabaje\u201d.<\/strong><\/p>\n\n\n\n<p>La ministra apunt\u00f3 a los gremios y dijo: \u201cSe sentaron a la mesa de negociaci\u00f3n con una expectativa del 12% y 13% de incremento y se levantaron con la paritaria en 17%.&nbsp;<strong>\u00c9sta ha sido la mejor pol\u00edtica salarial en el pa\u00eds<\/strong>\u201d.<\/p>\n\n\n\n<p>Y adem\u00e1s, agreg\u00f3: \u201cCon un inmenso esfuerzo de la provincia se puso en marcha el\u00a0<strong>boleto gratuito, que es una mejora indirecta en el salario<\/strong>. El porcentaje de aumento es sobre el sueldo de febrero que suma un aumento en el a\u00f1o del\u00a0<strong>52,5%<\/strong>. Pocas paritarias en el pa\u00eds cerraron el a\u00f1o con ese monto\u201d, asever\u00f3, y tambi\u00e9n mencion\u00f3 en favor de la gesti\u00f3n que encabeza, la creaci\u00f3n de cargos y titularizaciones.<\/p>\n\n\n\n<p> En relaci\u00f3n con el\u00a0<strong>reclamo de Sadop<\/strong>\u00a0para que el 2% de incremento previsto para enero se cobre antes del 31 de diciembre, a fin de que entre en el aguinaldo, la ministra respondi\u00f3: \u201cNo lo estamos pensando as\u00ed, pero la conversaci\u00f3n no est\u00e1 cerrada con los sectores que aceptaron la propuesta y est\u00e1n prestando el servicio educativo. Ac\u00e1 la dificultad es que no se acepta la propuesta y se determinan tres d\u00edas de paro cuando la presencialidad ha sido tan dif\u00edcil de conseguir para todos\u201d. <\/p>\n\n\n\n<p> En cuanto al\u00a0<a rel=\"noreferrer noopener\" href=\"https:\/\/www.rosario3.com\/informaciongeneral\/Calendario-escolar-2022-el-Consejo-Federal-de-Educacion-plantea-mas-dias-priorizar-temas-y-recuperar-tiempos-20211018-0067.html\" target=\"_blank\">calendario 2022<\/a>, Cantero se\u00f1al\u00f3 que\u00a0<strong>Santa Fe respetar\u00e1 los 190 d\u00edas de clases\u00a0<\/strong>a los que apuesta el ministro de Educaci\u00f3n de la Naci\u00f3n, Jaime Perczyk, y a\u00f1adi\u00f3 que a la reuni\u00f3n del Consejo Federal del jueves la provincia llevar\u00e1 la propuesta de que\u00a0<strong>\u201cen febrero haya d\u00edas de cursada de apoyo a las trayectorias m\u00e1s fr\u00e1giles\u201d.<\/strong> <\/p>\n\n\n\n<p> \u201cEso lo tenemos que ensamblar con el comienzo del ciclo lectivo, y en el caso de los quintos a\u00f1os, con la fecha de comienzo de clases en las universidades, a fin de poder\u00a0<strong>articular ambos niveles educativos\u201d<\/strong>, explic\u00f3. <\/p>\n\n\n\n<p> Por \u00faltimo, la ministra destac\u00f3 la habilitaci\u00f3n de cinco aulas Eempa, en sectores vulnerables de distintos barrios de la ciudad, el convenio con la Unidad Penitencia N\u00famero 6, para facilitar el acceso a la educaci\u00f3n (llave estrat\u00e9gica de acceso al empleo) y las aulas m\u00f3viles extensibles para adultos, en sindicatos y organizaciones barriales, para que quienes lo deseen puedan acceder a la escuela secundaria. <\/p>\n\n\n\n<p>Fuente: Rosario3.com<\/p>\n","protected":false},"excerpt":{"rendered":"<p>La ministra de Educaci\u00f3n de la provincia, Adriana Cantero, afirm\u00f3 que respetar\u00e1n el derecho a huelga. Pero dijo que \u201ceso no implica que pagar\u00e1n lo que no se trabaje\u201d Tras el anuncio de\u00a0medida de fuerza por parte de los gremios docentes\u00a0para los d\u00edas mi\u00e9rcoles y jueves de esta semana, el Gobierno provincial ratific\u00f3 que el\u00a0mi\u00e9rcoles <a href=\"https:\/\/armstrongyregion.com.ar\/diario\/se-tensa-el-conflicto-docente-amsafe-ratifico-el-paro-y-el-gobierno-asegura-que-no-mejorara-la-oferta\/\" title=\"Read more\" >&#8230;<\/a><\/p>\n","protected":false},"author":1,"featured_media":32048,"comment_status":"open","ping_status":"open","sticky":false,"template":"","format":"image","meta":{"_jetpack_memberships_contains_paid_content":false,"footnotes":"","jetpack_publicize_message":"","jetpack_publicize_feature_enabled":true,"jetpack_social_post_already_shared":true,"jetpack_social_options":{"image_generator_settings":{"template":"highway","default_image_id":0,"enabled":false},"version":2}},"categories":[6,8,1,2,7,3],"tags":[],"class_list":["post-32047","post","type-post","status-publish","format-image","has-post-thumbnail","hentry","category-cultura-entretenimiento","category-deliberando","category-diario-armstrong","category-locales","category-politica","category-region","post_format-post-format-image"],"jetpack_publicize_connections":[],"jetpack_featured_media_url":"https:\/\/armstrongyregion.com.ar\/diario\/wp-content\/uploads\/2021\/10\/paro_docente_2.jpg_1756841869.jpg","jetpack_shortlink":"https:\/\/wp.me\/p62QDO-8kT","jetpack_sharing_enabled":true,"amp_enabled":true,"_links":{"self":[{"href":"https:\/\/armstrongyregion.com.ar\/diario\/wp-json\/wp\/v2\/posts\/32047","targetHints":{"allow":["GET"]}}],"collection":[{"href":"https:\/\/armstrongyregion.com.ar\/diario\/wp-json\/wp\/v2\/posts"}],"about":[{"href":"https:\/\/armstrongyregion.com.ar\/diario\/wp-json\/wp\/v2\/types\/post"}],"author":[{"embeddable":true,"href":"https:\/\/armstrongyregion.com.ar\/diario\/wp-json\/wp\/v2\/users\/1"}],"replies":[{"embeddable":true,"href":"https:\/\/armstrongyregion.com.ar\/diario\/wp-json\/wp\/v2\/comments?post=32047"}],"version-history":[{"count":1,"href":"https:\/\/armstrongyregion.com.ar\/diario\/wp-json\/wp\/v2\/posts\/32047\/revisions"}],"predecessor-version":[{"id":32049,"href":"https:\/\/armstrongyregion.com.ar\/diario\/wp-json\/wp\/v2\/posts\/32047\/revisions\/32049"}],"wp:featuredmedia":[{"embeddable":true,"href":"https:\/\/armstrongyregion.com.ar\/diario\/wp-json\/wp\/v2\/media\/32048"}],"wp:attachment":[{"href":"https:\/\/armstrongyregion.com.ar\/diario\/wp-json\/wp\/v2\/media?parent=32047"}],"wp:term":[{"taxonomy":"category","embeddable":true,"href":"https:\/\/armstrongyregion.com.ar\/diario\/wp-json\/wp\/v2\/categories?post=32047"},{"taxonomy":"post_tag","embeddable":true,"href":"https:\/\/armstrongyregion.com.ar\/diario\/wp-json\/wp\/v2\/tags?post=32047"}],"curies":[{"name":"wp","href":"https:\/\/api.w.org\/{rel}","templated":true}]}}