{"id":32044,"date":"2021-10-18T02:16:22","date_gmt":"2021-10-18T02:16:22","guid":{"rendered":"https:\/\/armstrongyregion.com.ar\/diario\/?p=32044"},"modified":"2021-10-18T02:16:24","modified_gmt":"2021-10-18T02:16:24","slug":"hipoacusia-prevencion-y-tratamientos-por-lic-maricel-di-battista","status":"publish","type":"post","link":"https:\/\/armstrongyregion.com.ar\/diario\/hipoacusia-prevencion-y-tratamientos-por-lic-maricel-di-battista\/","title":{"rendered":"\u201cHipoacusia, prevenci\u00f3n y tratamientos\u201d. Por Lic. Maricel Di Battista.\u00a0"},"content":{"rendered":"\n<figure class=\"wp-block-image size-large\"><img loading=\"lazy\" decoding=\"async\" width=\"536\" height=\"394\" src=\"http:\/\/armstrongyregion.com.ar\/diario\/wp-content\/uploads\/2021\/10\/Maricel-Di-Battista-.jpg\" alt=\"\" class=\"wp-image-32045\" srcset=\"https:\/\/armstrongyregion.com.ar\/diario\/wp-content\/uploads\/2021\/10\/Maricel-Di-Battista-.jpg 536w, https:\/\/armstrongyregion.com.ar\/diario\/wp-content\/uploads\/2021\/10\/Maricel-Di-Battista--300x221.jpg 300w\" sizes=\"auto, (max-width: 536px) 100vw, 536px\" \/><\/figure>\n\n\n\n<h2 class=\"wp-block-heading\">\nLa\npresbiacusia o p\u00e9rdida auditiva asociada a la edad tiene una mayor\nincidencia a partir de los 60 a\u00f1os y si no se trata correctamente\npuede provocar un mayor aislamiento social, generando un impacto en\nel bienestar f\u00edsico y emocional de las personas que la sufren.<\/h2>\n\n\n\n<p> La p\u00e9rdida auditiva afecta a una de cada 3 personas mayores de 60 a\u00f1os en el mundo, seg\u00fan datos de la Organizaci\u00f3n Mundial de la Salud (OMS), y tal y como se\u00f1ala\u00a0<strong> la Lic. en Fonoaudiolog\u00eda y Audioprotesista  Maricel Di Battista  \u201c<\/strong><em> las personas con hipoacusia no tratada presentan\u00a0<\/em><strong>cuadros de ansiedad y agotamiento<\/strong><em>, as\u00ed como dificultad para las relaciones sociales. Es muy importante corregir la p\u00e9rdida auditiva lo antes posible con un tratamiento con aud\u00edfonos y una atenci\u00f3n profesional\u00bb.<\/em><\/p>\n\n\n\n<p> <em>La\u00a0<\/em><strong>p\u00e9rdida auditiva\u00a0<\/strong><em>aparece de forma progresiva y cuando los dem\u00e1s empiezan a darse cuenta y la persona acepta ese d\u00e9ficit, aparece tristeza y aislamiento. \u00abSe pueden detectar problemas de audici\u00f3n cuando se observa que la persona deja de hacer actividades en grupo, de participar en conversaciones, cambia su estado de \u00e1nimo o prefiere no salir de casa\u00bb Nos informaba Di Battista.<\/em><\/p>\n\n\n\n<p>La invitada del programa de hoy, tambi\u00e9n brindar\u00e1 herramientas de prevenci\u00f3n y nos contara sobre el avance en calidad y modelos de aud\u00edfonos que se adaptan a personas de diversa franja et\u00e1rea, y diferentes caracter\u00edsticas.<\/p>\n\n\n\n<p>Fuente; Programa Tv. Prevenci\u00f3n y Salud.<\/p>\n\n\n\n<p> <strong> Lic. en Fonoaudiolog\u00eda y Audioprotesista  Maricel Di Battista <\/strong> <\/p>\n\n\n\n<p>Lunes 18 de Octubre a las 13,30hs. Por Cable Imagen Armstrong.<\/p>\n\n\n\n<p>Reiteraci\u00f3n Jueves 20hs y S\u00e1bados 12,30hs.<\/p>\n","protected":false},"excerpt":{"rendered":"<p>La presbiacusia o p\u00e9rdida auditiva asociada a la edad tiene una mayor incidencia a partir de los 60 a\u00f1os y si no se trata correctamente puede provocar un mayor aislamiento social, generando un impacto en el bienestar f\u00edsico y emocional de las personas que la sufren. La p\u00e9rdida auditiva afecta a una de cada 3 <a href=\"https:\/\/armstrongyregion.com.ar\/diario\/hipoacusia-prevencion-y-tratamientos-por-lic-maricel-di-battista\/\" title=\"Read more\" >&#8230;<\/a><\/p>\n","protected":false},"author":1,"featured_media":32045,"comment_status":"open","ping_status":"open","sticky":false,"template":"","format":"image","meta":{"_jetpack_memberships_contains_paid_content":false,"footnotes":"","jetpack_publicize_message":"","jetpack_publicize_feature_enabled":true,"jetpack_social_post_already_shared":true,"jetpack_social_options":{"image_generator_settings":{"template":"highway","default_image_id":0,"enabled":false},"version":2}},"categories":[8,1,2,4,3],"tags":[],"class_list":["post-32044","post","type-post","status-publish","format-image","has-post-thumbnail","hentry","category-deliberando","category-diario-armstrong","category-locales","category-prevencion-salud","category-region","post_format-post-format-image"],"jetpack_publicize_connections":[],"jetpack_featured_media_url":"https:\/\/armstrongyregion.com.ar\/diario\/wp-content\/uploads\/2021\/10\/Maricel-Di-Battista-.jpg","jetpack_shortlink":"https:\/\/wp.me\/p62QDO-8kQ","jetpack_sharing_enabled":true,"amp_enabled":true,"_links":{"self":[{"href":"https:\/\/armstrongyregion.com.ar\/diario\/wp-json\/wp\/v2\/posts\/32044","targetHints":{"allow":["GET"]}}],"collection":[{"href":"https:\/\/armstrongyregion.com.ar\/diario\/wp-json\/wp\/v2\/posts"}],"about":[{"href":"https:\/\/armstrongyregion.com.ar\/diario\/wp-json\/wp\/v2\/types\/post"}],"author":[{"embeddable":true,"href":"https:\/\/armstrongyregion.com.ar\/diario\/wp-json\/wp\/v2\/users\/1"}],"replies":[{"embeddable":true,"href":"https:\/\/armstrongyregion.com.ar\/diario\/wp-json\/wp\/v2\/comments?post=32044"}],"version-history":[{"count":1,"href":"https:\/\/armstrongyregion.com.ar\/diario\/wp-json\/wp\/v2\/posts\/32044\/revisions"}],"predecessor-version":[{"id":32046,"href":"https:\/\/armstrongyregion.com.ar\/diario\/wp-json\/wp\/v2\/posts\/32044\/revisions\/32046"}],"wp:featuredmedia":[{"embeddable":true,"href":"https:\/\/armstrongyregion.com.ar\/diario\/wp-json\/wp\/v2\/media\/32045"}],"wp:attachment":[{"href":"https:\/\/armstrongyregion.com.ar\/diario\/wp-json\/wp\/v2\/media?parent=32044"}],"wp:term":[{"taxonomy":"category","embeddable":true,"href":"https:\/\/armstrongyregion.com.ar\/diario\/wp-json\/wp\/v2\/categories?post=32044"},{"taxonomy":"post_tag","embeddable":true,"href":"https:\/\/armstrongyregion.com.ar\/diario\/wp-json\/wp\/v2\/tags?post=32044"}],"curies":[{"name":"wp","href":"https:\/\/api.w.org\/{rel}","templated":true}]}}