{"id":32040,"date":"2021-10-17T19:06:18","date_gmt":"2021-10-17T19:06:18","guid":{"rendered":"https:\/\/armstrongyregion.com.ar\/diario\/?p=32040"},"modified":"2021-10-17T19:06:21","modified_gmt":"2021-10-17T19:06:21","slug":"nueva-iluminacion-en-bv-14-de-diciembre-hasta-calle-la-plata","status":"publish","type":"post","link":"https:\/\/armstrongyregion.com.ar\/diario\/nueva-iluminacion-en-bv-14-de-diciembre-hasta-calle-la-plata\/","title":{"rendered":"Nueva iluminaci\u00f3n en Bv. 14 de diciembre hasta calle La Plata."},"content":{"rendered":"\n<figure class=\"wp-block-image size-large\"><img loading=\"lazy\" decoding=\"async\" width=\"400\" height=\"267\" src=\"http:\/\/armstrongyregion.com.ar\/diario\/wp-content\/uploads\/2021\/10\/calle-14-de-diciembre-1-.jpg\" alt=\"\" class=\"wp-image-32041\" srcset=\"https:\/\/armstrongyregion.com.ar\/diario\/wp-content\/uploads\/2021\/10\/calle-14-de-diciembre-1-.jpg 400w, https:\/\/armstrongyregion.com.ar\/diario\/wp-content\/uploads\/2021\/10\/calle-14-de-diciembre-1--300x200.jpg 300w\" sizes=\"auto, (max-width: 400px) 100vw, 400px\" \/><\/figure>\n\n\n\n<p>\nEn\nla tarde noche del viernes \u00faltimo, se\nconcret\u00f3 la renovaci\u00f3n de la iluminaci\u00f3n del Bv. 14 de Diciembre\nentre Fischer y La Plata.<\/p>\n\n\n\n<figure class=\"wp-block-image size-large\"><img loading=\"lazy\" decoding=\"async\" width=\"800\" height=\"534\" src=\"http:\/\/armstrongyregion.com.ar\/diario\/wp-content\/uploads\/2021\/10\/14-de-diciembre-2-.jpg\" alt=\"\" class=\"wp-image-32042\" srcset=\"https:\/\/armstrongyregion.com.ar\/diario\/wp-content\/uploads\/2021\/10\/14-de-diciembre-2-.jpg 800w, https:\/\/armstrongyregion.com.ar\/diario\/wp-content\/uploads\/2021\/10\/14-de-diciembre-2--300x200.jpg 300w, https:\/\/armstrongyregion.com.ar\/diario\/wp-content\/uploads\/2021\/10\/14-de-diciembre-2--768x513.jpg 768w\" sizes=\"auto, (max-width: 800px) 100vw, 800px\" \/><\/figure>\n\n\n\n<p> <br> En la oportunidad, el intendente local Dr. Pablo Verdecchia, acompa\u00f1ado por el Gerente de la Cooperativa de Obras y Servicios P\u00fablicos Ing. Ricardo Airasca, funcionarios p\u00fablicos, concejales Alejandro Pertusati y Carlos Cuffia expres\u00f3: \u201cEs muy grato ver c\u00f3mo ha quedado la obra, con una iluminaci\u00f3n extraordinaria ya que este Boulevard  es parte de la identidad de nuestra ciudad porque lleva en su nombre la fecha de fundaci\u00f3n de <a href=\"https:\/\/www.facebook.com\/hashtag\/armstrong?__eep__=6&amp;__cft__[0]=AZUMMCVFsIlipfDcyAI9LF9-OxVchr92nbSiaA4_qnhAvF2sWt0_UR25ei2d1W68VLqX_KwhiZnrS_OW875uNkCNtHrmcRmsKdlhNHS6FzhX70MwQxgN7PPNJasZ0I_UcN4WmweYhrzaAISV7IIKxVHF&amp;__tn__=*NK-R\">Armstrong<\/a> y hoy se enaltece con esta nueva iluminaci\u00f3n\u201d.<\/p>\n\n\n\n<p> Verdecchia continu\u00f3: \u201cLa concreci\u00f3n de la misma es el esfuerzo de todo un equipo de trabajo para poder finalizarla, y que hoy podamos disfrutar entre todos esta tarde noche es fundamental. Estas luminarias le dan un realce est\u00e9tico pero tambi\u00e9n es seguridad, recreaci\u00f3n,  para que lo disfrute la familia, los j\u00f3venes y chicos, estamos muy contentos por culminar este nuevo desaf\u00edo y continuamos con este proyecto que es muy ambicioso junto con la cooperativa.  Estamos diagramando un programa que llevara estas luminarias led a todas las arterias importantes de la ciudad\u201d.<\/p>\n\n\n\n<p>\nEste\nmedio consult\u00f3 por las calles del barrio sur, donde los vecinos\nest\u00e1n\nsolicitando luminarias, a lo que el intendente respondi\u00f3: \u201cDe\nvarias calles como Democracia, Ant\u00e1rtida Argentina entre otras nos\nhan solicitado luminarias, que se concretar\u00e1n conjuntamente con las\nobras de cord\u00f3n cuneta. Esto ya esta diagramado y en agenda;  nos\nhemos reunido con vecinos de los distintos barrios y poder trabajar\njunto a ellos, para nosotros es muy importante\u201d.<\/p>\n","protected":false},"excerpt":{"rendered":"<p>En la tarde noche del viernes \u00faltimo, se concret\u00f3 la renovaci\u00f3n de la iluminaci\u00f3n del Bv. 14 de Diciembre entre Fischer y La Plata. En la oportunidad, el intendente local Dr. Pablo Verdecchia, acompa\u00f1ado por el Gerente de la Cooperativa de Obras y Servicios P\u00fablicos Ing. Ricardo Airasca, funcionarios p\u00fablicos, concejales Alejandro Pertusati y Carlos <a href=\"https:\/\/armstrongyregion.com.ar\/diario\/nueva-iluminacion-en-bv-14-de-diciembre-hasta-calle-la-plata\/\" title=\"Read more\" >&#8230;<\/a><\/p>\n","protected":false},"author":1,"featured_media":32041,"comment_status":"open","ping_status":"open","sticky":false,"template":"","format":"image","meta":{"_jetpack_memberships_contains_paid_content":false,"footnotes":"","jetpack_publicize_message":"","jetpack_publicize_feature_enabled":true,"jetpack_social_post_already_shared":true,"jetpack_social_options":{"image_generator_settings":{"template":"highway","default_image_id":0,"enabled":false},"version":2}},"categories":[8,1,2,7],"tags":[],"class_list":["post-32040","post","type-post","status-publish","format-image","has-post-thumbnail","hentry","category-deliberando","category-diario-armstrong","category-locales","category-politica","post_format-post-format-image"],"jetpack_publicize_connections":[],"jetpack_featured_media_url":"https:\/\/armstrongyregion.com.ar\/diario\/wp-content\/uploads\/2021\/10\/calle-14-de-diciembre-1-.jpg","jetpack_shortlink":"https:\/\/wp.me\/p62QDO-8kM","jetpack_sharing_enabled":true,"amp_enabled":true,"_links":{"self":[{"href":"https:\/\/armstrongyregion.com.ar\/diario\/wp-json\/wp\/v2\/posts\/32040","targetHints":{"allow":["GET"]}}],"collection":[{"href":"https:\/\/armstrongyregion.com.ar\/diario\/wp-json\/wp\/v2\/posts"}],"about":[{"href":"https:\/\/armstrongyregion.com.ar\/diario\/wp-json\/wp\/v2\/types\/post"}],"author":[{"embeddable":true,"href":"https:\/\/armstrongyregion.com.ar\/diario\/wp-json\/wp\/v2\/users\/1"}],"replies":[{"embeddable":true,"href":"https:\/\/armstrongyregion.com.ar\/diario\/wp-json\/wp\/v2\/comments?post=32040"}],"version-history":[{"count":1,"href":"https:\/\/armstrongyregion.com.ar\/diario\/wp-json\/wp\/v2\/posts\/32040\/revisions"}],"predecessor-version":[{"id":32043,"href":"https:\/\/armstrongyregion.com.ar\/diario\/wp-json\/wp\/v2\/posts\/32040\/revisions\/32043"}],"wp:featuredmedia":[{"embeddable":true,"href":"https:\/\/armstrongyregion.com.ar\/diario\/wp-json\/wp\/v2\/media\/32041"}],"wp:attachment":[{"href":"https:\/\/armstrongyregion.com.ar\/diario\/wp-json\/wp\/v2\/media?parent=32040"}],"wp:term":[{"taxonomy":"category","embeddable":true,"href":"https:\/\/armstrongyregion.com.ar\/diario\/wp-json\/wp\/v2\/categories?post=32040"},{"taxonomy":"post_tag","embeddable":true,"href":"https:\/\/armstrongyregion.com.ar\/diario\/wp-json\/wp\/v2\/tags?post=32040"}],"curies":[{"name":"wp","href":"https:\/\/api.w.org\/{rel}","templated":true}]}}