{"id":32029,"date":"2021-10-15T21:38:31","date_gmt":"2021-10-15T21:38:31","guid":{"rendered":"https:\/\/armstrongyregion.com.ar\/diario\/?p=32029"},"modified":"2021-10-15T21:38:34","modified_gmt":"2021-10-15T21:38:34","slug":"el-senador-cornaglia-busca-que-el-plan-incluir-sea-equitativo-para-todos-los-municipios-y-comunas","status":"publish","type":"post","link":"https:\/\/armstrongyregion.com.ar\/diario\/el-senador-cornaglia-busca-que-el-plan-incluir-sea-equitativo-para-todos-los-municipios-y-comunas\/","title":{"rendered":"El Senador Cornaglia busca que el plan Incluir sea equitativo para todos los municipios y comunas."},"content":{"rendered":"\n<figure class=\"wp-block-image size-large\"><img loading=\"lazy\" decoding=\"async\" width=\"452\" height=\"270\" src=\"http:\/\/armstrongyregion.com.ar\/diario\/wp-content\/uploads\/2021\/10\/GC-2021-10-15-Fb-Plan-Incluir.jpg\" alt=\"\" class=\"wp-image-32030\" srcset=\"https:\/\/armstrongyregion.com.ar\/diario\/wp-content\/uploads\/2021\/10\/GC-2021-10-15-Fb-Plan-Incluir.jpg 452w, https:\/\/armstrongyregion.com.ar\/diario\/wp-content\/uploads\/2021\/10\/GC-2021-10-15-Fb-Plan-Incluir-300x179.jpg 300w\" sizes=\"auto, (max-width: 452px) 100vw, 452px\" \/><\/figure>\n\n\n\n<h2 class=\"wp-block-heading\"><strong>El legislador por el departamento Belgrano sostuvo que debe darse al Plan INCLUIR un marco legal que evite todo tipo de arbitrariedades y discriminaciones.<\/strong><\/h2>\n\n\n\n<p>\n\nEl senador provincial Guillermo Cornaglia vot\u00f3 favorablemente una nueva preferencia para que el Plan INCLUIR est\u00e9 contenido en una Ley con el prop\u00f3sito que sus objetivos puedan cumplirse de manera equitativa y sostenida a lo largo del tiempo y, de tal modo, asegurar todas y cada una de sus finalidades. As\u00ed, el proyecto obtuvo una preferencia de tratamiento para el 21 de octubre o, en su defecto, durante el mes de noviembre despu\u00e9s de las Elecciones Generales.<br><em>\u201cPresentamos este proyecto de Ley con la finalidad de darle al Plan INCLUIR un marco legal claro, acorde a la magnitud de sus objetivos, sostenido en principios de equilibrio y equidad que eviten todo tipo de arbitrariedades y discriminaciones\u201d<\/em>, manifest\u00f3 Cornaglia, y explic\u00f3 que la normativa se elabor\u00f3 tomando como referencia la Ley de Obras Menores, aquella por la cual se cre\u00f3 en su momento el Plan ABRE y el Decreto referido al Plan INCLUIR.<br>Los senadores del Nuevo Espacio Santafesino instaron durante el a\u00f1o pasado al Poder Ejecutivo provincial a enviar a la Legislatura un proyecto de ley que contenga los preceptos del nuevo Plan INCLUIR, el cual ya contaba adem\u00e1s con su respectiva partida en el Presupuesto Provincial 2021. Sin embargo, el Gobierno de Santa Fe puso en marcha este a\u00f1o el Programa Incluir sin haber enviado hasta el momento un Proyecto de Ley a la Legislatura, lo que ha generado reclamos de presidentes comunales e intendentes por falta de equidad observada en la gran disparidad en los montos asignados.<br><em>\u201cEste proyecto incluye la constituci\u00f3n de un fondo determinado y espec\u00edfico que deber\u00e1 calcularse anualmente, lo que asegura su importancia de manera obligatoria y permanente que no genera un nuevo gasto sin contrapartida, ya que se parte del monto concreto ya asignado, evitando cualquier tipo de arbitrariedad o discriminaci\u00f3n\u201d<\/em>, a\u00f1adi\u00f3 el legislador por el departamento Belgrano.\n\n<\/p>\n","protected":false},"excerpt":{"rendered":"<p>El legislador por el departamento Belgrano sostuvo que debe darse al Plan INCLUIR un marco legal que evite todo tipo de arbitrariedades y discriminaciones. El senador provincial Guillermo Cornaglia vot\u00f3 favorablemente una nueva preferencia para que el Plan INCLUIR est\u00e9 contenido en una Ley con el prop\u00f3sito que sus objetivos puedan cumplirse de manera equitativa <a href=\"https:\/\/armstrongyregion.com.ar\/diario\/el-senador-cornaglia-busca-que-el-plan-incluir-sea-equitativo-para-todos-los-municipios-y-comunas\/\" title=\"Read more\" >&#8230;<\/a><\/p>\n","protected":false},"author":1,"featured_media":32030,"comment_status":"open","ping_status":"open","sticky":false,"template":"","format":"image","meta":{"_jetpack_memberships_contains_paid_content":false,"footnotes":"","jetpack_publicize_message":"","jetpack_publicize_feature_enabled":true,"jetpack_social_post_already_shared":true,"jetpack_social_options":{"image_generator_settings":{"template":"highway","default_image_id":0,"enabled":false},"version":2}},"categories":[8,1,2,7,3],"tags":[],"class_list":["post-32029","post","type-post","status-publish","format-image","has-post-thumbnail","hentry","category-deliberando","category-diario-armstrong","category-locales","category-politica","category-region","post_format-post-format-image"],"jetpack_publicize_connections":[],"jetpack_featured_media_url":"https:\/\/armstrongyregion.com.ar\/diario\/wp-content\/uploads\/2021\/10\/GC-2021-10-15-Fb-Plan-Incluir.jpg","jetpack_shortlink":"https:\/\/wp.me\/p62QDO-8kB","jetpack_sharing_enabled":true,"amp_enabled":true,"_links":{"self":[{"href":"https:\/\/armstrongyregion.com.ar\/diario\/wp-json\/wp\/v2\/posts\/32029","targetHints":{"allow":["GET"]}}],"collection":[{"href":"https:\/\/armstrongyregion.com.ar\/diario\/wp-json\/wp\/v2\/posts"}],"about":[{"href":"https:\/\/armstrongyregion.com.ar\/diario\/wp-json\/wp\/v2\/types\/post"}],"author":[{"embeddable":true,"href":"https:\/\/armstrongyregion.com.ar\/diario\/wp-json\/wp\/v2\/users\/1"}],"replies":[{"embeddable":true,"href":"https:\/\/armstrongyregion.com.ar\/diario\/wp-json\/wp\/v2\/comments?post=32029"}],"version-history":[{"count":1,"href":"https:\/\/armstrongyregion.com.ar\/diario\/wp-json\/wp\/v2\/posts\/32029\/revisions"}],"predecessor-version":[{"id":32031,"href":"https:\/\/armstrongyregion.com.ar\/diario\/wp-json\/wp\/v2\/posts\/32029\/revisions\/32031"}],"wp:featuredmedia":[{"embeddable":true,"href":"https:\/\/armstrongyregion.com.ar\/diario\/wp-json\/wp\/v2\/media\/32030"}],"wp:attachment":[{"href":"https:\/\/armstrongyregion.com.ar\/diario\/wp-json\/wp\/v2\/media?parent=32029"}],"wp:term":[{"taxonomy":"category","embeddable":true,"href":"https:\/\/armstrongyregion.com.ar\/diario\/wp-json\/wp\/v2\/categories?post=32029"},{"taxonomy":"post_tag","embeddable":true,"href":"https:\/\/armstrongyregion.com.ar\/diario\/wp-json\/wp\/v2\/tags?post=32029"}],"curies":[{"name":"wp","href":"https:\/\/api.w.org\/{rel}","templated":true}]}}