{"id":32022,"date":"2021-10-14T23:42:55","date_gmt":"2021-10-14T23:42:55","guid":{"rendered":"https:\/\/armstrongyregion.com.ar\/diario\/?p=32022"},"modified":"2021-10-14T23:42:58","modified_gmt":"2021-10-14T23:42:58","slug":"armstrong-esclarecen-el-robo-a-la-escuela-n-33-y-n51-y-recuperaron-lo-sustraido","status":"publish","type":"post","link":"https:\/\/armstrongyregion.com.ar\/diario\/armstrong-esclarecen-el-robo-a-la-escuela-n-33-y-n51-y-recuperaron-lo-sustraido\/","title":{"rendered":"Armstrong. Esclarecen el robo a la Escuela N\u00b0 33 y N\u00b051  y recuperaron lo sustra\u00eddo."},"content":{"rendered":"\n<figure class=\"wp-block-image size-large\"><img loading=\"lazy\" decoding=\"async\" width=\"640\" height=\"397\" src=\"http:\/\/armstrongyregion.com.ar\/diario\/wp-content\/uploads\/2021\/10\/menores-de-espalda-.jpg\" alt=\"\" class=\"wp-image-32023\" srcset=\"https:\/\/armstrongyregion.com.ar\/diario\/wp-content\/uploads\/2021\/10\/menores-de-espalda-.jpg 640w, https:\/\/armstrongyregion.com.ar\/diario\/wp-content\/uploads\/2021\/10\/menores-de-espalda--300x186.jpg 300w\" sizes=\"auto, (max-width: 640px) 100vw, 640px\" \/><\/figure>\n\n\n\n<h2 class=\"wp-block-heading\"> Actu\u00f3 personal de Comisar\u00eda 3\u00aa al mando su titular, Comisario Moreno. <\/h2>\n\n\n\n<figure class=\"wp-block-image size-large\"><img loading=\"lazy\" decoding=\"async\" width=\"400\" height=\"300\" src=\"http:\/\/armstrongyregion.com.ar\/diario\/wp-content\/uploads\/2021\/10\/Elementos-robados-.jpg\" alt=\"\" class=\"wp-image-32024\" srcset=\"https:\/\/armstrongyregion.com.ar\/diario\/wp-content\/uploads\/2021\/10\/Elementos-robados-.jpg 400w, https:\/\/armstrongyregion.com.ar\/diario\/wp-content\/uploads\/2021\/10\/Elementos-robados--300x225.jpg 300w\" sizes=\"auto, (max-width: 400px) 100vw, 400px\" \/><\/figure>\n\n\n\n<p>En el d\u00eda de la fecha, en horas de la madrugada, la Escuela N\u00b0 33 y N\u00b0 51 de la ciudad de Armstrong, fue v\u00edctima de un hecho de robo y da\u00f1os, por lo que personal policial de Comisar\u00eda 3\u00aa, comandados por su titular el Comisario Moreno, tras informaciones de investigaciones realizadas logr\u00f3 determinar que en una finca situada en adyacencias de\u00a0calles Lugones y Cuffia, se encontrar\u00edan, seg\u00fan la jerga policial \u201caguantados\u201d los elementos sustra\u00eddos de los  establecimientos educativos.<\/p>\n\n\n\n<p>El personal de seccional 3\u00aa mont\u00f3 entonces una guardia disimulada en la zona y en horas del mediod\u00eda, observa una transacci\u00f3n entre dos &nbsp;personas de sexo masculino en el frente de la finca vigilada. Al intentar ser identificados uno se da a la fuga, pero se detiene al mayor de ellos, el que ten\u00eda en su poder una computadora notebook de color dorado, de similares caracter\u00edsticas a la sustra\u00edda en la escuela robada.<\/p>\n\n\n\n<p>Se irrumpe en dicho domicilio con presencia de testigos, donde se secuestran dos parlantes, tres monitores, una guitarra, un horno el\u00e9ctrico y una pava el\u00e9ctrica \u00a0siendo estos \u00a0los sustra\u00eddos en las instituciones educativas.<\/p>\n\n\n\n<p>Posteriormente en sede policial se fueron presentando los autores del il\u00edcito. Los menores de edad junto a sus progenitores. Por el presente hecho se detuvo dos mayores de 21 y 22 a\u00f1os respectivamente \u00a0y tres menores de 16 a\u00f1os, todos vecinos de la ciudad de Armstrong. Fueron puestos\u00a0 a disposici\u00f3n de la justicia de menores y de la Fiscal\u00eda de Ca\u00f1ada de G\u00f3mez.<\/p>\n\n\n\n<p>Unidad Regional III.<\/p>\n","protected":false},"excerpt":{"rendered":"<p>Actu\u00f3 personal de Comisar\u00eda 3\u00aa al mando su titular, Comisario Moreno. En el d\u00eda de la fecha, en horas de la madrugada, la Escuela N\u00b0 33 y N\u00b0 51 de la ciudad de Armstrong, fue v\u00edctima de un hecho de robo y da\u00f1os, por lo que personal policial de Comisar\u00eda 3\u00aa, comandados por su titular <a href=\"https:\/\/armstrongyregion.com.ar\/diario\/armstrong-esclarecen-el-robo-a-la-escuela-n-33-y-n51-y-recuperaron-lo-sustraido\/\" title=\"Read more\" >&#8230;<\/a><\/p>\n","protected":false},"author":1,"featured_media":32023,"comment_status":"open","ping_status":"open","sticky":false,"template":"","format":"image","meta":{"_jetpack_memberships_contains_paid_content":false,"footnotes":"","jetpack_publicize_message":"","jetpack_publicize_feature_enabled":true,"jetpack_social_post_already_shared":true,"jetpack_social_options":{"image_generator_settings":{"template":"highway","default_image_id":0,"enabled":false},"version":2}},"categories":[8,1,2,2852,3],"tags":[],"class_list":["post-32022","post","type-post","status-publish","format-image","has-post-thumbnail","hentry","category-deliberando","category-diario-armstrong","category-locales","category-policiales","category-region","post_format-post-format-image"],"jetpack_publicize_connections":[],"jetpack_featured_media_url":"https:\/\/armstrongyregion.com.ar\/diario\/wp-content\/uploads\/2021\/10\/menores-de-espalda-.jpg","jetpack_shortlink":"https:\/\/wp.me\/p62QDO-8ku","jetpack_sharing_enabled":true,"amp_enabled":true,"_links":{"self":[{"href":"https:\/\/armstrongyregion.com.ar\/diario\/wp-json\/wp\/v2\/posts\/32022","targetHints":{"allow":["GET"]}}],"collection":[{"href":"https:\/\/armstrongyregion.com.ar\/diario\/wp-json\/wp\/v2\/posts"}],"about":[{"href":"https:\/\/armstrongyregion.com.ar\/diario\/wp-json\/wp\/v2\/types\/post"}],"author":[{"embeddable":true,"href":"https:\/\/armstrongyregion.com.ar\/diario\/wp-json\/wp\/v2\/users\/1"}],"replies":[{"embeddable":true,"href":"https:\/\/armstrongyregion.com.ar\/diario\/wp-json\/wp\/v2\/comments?post=32022"}],"version-history":[{"count":1,"href":"https:\/\/armstrongyregion.com.ar\/diario\/wp-json\/wp\/v2\/posts\/32022\/revisions"}],"predecessor-version":[{"id":32025,"href":"https:\/\/armstrongyregion.com.ar\/diario\/wp-json\/wp\/v2\/posts\/32022\/revisions\/32025"}],"wp:featuredmedia":[{"embeddable":true,"href":"https:\/\/armstrongyregion.com.ar\/diario\/wp-json\/wp\/v2\/media\/32023"}],"wp:attachment":[{"href":"https:\/\/armstrongyregion.com.ar\/diario\/wp-json\/wp\/v2\/media?parent=32022"}],"wp:term":[{"taxonomy":"category","embeddable":true,"href":"https:\/\/armstrongyregion.com.ar\/diario\/wp-json\/wp\/v2\/categories?post=32022"},{"taxonomy":"post_tag","embeddable":true,"href":"https:\/\/armstrongyregion.com.ar\/diario\/wp-json\/wp\/v2\/tags?post=32022"}],"curies":[{"name":"wp","href":"https:\/\/api.w.org\/{rel}","templated":true}]}}