{"id":32017,"date":"2021-10-14T16:15:14","date_gmt":"2021-10-14T16:15:14","guid":{"rendered":"https:\/\/armstrongyregion.com.ar\/diario\/?p=32017"},"modified":"2021-10-14T16:15:16","modified_gmt":"2021-10-14T16:15:16","slug":"el-concejal-gramigna-opino-sobre-la-inauguracion-del-centro-de-monitoreo-en-vivo","status":"publish","type":"post","link":"https:\/\/armstrongyregion.com.ar\/diario\/el-concejal-gramigna-opino-sobre-la-inauguracion-del-centro-de-monitoreo-en-vivo\/","title":{"rendered":"El concejal Gramigna opin\u00f3 sobre la inauguraci\u00f3n del Centro de Monitoreo en vivo."},"content":{"rendered":"\n<figure class=\"wp-block-image size-large\"><img loading=\"lazy\" decoding=\"async\" width=\"960\" height=\"466\" src=\"http:\/\/armstrongyregion.com.ar\/diario\/wp-content\/uploads\/2020\/06\/Emiliano-Gramigna-mayo-2020.jpg\" alt=\"\" class=\"wp-image-25930\" srcset=\"https:\/\/armstrongyregion.com.ar\/diario\/wp-content\/uploads\/2020\/06\/Emiliano-Gramigna-mayo-2020.jpg 960w, https:\/\/armstrongyregion.com.ar\/diario\/wp-content\/uploads\/2020\/06\/Emiliano-Gramigna-mayo-2020-300x146.jpg 300w, https:\/\/armstrongyregion.com.ar\/diario\/wp-content\/uploads\/2020\/06\/Emiliano-Gramigna-mayo-2020-768x373.jpg 768w\" sizes=\"auto, (max-width: 960px) 100vw, 960px\" \/><\/figure>\n\n\n\n<p> \u201cVemos que es una cuesti\u00f3n de campa\u00f1a pol\u00edtica. Es algo que no se hizo durante 9 a\u00f1os y se est\u00e1 haciendo a ultimo momento\u201d coment\u00f3 el concejal Emiliano Gramigna (RPA), respecto a la inauguraci\u00f3n realizada en el d\u00eda de ayer del Centro de Monitoreo en vivo.<\/p>\n\n\n\n<p> Adem\u00e1s, Gramigna expres\u00f3 \u201cParec\u00eda un acto partidario, algo que fue criticado por Pablo (Verdecchia) hoy hicieron exactamente lo mismo. Y como defensores del proyecto, me hubiese gustado asistir y conocer los pormenores\u201d. <\/p>\n\n\n\n<figure class=\"wp-block-embed-youtube wp-block-embed is-type-video is-provider-youtube wp-embed-aspect-4-3 wp-has-aspect-ratio\"><div class=\"wp-block-embed__wrapper\">\n<iframe loading=\"lazy\" title=\"Concejo: el concejal Gramigna opin\u00f3 sobre la inauguraci\u00f3n del Centro de Monitoreo en vivo\" width=\"800\" height=\"600\" src=\"https:\/\/www.youtube.com\/embed\/ZNbweXA_N2U?feature=oembed\" frameborder=\"0\" allow=\"accelerometer; autoplay; clipboard-write; encrypted-media; gyroscope; picture-in-picture\" allowfullscreen><\/iframe>\n<\/div><\/figure>\n\n\n\n<p>Fuente: Cable Imagen Armstrong.<\/p>\n","protected":false},"excerpt":{"rendered":"<p>\u201cVemos que es una cuesti\u00f3n de campa\u00f1a pol\u00edtica. Es algo que no se hizo durante 9 a\u00f1os y se est\u00e1 haciendo a ultimo momento\u201d coment\u00f3 el concejal Emiliano Gramigna (RPA), respecto a la inauguraci\u00f3n realizada en el d\u00eda de ayer del Centro de Monitoreo en vivo. Adem\u00e1s, Gramigna expres\u00f3 \u201cParec\u00eda un acto partidario, algo que <a href=\"https:\/\/armstrongyregion.com.ar\/diario\/el-concejal-gramigna-opino-sobre-la-inauguracion-del-centro-de-monitoreo-en-vivo\/\" title=\"Read more\" >&#8230;<\/a><\/p>\n","protected":false},"author":1,"featured_media":25930,"comment_status":"open","ping_status":"open","sticky":false,"template":"","format":"image","meta":{"_jetpack_memberships_contains_paid_content":false,"footnotes":"","jetpack_publicize_message":"","jetpack_publicize_feature_enabled":true,"jetpack_social_post_already_shared":true,"jetpack_social_options":{"image_generator_settings":{"template":"highway","default_image_id":0,"enabled":false},"version":2}},"categories":[8,1,2,7,3],"tags":[],"class_list":["post-32017","post","type-post","status-publish","format-image","has-post-thumbnail","hentry","category-deliberando","category-diario-armstrong","category-locales","category-politica","category-region","post_format-post-format-image"],"jetpack_publicize_connections":[],"jetpack_featured_media_url":"https:\/\/armstrongyregion.com.ar\/diario\/wp-content\/uploads\/2020\/06\/Emiliano-Gramigna-mayo-2020.jpg","jetpack_shortlink":"https:\/\/wp.me\/p62QDO-8kp","jetpack_sharing_enabled":true,"amp_enabled":true,"_links":{"self":[{"href":"https:\/\/armstrongyregion.com.ar\/diario\/wp-json\/wp\/v2\/posts\/32017","targetHints":{"allow":["GET"]}}],"collection":[{"href":"https:\/\/armstrongyregion.com.ar\/diario\/wp-json\/wp\/v2\/posts"}],"about":[{"href":"https:\/\/armstrongyregion.com.ar\/diario\/wp-json\/wp\/v2\/types\/post"}],"author":[{"embeddable":true,"href":"https:\/\/armstrongyregion.com.ar\/diario\/wp-json\/wp\/v2\/users\/1"}],"replies":[{"embeddable":true,"href":"https:\/\/armstrongyregion.com.ar\/diario\/wp-json\/wp\/v2\/comments?post=32017"}],"version-history":[{"count":1,"href":"https:\/\/armstrongyregion.com.ar\/diario\/wp-json\/wp\/v2\/posts\/32017\/revisions"}],"predecessor-version":[{"id":32018,"href":"https:\/\/armstrongyregion.com.ar\/diario\/wp-json\/wp\/v2\/posts\/32017\/revisions\/32018"}],"wp:featuredmedia":[{"embeddable":true,"href":"https:\/\/armstrongyregion.com.ar\/diario\/wp-json\/wp\/v2\/media\/25930"}],"wp:attachment":[{"href":"https:\/\/armstrongyregion.com.ar\/diario\/wp-json\/wp\/v2\/media?parent=32017"}],"wp:term":[{"taxonomy":"category","embeddable":true,"href":"https:\/\/armstrongyregion.com.ar\/diario\/wp-json\/wp\/v2\/categories?post=32017"},{"taxonomy":"post_tag","embeddable":true,"href":"https:\/\/armstrongyregion.com.ar\/diario\/wp-json\/wp\/v2\/tags?post=32017"}],"curies":[{"name":"wp","href":"https:\/\/api.w.org\/{rel}","templated":true}]}}