{"id":31993,"date":"2021-10-13T14:33:39","date_gmt":"2021-10-13T14:33:39","guid":{"rendered":"https:\/\/armstrongyregion.com.ar\/diario\/?p=31993"},"modified":"2021-10-13T14:33:42","modified_gmt":"2021-10-13T14:33:42","slug":"tercer-seminario-de-educacion-emocional-artistica","status":"publish","type":"post","link":"https:\/\/armstrongyregion.com.ar\/diario\/tercer-seminario-de-educacion-emocional-artistica\/","title":{"rendered":"Tercer seminario de Educaci\u00f3n Emocional Art\u00edstica."},"content":{"rendered":"\n<figure class=\"wp-block-image size-large\"><img loading=\"lazy\" decoding=\"async\" width=\"450\" height=\"800\" src=\"http:\/\/armstrongyregion.com.ar\/diario\/wp-content\/uploads\/2021\/10\/Seminario-3-.jpg\" alt=\"\" class=\"wp-image-31994\" srcset=\"https:\/\/armstrongyregion.com.ar\/diario\/wp-content\/uploads\/2021\/10\/Seminario-3-.jpg 450w, https:\/\/armstrongyregion.com.ar\/diario\/wp-content\/uploads\/2021\/10\/Seminario-3--169x300.jpg 169w\" sizes=\"auto, (max-width: 450px) 100vw, 450px\" \/><\/figure>\n\n\n\n<p>\nLa Municipalidad de Armstrong invita a participar del tercer\nencuentro de los seminarios destinados a padres, educadores,\nterapeutas y cualquier persona que tenga contacto con ni\u00f1os sobre\neducaci\u00f3n emocional art\u00edstica, a cargo de la psicoterapeuta Mar\u00eda\nBel\u00e9n Cerfoglio.<\/p>\n\n\n\n<p>Ser\u00e1 el s\u00e1bado 16 de octubre, de\n10:30 a 14:30 hs. en el sal\u00f3n auditorio Delmo Dar\u00f3. En este caso el\nt\u00edtulo de la jornada es \u201cEducaci\u00f3n Emocional desde la primera\ninfancia\u201d, y se trabajar\u00e1 sobre estos temas: Bases del\naprendizaje, Neuroeducaci\u00f3n, Patrones de apego, Adulto como sost\u00e9n\nemocional, La autoestima positiva, Sanaci\u00f3n del \u201cNi\u00f1o Interior\u201d.<\/p>\n\n\n\n<p>No son correlativos, mas si se\nasiste a todos se obtendr\u00e1 el certificado de Facilitador\/a en\nEducaci\u00f3n Emocional Art\u00edstica.<\/p>\n\n\n\n<p>Informes e inscripci\u00f3n en el\ntel\u00e9fono 341-6367582. Cupos limitados.<\/p>\n","protected":false},"excerpt":{"rendered":"<p>La Municipalidad de Armstrong invita a participar del tercer encuentro de los seminarios destinados a padres, educadores, terapeutas y cualquier persona que tenga contacto con ni\u00f1os sobre educaci\u00f3n emocional art\u00edstica, a cargo de la psicoterapeuta Mar\u00eda Bel\u00e9n Cerfoglio. Ser\u00e1 el s\u00e1bado 16 de octubre, de 10:30 a 14:30 hs. en el sal\u00f3n auditorio Delmo Dar\u00f3. <a href=\"https:\/\/armstrongyregion.com.ar\/diario\/tercer-seminario-de-educacion-emocional-artistica\/\" title=\"Read more\" >&#8230;<\/a><\/p>\n","protected":false},"author":1,"featured_media":31994,"comment_status":"open","ping_status":"open","sticky":false,"template":"","format":"image","meta":{"_jetpack_memberships_contains_paid_content":false,"footnotes":"","jetpack_publicize_message":"","jetpack_publicize_feature_enabled":true,"jetpack_social_post_already_shared":true,"jetpack_social_options":{"image_generator_settings":{"template":"highway","default_image_id":0,"enabled":false},"version":2}},"categories":[8,1,2,7,3],"tags":[],"class_list":["post-31993","post","type-post","status-publish","format-image","has-post-thumbnail","hentry","category-deliberando","category-diario-armstrong","category-locales","category-politica","category-region","post_format-post-format-image"],"jetpack_publicize_connections":[],"jetpack_featured_media_url":"https:\/\/armstrongyregion.com.ar\/diario\/wp-content\/uploads\/2021\/10\/Seminario-3-.jpg","jetpack_shortlink":"https:\/\/wp.me\/p62QDO-8k1","jetpack_sharing_enabled":true,"amp_enabled":true,"_links":{"self":[{"href":"https:\/\/armstrongyregion.com.ar\/diario\/wp-json\/wp\/v2\/posts\/31993","targetHints":{"allow":["GET"]}}],"collection":[{"href":"https:\/\/armstrongyregion.com.ar\/diario\/wp-json\/wp\/v2\/posts"}],"about":[{"href":"https:\/\/armstrongyregion.com.ar\/diario\/wp-json\/wp\/v2\/types\/post"}],"author":[{"embeddable":true,"href":"https:\/\/armstrongyregion.com.ar\/diario\/wp-json\/wp\/v2\/users\/1"}],"replies":[{"embeddable":true,"href":"https:\/\/armstrongyregion.com.ar\/diario\/wp-json\/wp\/v2\/comments?post=31993"}],"version-history":[{"count":1,"href":"https:\/\/armstrongyregion.com.ar\/diario\/wp-json\/wp\/v2\/posts\/31993\/revisions"}],"predecessor-version":[{"id":31995,"href":"https:\/\/armstrongyregion.com.ar\/diario\/wp-json\/wp\/v2\/posts\/31993\/revisions\/31995"}],"wp:featuredmedia":[{"embeddable":true,"href":"https:\/\/armstrongyregion.com.ar\/diario\/wp-json\/wp\/v2\/media\/31994"}],"wp:attachment":[{"href":"https:\/\/armstrongyregion.com.ar\/diario\/wp-json\/wp\/v2\/media?parent=31993"}],"wp:term":[{"taxonomy":"category","embeddable":true,"href":"https:\/\/armstrongyregion.com.ar\/diario\/wp-json\/wp\/v2\/categories?post=31993"},{"taxonomy":"post_tag","embeddable":true,"href":"https:\/\/armstrongyregion.com.ar\/diario\/wp-json\/wp\/v2\/tags?post=31993"}],"curies":[{"name":"wp","href":"https:\/\/api.w.org\/{rel}","templated":true}]}}