{"id":31988,"date":"2021-10-13T02:16:10","date_gmt":"2021-10-13T02:16:10","guid":{"rendered":"https:\/\/armstrongyregion.com.ar\/diario\/?p=31988"},"modified":"2021-10-13T02:16:14","modified_gmt":"2021-10-13T02:16:14","slug":"coronavirus-la-provincia-inicio-la-vacunacion-a-menores-de-3-a-11-anos","status":"publish","type":"post","link":"https:\/\/armstrongyregion.com.ar\/diario\/coronavirus-la-provincia-inicio-la-vacunacion-a-menores-de-3-a-11-anos\/","title":{"rendered":"Coronavirus: La provincia inici\u00f3 la vacunaci\u00f3n a menores de 3 a 11 a\u00f1os."},"content":{"rendered":"\n<figure class=\"wp-block-image size-large\"><img loading=\"lazy\" decoding=\"async\" width=\"440\" height=\"334\" src=\"http:\/\/armstrongyregion.com.ar\/diario\/wp-content\/uploads\/2021\/10\/vacunas-ni\u00f1os-.jpg\" alt=\"\" class=\"wp-image-31989\" srcset=\"https:\/\/armstrongyregion.com.ar\/diario\/wp-content\/uploads\/2021\/10\/vacunas-ni\u00f1os-.jpg 440w, https:\/\/armstrongyregion.com.ar\/diario\/wp-content\/uploads\/2021\/10\/vacunas-ni\u00f1os--300x228.jpg 300w\" sizes=\"auto, (max-width: 440px) 100vw, 440px\" \/><\/figure>\n\n\n\n<h2 class=\"wp-block-heading\"> Se comenz\u00f3 por los inscriptos con factores de riesgo y en el transcurso de la semana se avanzar\u00e1 sobre todo el grupo etario. \u201cLa provincia estar\u00eda esta semana en el 60 por ciento de esquemas completos\u201d, afirm\u00f3 la ministra de Salud, Sonia Martorano. <\/h2>\n\n\n\n<p>\n\nLa provincia de Santa Fe, a trav\u00e9s del Ministerio de Salud, dio inicio este martes al proceso de vacunaci\u00f3n para ni\u00f1os y ni\u00f1as de entre 3 a 11 a\u00f1os.<\/p>\n\n\n\n<p>En ese marco, la titular de la cartera sanitaria, Sonia Martorano estuvo presente en el Hospital de ni\u00f1os Zona Norte de la ciudad de Rosario donde afirm\u00f3: \u201cTenemos un universo de m\u00e1s de 400 mil ni\u00f1os y ni\u00f1as y el 30 por ciento ya manifest\u00f3 su voluntad de inocularse. Hoy se vacunan ni\u00f1os y ni\u00f1as con factores de riesgo de 3 a 11 a\u00f1os en la ciudad de Rosario, Santa Fe y el resto de la provincia. Hay mucha adhesi\u00f3n y si bien se realiza esta primera jornada en este hospital y en el Alassia de la ciudad de Santa Fe, posteriormente se ir\u00e1 abriendo al territorio\u201d.<\/p>\n\n\n\n<p>Del mismo modo, en la capital de la provincia, el Hospital de ni\u00f1os Dr. Orlando Alassia fue escenario de la primera jornada de inoculaci\u00f3n a este grupo etario. All\u00ed, el secretario de Salud, Jorge Prieto sostuvo que \u201cla adhesi\u00f3n y el acompa\u00f1amiento que estamos teniendo por parte de los padres, madres o del entorno familiar a cargo es muy importante, por lo que les agradecemos; y los estimulamos a que sigan inscribi\u00e9ndolos\u201d.<\/p>\n\n\n\n<p>Cabe se\u00f1alar que de la primera jornada de vacunaci\u00f3n a los ni\u00f1os y ni\u00f1as, participaron adem\u00e1s el presidente de la Sociedad Argentina de Pediatr\u00eda, Omar Tabacco; junto a integrantes de la Sociedad Rosarina, Norma Vand\u00edn, Juan Pablo Destefanis: la Jefa de Inmunizaciones de la provincia, Soledad Guerrero; y la directora del Hospital de Ni\u00f1os Zona Norte, M\u00f3nica Jurado; el director del Hospital del Ni\u00f1os Orlando Alassia, Osvaldo Gonz\u00e1lez Carrillo y Pablo Ledesma, subdirector del efector.<\/p>\n\n\n\n<p><strong>APOYO ENF\u00c1TICO DE LA SOCIEDAD DE PEDIATR\u00cdA<\/strong><br>Desde la Sociedad Argentina de Pediatr\u00eda, Omar Tabacco, tambi\u00e9n se refiri\u00f3 a esta nueva etapa de inoculaci\u00f3n: \u201cNos reunimos el lunes de la semana pasada y la informaci\u00f3n que recibimos que es un estudio puente, como una fase tres, supervisada por el ANMAT, con tan buenos resultados que a\u00fan antes de publicar esos estudios se vieron en la necesidad de autorizarlo con los resultados que iban teniendo. Nosotros, acompa\u00f1ados por los expertos en vacunaci\u00f3n y esa informaci\u00f3n estamos m\u00e1s tranquilos para ser enf\u00e1ticos con las familias de nuestros pacientes\u201d.<\/p>\n\n\n\n<p>\u201cPor ello -agreg\u00f3- sacamos otro comunicado explicando que es importante que se vacunen los chicos de 3 a 11 a\u00f1os ya que una potencial tercera ola ser\u00eda muy diferente con los chicos vacunados que no vacunados y para fortalecer la presencialidad escolar. Si bien generamos un aula segura, tener a la mayor cantidad de personas que transitan la escuela inoculados, l\u00f3gicamente es una protecci\u00f3n mayor y es por ello que apoyamos enf\u00e1ticamente esta etapa en la cual se vacuna con Sinopharm a los chicos de 3 a 11 a\u00f1os\u201d.<\/p>\n\n\n\n<p><strong>60% DE INSCRIPTOS VACUNADOS CON ESQUEMAS COMPLETOS<\/strong><br>En el mismo marco, Martorano destac\u00f3 que \u201cen este Plan Nacional de Vacunaci\u00f3n, la provincia estar\u00eda esta semana en el 60 por ciento de esquemas completos, es decir que sobre los 3 millones y medio de personas hoy tenemos 2 millones 50 mil personas con las dos dosis; mientras que esta tarde comenzamos a colocar la Sputnik 2 (con una nueva partida que ingres\u00f3 a la provincia), continuamos con Pfizer para adolescentes de 11 a 17 a\u00f1os\u201d.<\/p>\n\n\n\n<p>Del mismo modo, la titular de la cartera sanitaria destac\u00f3 la nueva estrategia de vacunaci\u00f3n y afirm\u00f3: \u201cDesde esta semana est\u00e1 disponible la vacunaci\u00f3n libre, es decir, que como turnamos a todos los inscriptos mayores de 18 a\u00f1os, hoy qui\u00e9n no se haya vacunado se presenta en nuestros vacunatorios para que se apliquen la primera dosis, sin turno previo\u201d.<\/p>\n\n\n\n<p>Por \u00faltimo, la ministra de Salud realiz\u00f3 un balance de lo ocurrido en la fecha de hoy relacionado con el Covid en la provincia y anunci\u00f3 que \u201chay casos de Delta en la provincia, no todos son casos relacionados o con antecedente de viaje, a\u00fan as\u00ed, cuentan con una evoluci\u00f3n buena. Hoy no hay en la provincia internados en terapia intensiva por Covid ni en el sector p\u00fablico ni en el privado; esto que es una buena noticia nos tiene que despertar todas las alarmas para continuar con los cuidados, porque cada vez estamos m\u00e1s cerca de completar las inmunizaciones con esquemas completos\u201d, concluy\u00f3.<\/p>\n","protected":false},"excerpt":{"rendered":"<p>Se comenz\u00f3 por los inscriptos con factores de riesgo y en el transcurso de la semana se avanzar\u00e1 sobre todo el grupo etario. \u201cLa provincia estar\u00eda esta semana en el 60 por ciento de esquemas completos\u201d, afirm\u00f3 la ministra de Salud, Sonia Martorano. La provincia de Santa Fe, a trav\u00e9s del Ministerio de Salud, dio <a href=\"https:\/\/armstrongyregion.com.ar\/diario\/coronavirus-la-provincia-inicio-la-vacunacion-a-menores-de-3-a-11-anos\/\" title=\"Read more\" >&#8230;<\/a><\/p>\n","protected":false},"author":1,"featured_media":31989,"comment_status":"open","ping_status":"open","sticky":false,"template":"","format":"image","meta":{"_jetpack_memberships_contains_paid_content":false,"footnotes":"","jetpack_publicize_message":"","jetpack_publicize_feature_enabled":true,"jetpack_social_post_already_shared":true,"jetpack_social_options":{"image_generator_settings":{"template":"highway","default_image_id":0,"enabled":false},"version":2}},"categories":[8,1,2,7,3],"tags":[],"class_list":["post-31988","post","type-post","status-publish","format-image","has-post-thumbnail","hentry","category-deliberando","category-diario-armstrong","category-locales","category-politica","category-region","post_format-post-format-image"],"jetpack_publicize_connections":[],"jetpack_featured_media_url":"https:\/\/armstrongyregion.com.ar\/diario\/wp-content\/uploads\/2021\/10\/vacunas-ni\u00f1os-.jpg","jetpack_shortlink":"https:\/\/wp.me\/p62QDO-8jW","jetpack_sharing_enabled":true,"amp_enabled":true,"_links":{"self":[{"href":"https:\/\/armstrongyregion.com.ar\/diario\/wp-json\/wp\/v2\/posts\/31988","targetHints":{"allow":["GET"]}}],"collection":[{"href":"https:\/\/armstrongyregion.com.ar\/diario\/wp-json\/wp\/v2\/posts"}],"about":[{"href":"https:\/\/armstrongyregion.com.ar\/diario\/wp-json\/wp\/v2\/types\/post"}],"author":[{"embeddable":true,"href":"https:\/\/armstrongyregion.com.ar\/diario\/wp-json\/wp\/v2\/users\/1"}],"replies":[{"embeddable":true,"href":"https:\/\/armstrongyregion.com.ar\/diario\/wp-json\/wp\/v2\/comments?post=31988"}],"version-history":[{"count":1,"href":"https:\/\/armstrongyregion.com.ar\/diario\/wp-json\/wp\/v2\/posts\/31988\/revisions"}],"predecessor-version":[{"id":31990,"href":"https:\/\/armstrongyregion.com.ar\/diario\/wp-json\/wp\/v2\/posts\/31988\/revisions\/31990"}],"wp:featuredmedia":[{"embeddable":true,"href":"https:\/\/armstrongyregion.com.ar\/diario\/wp-json\/wp\/v2\/media\/31989"}],"wp:attachment":[{"href":"https:\/\/armstrongyregion.com.ar\/diario\/wp-json\/wp\/v2\/media?parent=31988"}],"wp:term":[{"taxonomy":"category","embeddable":true,"href":"https:\/\/armstrongyregion.com.ar\/diario\/wp-json\/wp\/v2\/categories?post=31988"},{"taxonomy":"post_tag","embeddable":true,"href":"https:\/\/armstrongyregion.com.ar\/diario\/wp-json\/wp\/v2\/tags?post=31988"}],"curies":[{"name":"wp","href":"https:\/\/api.w.org\/{rel}","templated":true}]}}